{"id":7672,"date":"2011-05-05T11:57:18","date_gmt":"2011-05-05T09:57:18","guid":{"rendered":"http:\/\/revistacultura.ro\/nou\/?p=7672"},"modified":"2011-05-05T11:59:02","modified_gmt":"2011-05-05T09:59:02","slug":"1-mai-date-biografice","status":"publish","type":"post","link":"https:\/\/revistacultura.ro\/nou\/1-mai-date-biografice\/","title":{"rendered":"1 Mai. Date biografice"},"content":{"rendered":"<p><em><strong>Ziua de 1 Mai s-a nascut \u00een 1889, sub Turnul Eiffel, \u00een cadrul Expozitiei Universale de la Paris. Ea comemora o revolta din Chicago, desfasurata cu trei ani \u00eenainte, pe 4 mai, \u00een urma careia au murit mai multi politisti, victime ale unor bombe artizanale. Atunci, \u00een 1886, revolta a fost urmata de prima greva de mari proportii, c\u00e2nd sute de oameni au sustinut cauza programului de lucru de 8 ore la o singura slujba, av\u00e2nd sa deschida calea pentru 1, 2 sau 3 extrajoburi. <\/strong><\/em><br \/>\nDupa ce la Paris s-a luat decizia ca 1 Mai sa fie declarata Ziua Internationala a Contractului de Munca, ea a fost prima data aniversata \u00een 1890, cu demonstratii de culturism din partea sindicatelor din Europa, America si America Latina. Politia a participat si ea, strabunii testoaselor ninja \u00eempartind, dar mai ales primind, bastoane prin diferite colturi ale batr\u00e2nului continent si \u00een anumite regiuni ale spinarii. T\u00e2nara sarbatoare a fost cur\u00e2nd confiscata de partidele rosii, uniunile muncitoresti din SUA dezic\u00e2ndu-se de ea si primind la schimb, din partea guvernului, sarbatoare de gratar pe data de 1 Septembrie, declarata \u00een State Ziua Muncii.<br \/>\nLa \u00eenceputul verii sau la sf\u00e2rsitul ei? Grava dilema pentru muncitorii pusi sa aleaga o zi libera si care le-ar fi dorit pe am\u00e2ndoua. Guvernele din Europa i-au ajutat \u00eensa sa se hotarasca deciz\u00e2nd ca va fi sarbatorita ca Zi a Muncii ori 1 Mai, ori Pastele Cailor. Dupa ce data sarbatorii a iesit de sub dilema, mai ram\u00e2nea un singur lucru de facut: ca aceleasi guverne sa o confiste si sa faca ceva propaganda cu sarbatoarea nou-nascuta si apoi t\u00e2nar-adolescenta.<br \/>\nSarbatoarea a avut o pubertate t\u00e2rzie, abia \u00een anii &#8217;20-&#8217;30, dar una extrem de tulburata. Numeroasele aventuri, si cu nazistii, si cu bolsevicii, aveau sa \u00eei afecteze viata. Nazistii si-au facut mendrele cu ea, schimb\u00e2ndu-i chiar si numele, pretinz\u00e2nd ca este o sarbatoare a \u00eentregului popor german, nu doar a celor ce muncesc, ci a tuturor arienilor consumatori de bere. Bolsevicii au mobilat-o cu tancuri, defilari de trupe si demonstratii de tehnica militara, transform\u00e2nd-o, p\u00e2na la moartea URSS, \u00eentr-o uriasa expozitie de arme la care teroristii din tarile arabe, Irlanda, Africa si America Latina salivau din abundenta. Defilarea de 1 Mai de la Moscova a fost o expozitie cu v\u00e2nzare, Revolutia fiind desfacuta la solduri pentru toti cei care o doreau, dar, mai ales, pentru cei care n-o doreau absolut deloc.<br \/>\n\u00cen Rom\u00e2nia, ca si \u00een restul lumii, sarbatoarea a fost eliberata de politica abia dupa 1990 c\u00e2nd oamenii de stat au constatat mai toti ca biata sarbatoare are un trecut prea aventuros si ca sa te asociezi cu ea te poate compromite. Cei care au c\u00e2stigat au fost mititeii, fleica, chifla si, prietenul tuturor, mustarul. (De bere nu pomenesc pentru ca ea a colaborat cu 1 Mai de pe timpul nazistilor).<\/p>\n","protected":false},"excerpt":{"rendered":"<p>Ziua de 1 Mai s-a nascut \u00een 1889, sub Turnul Eiffel, \u00een cadrul Expozitiei Universale de la Paris. Ea comemora o revolta din Chicago, desfasurata cu trei ani \u00eenainte, pe 4 mai, \u00een urma careia au murit mai multi politisti, victime ale unor bombe artizanale. Atunci, \u00een 1886, revolta a fost urmata de prima greva&hellip;&nbsp;<a href=\"https:\/\/revistacultura.ro\/nou\/1-mai-date-biografice\/\" rel=\"bookmark\">Cite\u0219te mai mult &raquo;<span class=\"screen-reader-text\">1 Mai. Date biografice<\/span><\/a><\/p>\n","protected":false},"author":3,"featured_media":0,"comment_status":"open","ping_status":"open","sticky":false,"template":"","format":"standard","meta":{"neve_meta_sidebar":"","neve_meta_container":"","neve_meta_enable_content_width":"","neve_meta_content_width":0,"neve_meta_title_alignment":"","neve_meta_author_avatar":"","neve_post_elements_order":"","neve_meta_disable_header":"","neve_meta_disable_footer":"","neve_meta_disable_title":"","jetpack_post_was_ever_published":false,"_jetpack_newsletter_access":"","_jetpack_dont_email_post_to_subs":false,"_jetpack_newsletter_tier_id":0,"_jetpack_memberships_contains_paywalled_content":false,"_jetpack_memberships_contains_paid_content":false,"footnotes":"","jetpack_publicize_message":"","jetpack_publicize_feature_enabled":true,"jetpack_social_post_already_shared":false,"jetpack_social_options":{"image_generator_settings":{"template":"highway","default_image_id":0,"font":"","enabled":false},"version":2}},"categories":[17],"tags":[5536,5539,5538,5537],"class_list":["post-7672","post","type-post","status-publish","format-standard","hentry","category-cultura-ideilor","tag-1-mai","tag-demonstratii-de-1-mai","tag-sarbatori-propagandistice","tag-ziua-internationala-a-contractului-colectiv-de-munca"],"views":1535,"jetpack_publicize_connections":[],"jetpack_featured_media_url":"","jetpack_sharing_enabled":true,"jetpack-related-posts":[],"_links":{"self":[{"href":"https:\/\/revistacultura.ro\/nou\/wp-json\/wp\/v2\/posts\/7672","targetHints":{"allow":["GET"]}}],"collection":[{"href":"https:\/\/revistacultura.ro\/nou\/wp-json\/wp\/v2\/posts"}],"about":[{"href":"https:\/\/revistacultura.ro\/nou\/wp-json\/wp\/v2\/types\/post"}],"author":[{"embeddable":true,"href":"https:\/\/revistacultura.ro\/nou\/wp-json\/wp\/v2\/users\/3"}],"replies":[{"embeddable":true,"href":"https:\/\/revistacultura.ro\/nou\/wp-json\/wp\/v2\/comments?post=7672"}],"version-history":[{"count":0,"href":"https:\/\/revistacultura.ro\/nou\/wp-json\/wp\/v2\/posts\/7672\/revisions"}],"wp:attachment":[{"href":"https:\/\/revistacultura.ro\/nou\/wp-json\/wp\/v2\/media?parent=7672"}],"wp:term":[{"taxonomy":"category","embeddable":true,"href":"https:\/\/revistacultura.ro\/nou\/wp-json\/wp\/v2\/categories?post=7672"},{"taxonomy":"post_tag","embeddable":true,"href":"https:\/\/revistacultura.ro\/nou\/wp-json\/wp\/v2\/tags?post=7672"}],"curies":[{"name":"wp","href":"https:\/\/api.w.org\/{rel}","templated":true}]}}