{"id":6458,"date":"2011-02-17T17:49:39","date_gmt":"2011-02-17T15:49:39","guid":{"rendered":"http:\/\/revistacultura.ro\/nou\/?p=6458"},"modified":"2011-02-17T17:49:58","modified_gmt":"2011-02-17T15:49:58","slug":"soleure-vitrina-cinematografiei-elvetiene","status":"publish","type":"post","link":"https:\/\/revistacultura.ro\/nou\/soleure-vitrina-cinematografiei-elvetiene\/","title":{"rendered":"SOLEURE &#8211;  vitrina cinematografiei elvetiene"},"content":{"rendered":"<p><em><strong>La Soleure (Solothurn sau Soletta, dupa limbile Confederatiei), elvetienii isi aduna,\u00a0 de vreo patruzeci si sase de editii incoace, intreaga suflare cinematografica spre a contura, astfel, bilantul unui an. Timp de o saptam\u00e2na, in a doua jumatate a lui ianuarie, imediat dupa ce aerul lenes al sarbatorilor dintre ani s-a spulberat, pe malul r\u00e2ului Aar, in vecinatatea muntilor, Oficiul federal al culturii acorda o atentie aplicata domeniului audiovizual. \u201eZilele de la Soleure\u201c se transforma acum intr-o adevarata vitrina a cinematografiei elvetiene, ca sa preiau formularea directorului manifestarii, domnul Ivo Kummer, jurnalist, critic de cinema. <\/strong><\/em><br \/>\nAproape ca nu este compartiment, gen, institutie din perimetrul cinematografic helvet\u00a0 caruia sa nu i se ofere, pe l\u00e2nga posibilitatea retrospectivei, si aceea a prospectarii ariilor novatoare, necesare oricarei evolutii.<br \/>\nTrebuie sa incep prin a sublinia nuanta unui amanunt organizatoric. El tine de plecarea sefului federal al cinematografiei, Nicolas Bideau, si de asteptarea alegerii altcuiva, in urma unui concurs la care s-au inscris vreo patruzeci de candidati, dintre care se aleg cei ce vor decide asupra viitorului cinematografiei elvetiene. Abia in august noul responsabil al Sectiunii Cinema va intra in exercitiu, p\u00e2na atunci conducerea fiind asigurata de interimatul domnului Laurent Steiert. Acesta a avut amabilitatea sa ofere toate datele celor interesati, in cadrul unei conferinte de presa cu o larga participare, elvetiana si straina. Momentul, mult-asteptat, a fost precedat de o int\u00e2lnire de lucru, la Monte Verita Ascona, intr-un spatiu al dezbaterii constructive.<br \/>\nMarcata de criza, editia din 2011 mi s-a parut reticenta, dar eficienta. Parca toata suflarea a stat sub semnul prudentei si al rigorii mai mult dec\u00e2t de obicei. Ar trebui sa privim, insa, cu luare aminte catre aceste evenimente derulate in cadrul unei cinematografii altminteri deosebit de generoase cu profesionistii ei. Constiinta de sine reprezinta o lectie esentiala. Relansarea cinematografiei elvetiene se produce, la Soleure, in contextul bilantului, fara a fi neglijate conexiunile cu alte festivaluri. Aici vin sa-si expuna proiectele marile conclavuri cinematografice de peste an. Locarno, de pilda, si-a tinut cu c\u00e2teva zile mai devreme int\u00e2lnirea cu ziaristii, intruc\u00e2t Olivier P\u00e8re, directorul artistic, pleca la Sundance. Nici Fribourg-ul nu a renuntat la momentul sau traditional. Ne-au fost prezentate, altminteri, toate festivalurile elvetiene, de la cel mai mare, Locarno, la Neuchatel (specializat in filmul fantastic), la Baden (animatie), Winterthur (scurtmetraj) si Nyon (cu viziunile sale asupra \u201erealului\u201c). Cele din prima linie vor primi mai multi bani in 2011. Cele mai mici ram\u00e2n la fondurile de anul trecut. Cu Soleure este altceva. Fiind un festival al filmului national helvet, va trebui sa i se acorde atentia meritata si pot paria ca i se vor da mai multi bani, asa cum toata lumea pare sa fie de acord. Cunosc cifrele, dar nu tin sa intru in aceste detalii. Ceea ce as dori sa subliniez e ca la vreme de criza elvetienii, recunoscuti ca foarte chibzuiti, pluseaza, puls\u00e2nd mai multi franci in industria audiovizualului. Nu se risipesc in festivaluri care nu spun si nu aduc nimic nou. Ei se concentreaza mai ales asupra acelor manifestari care se constituie, int\u00e2i si int\u00e2i, in focusuri asupra propriei industrii cinematografice si televizuale. Oricum le-am privi, \u201eZilele cinematografice de la Soleure\u201c reprezinta, fara indoiala, un reper.<br \/>\nAm deschis aceasta paranteza introductiva tocmai spre a accentua dinamica unui interes pozitiv, concret, specific unui mod de a g\u00e2ndi, de la care avem ce invata.<br \/>\nLuat la bob marunt, programul zilelor cinematografice la de la Soleure are ce arata, si inca la modul cel mai generos. Aici se construieste, in primul r\u00e2nd, un forum de discutii cinematografice. Se alcatuieste, cum aratam, tabloul anual al unei cinematografii, cu tot ce presupune functionarea acesteia. Se fac anumite \u201emiscari\u201c strategice. P\u00e2na nu demult, de pilda, se acordau aici, intr-o gala mirobolanta, Quartz-urile, echivalentul Oscar-ului, C\u00e9sar-ului si, sa zicem, cu voia dumneavoastra, al Gopo-ului nostru. De vreo doi ani s-a renuntat la ceremonie, mutata la Lucerna, in primavara. Soleure-ului i-a ramas doar misiunea de a se concentra asupra nominalizarii filmelor. Distanta in spatiu si in primul r\u00e2nd in timp aduce alta imagine, mai calma, d\u00e2nd farmec unui eveniment unic. Oricum, la capatul festivalului de pe malurile Aarului, ceremonia parea sa se piarda intr-un anonimat\u00a0 hibernal. Fiindca \u2013 trebuie sa o recunoastem -, Soleure are destul de multe puncte interesante. Este greu sa le faci fata, sa fii la toate prezent. Revenind, insa, la Quartz-uri, e de spus ca nominalizarile nu vor mai fi anuntate de un grup, un juriu al Academiei elvetiene de cinema, ca p\u00e2na acum, ci vor exprima votul tuturor celor 350 de membri.<br \/>\nNu este vorba doar de Premiile Cinematografiei elvetiene, ci, mai ales, de noutatile aparute in regimul de incurajare a productiei helvete. Descopar aici termene precise, responsabilitati ce nu pot fi eludate.<br \/>\nCe ofera, de fapt, acest festival generalist, conturat in spatiul unei singure cinematografii?<br \/>\nIn primul r\u00e2nd, tot ce s-a facut in Elvetia intr-un an audiovizual: lungmetraje, documentare, filme de televiziune, de animatie, videoclipuri. Apoi tot ce poate constitui constiinta de sine a unei cinematografii. Intra aici premiile anuale ale criticii, in presa scrisa si in cea electronica, modalitatile de a tezauriza o istorie autohtona de cinema, formulele de a aborda critic cinematograful, pasii facuti in conturarea arhitecturala a noii Cinemateci. Ar trebui sa int\u00e2rziem asupra acestui ultim aspect. La Teatrul din Soleure au urcat pe scena toti actualii directori ai sectiunilor noii Cinemateci. Echipa a fost prezentata de Fr\u00e9deric Maire, noul director, caruia i s-a alaturat presedintele Consiliului fundatiei, Marc Wehriln. Este mult de comentat la acest capitol. Este uimitor, uluitor, de-a dreptul, ce pot sa-si propuna, ceea ce elvetienii realizeaza deja in materie de numerizare, stocare si tezaurizare a patrimoniului national audiovizual. Ni s-au aratat temeliile cazematei cinematografice de la Penthaz, care prinde viata de la o zi la alta pentru a fi gata in 2012. Noul centru de cercetare si arhivare se intinde pe 13 000 de metri patrati, intr-o constructie cu 3 etaje ce pornesc la 15 metri sub pam\u00e2nt, cu depozite si sali de proiectie. Mai este, apoi, achizitionarea unui cinematograf important in Lausanne, Capitole, construit in 1929, renovat in 1959 si pus pe tapet in perspectiva unei ultramodernizari, dupa ce a fost cumparat in 2010 din fondurile orasului mai sus mentionat. Este cel mai mare cinematograf din Elvetia, cu 867 de locuri, un adevarat monument, iar el va fi de acum in serviciul Cinematecii elvetiene. Nu are rost sa adaug consideratii legate de programul unei asemenea institutii cinematografice. As dori sa subliniez doar seriozitatea cu care cercetatorii de aici pornesc la drum si nu pot sa nu-i\u00a0 invidiez pe criticii, istoricii si teoreticienii elvetieni de cinema care activeaza intr-un asemenea climat si, desigur, in atari conditii.<br \/>\nMulte filme de vazut la Soleure. Nu doar elvetiene, ci si rom\u00e2nesti sau tangente la realitatea noastra. Iata, a fost invitat aici \u201eAurora\u201c de Cristi Puiu, pornind de la formula coproductiei realizate de acesta, cu participare, elevetiana, germana si franceza, cu o baza\u00a0 bucureseana \u2013 Casa de productie \u201eMandragora\u201c. Cristi Puiu a facut studii de pictura si cinema\u00a0 la Geneva. Era, asadar, firesc sa fie inclus in programul \u201ePanorama Suisse\u201c, consacrata coproductiilor la care Elvetia are o participare minoritara, dar pe care nu o poate nicidecum ignora.<br \/>\n\u201eZilele de la Soleure\u201c subliniaza tot ce are legatura cu productia elvetiana de film, inclusiv regizori si subiecte de la Bucuresti. Intre acestea, \u201eDie letzten Tage der Ceausescus\u201c, realizat de patru tineri cineasti documentaristi, trei elvetieni si unul german. Ultimele zile ale lui Ceausescu sunt vazute pornind de la spectacolul in care joaca\u00a0 Victoria Cocias si Constantin Cojocaru, in rolurile Elenei si al lui Nicolae Ceausescu. Tin sa remarc succesul acestei docudrame prezentate la Landhaus, la amiaza, cu o sala arhiplina si cu participarea a doi dintre coautori, dar mai ales cu surpriza de a fi acolo interpreta principala, Victoria Cocias, pe scena si pe ecran. Regizorul Radu Gabrea s-a aflat in sala, atent la viziunea elvetiano-germana, in asteptarea primului tur de manivela, cum se spunea odata, la ecranizarea cartii lui Grigore Cartianu, versiunea rom\u00e2neasca recenta despre ultimele zile ale Ceausestilor.<\/p>\n","protected":false},"excerpt":{"rendered":"<p>La Soleure (Solothurn sau Soletta, dupa limbile Confederatiei), elvetienii isi aduna,\u00a0 de vreo patruzeci si sase de editii incoace, intreaga suflare cinematografica spre a contura, astfel, bilantul unui an. Timp de o saptam\u00e2na, in a doua jumatate a lui ianuarie, imediat dupa ce aerul lenes al sarbatorilor dintre ani s-a spulberat, pe malul r\u00e2ului Aar,&hellip;&nbsp;<a href=\"https:\/\/revistacultura.ro\/nou\/soleure-vitrina-cinematografiei-elvetiene\/\" rel=\"bookmark\">Cite\u0219te mai mult &raquo;<span class=\"screen-reader-text\">SOLEURE &#8211;  vitrina cinematografiei elvetiene<\/span><\/a><\/p>\n","protected":false},"author":3,"featured_media":0,"comment_status":"open","ping_status":"open","sticky":false,"template":"","format":"standard","meta":{"neve_meta_sidebar":"","neve_meta_container":"","neve_meta_enable_content_width":"","neve_meta_content_width":0,"neve_meta_title_alignment":"","neve_meta_author_avatar":"","neve_post_elements_order":"","neve_meta_disable_header":"","neve_meta_disable_footer":"","neve_meta_disable_title":"","jetpack_post_was_ever_published":false,"_jetpack_newsletter_access":"","_jetpack_dont_email_post_to_subs":false,"_jetpack_newsletter_tier_id":0,"_jetpack_memberships_contains_paywalled_content":false,"_jetpack_memberships_contains_paid_content":false,"footnotes":"","jetpack_publicize_message":"","jetpack_publicize_feature_enabled":true,"jetpack_social_post_already_shared":false,"jetpack_social_options":{"image_generator_settings":{"template":"highway","default_image_id":0,"font":"","enabled":false},"version":2}},"categories":[66],"tags":[4838,4840,3414,2336,83,4839,4836,4837],"class_list":["post-6458","post","type-post","status-publish","format-standard","hentry","category-arte-media","tag-zilele-de-la-soleure","tag-casa-de-productie-mandragora","tag-cinematografie","tag-cristi-puiu","tag-film","tag-ivo-kummer","tag-la-soleure","tag-solothurn-sau-soletta"],"views":1788,"jetpack_publicize_connections":[],"jetpack_featured_media_url":"","jetpack_sharing_enabled":true,"jetpack-related-posts":[],"_links":{"self":[{"href":"https:\/\/revistacultura.ro\/nou\/wp-json\/wp\/v2\/posts\/6458","targetHints":{"allow":["GET"]}}],"collection":[{"href":"https:\/\/revistacultura.ro\/nou\/wp-json\/wp\/v2\/posts"}],"about":[{"href":"https:\/\/revistacultura.ro\/nou\/wp-json\/wp\/v2\/types\/post"}],"author":[{"embeddable":true,"href":"https:\/\/revistacultura.ro\/nou\/wp-json\/wp\/v2\/users\/3"}],"replies":[{"embeddable":true,"href":"https:\/\/revistacultura.ro\/nou\/wp-json\/wp\/v2\/comments?post=6458"}],"version-history":[{"count":0,"href":"https:\/\/revistacultura.ro\/nou\/wp-json\/wp\/v2\/posts\/6458\/revisions"}],"wp:attachment":[{"href":"https:\/\/revistacultura.ro\/nou\/wp-json\/wp\/v2\/media?parent=6458"}],"wp:term":[{"taxonomy":"category","embeddable":true,"href":"https:\/\/revistacultura.ro\/nou\/wp-json\/wp\/v2\/categories?post=6458"},{"taxonomy":"post_tag","embeddable":true,"href":"https:\/\/revistacultura.ro\/nou\/wp-json\/wp\/v2\/tags?post=6458"}],"curies":[{"name":"wp","href":"https:\/\/api.w.org\/{rel}","templated":true}]}}