{"id":624,"date":"2009-12-10T14:08:48","date_gmt":"2009-12-10T12:08:48","guid":{"rendered":"http:\/\/revistacultura.ro\/nou\/?p=624"},"modified":"2009-12-10T14:15:29","modified_gmt":"2009-12-10T12:15:29","slug":"teatrul-nseamna-actiune-contemporana-si-schimburi-intre-tari","status":"publish","type":"post","link":"https:\/\/revistacultura.ro\/nou\/teatrul-nseamna-actiune-contemporana-si-schimburi-intre-tari\/","title":{"rendered":"Teatrul inseamna actiune contemporana si schimburi intre tari"},"content":{"rendered":"<p style=\"text-align: center;\"><strong>Dieter Topp in dialog cu Cristina Rusiecki<\/strong><\/p>\n<p style=\"text-align: left;\"><strong>Cristina Rusiecki:<\/strong> <em><strong>Domnule Dieter Topp, conduceti o agentie de presa germana, care se concentreaza pe subiecte culturale si sociale, si sunteti presedintele KulturForum Europa, institutie infiintata in 1992 de catre Ministrul Afacerilor de Externe de atunci, Hans Dietrich Genscher. Acum sunteti pentru a treia oara la Festivalul National de Teatru. Nu e singurul festival la care v-am vazut. V-am int\u00e2lnit anul trecut la Timisoara, la Festivalul de Dramaturgie Contemporana, apoi la Cluj, la Man.In.Fest.\u00a0 Ultima data ati venit in Rom\u00e2nia pentru Festivalul \u201eGeorge Enescu\u201c.<\/strong><\/em><br \/>\n<strong>Dieter Topp:<\/strong> Am avut ideea sa cercetez Festivalul \u201eEnescu\u201c si sa invit mai multi jurnalisti germani pe care sa-i fac sa inteleaga ca Rom\u00e2nia inseamna mult mai mult dec\u00e2t lucrurile negative vehiculate despre ea. Mi-am dorit sa fac acest experiment aduc\u00e2ndu-i la cel mai important si mai atragator festival din Bucuresti si din Rom\u00e2nia, dar sa le dau prilejul sa vada si o multime de alte evenimente culturale. Am adus jurnalisti care scriu la ziar, altii, specializati, care scriu la reviste muzicale, unii chiar la publicatii dedicate operei iar altii care lucreaza la posturi de radio. Materialele tuturor au avut un rezultat extrem de eficient. Articolele scrise de ei au putut fi citite de catre toti vorbitorii de germana, nu numai din Germania, ci si din Austria, Olanda, Belgia care, astfel, au primit informatii despre Festivalul \u201eEnescu\u201c. Muzicienii cunosc foarte bine festivalul, dar turistii nu sunt suficient de informati. Ei bine, acum cei care vorbesc germana sunt informati. Radiourile de muzica clasica au transmis in direct opera din deschidere, \u201eOedip\u201c. Unul dintre jurnalisti a facut diferite emisiuni despre muzica clasica contemporana pentru a-i informa pe ascultatorii din Vest ce se int\u00e2mpla in Rom\u00e2nia in acest domeniu. Aceasta a fost dorinta noastra, a celor de la KulturForum Europa, in ceea ce priveste Festivalul \u201eEnescu\u201c. Pentru ca nu e de ajuns sa ai un festival de cea mai inalta calitate. Trebuie sa ai si public international. De aceea e nevoie de ziaristi de cotidian si de radio. Asta am incercat sa facem noi pentru Festivalul \u201eEnescu\u201c si domnul Mihai Constantinescu, directorul festivalului, a fost mai mult dec\u00e2t fericit ca la editia din 2009 festivalul a fost promovat in Germania si in tarile vorbitoare de germana. Dar nu am fost numai noi cei care am ajutat la promovarea internationala. La Festivalul \u201eEnescu\u201c au fost prezenti optzeci de jurnalisti straini. Cu unii dintre ei am vorbit. Toti\u00a0 impartaseau ideea noastra pozitiva despre Rom\u00e2nia.<\/p>\n<p><strong>C.R.: <em>Iar acum sunteti din nou in Rom\u00e2nia, la Festivalul National de Teatru.<\/em><\/strong><br \/>\n<strong>D.T.:<\/strong> In 2009 este a treia mea sansa sa fiu invitat la acest festival. Anul trecut, in primul an de directorat al Cristinei Modreanu, festivalul a fost deschis productiilor internationale.<br \/>\n<strong>C.R.: <em>Ca sa fim drepti, deschiderea catre spectacolele straine incepuse de acum doua editii, iar atunci programul lor a fost foarte valoros.<\/em><br \/>\nD.T.:<\/strong> Modulul spectacolelor internationale era un inceput bun. Dar cei 75% taiati din buget s-au dovedit un soc incredibil pentru festival si p\u00e2na la urma rezultatul e destul de socant si pentru invitati:\u00a0 nu a ramas prea mult din sectiunea internationala.<\/p>\n<p><strong>C.R.: <em>Ca sa spunem lucrurilor pe nume, nu am avut dec\u00e2t un singur spectacol strain invitat, \u201eC\u00e2ntareata cheala\u201c, in regia lui Jean Luc Lagarce, din cadrul modulului \u201eIonesco Event\u201c, spectacol cu care s-a si deschis festivalul.<\/em><br \/>\nD.T.:<\/strong> Nu ma pot opri sa nu fac comparatia cu at\u00e2t de importantul Festival \u201eEnescu\u201c. Eu cred ca si Festivalul National de Teatru s-ar cuveni sa fie la fel de important. Pentru ca teatrul inseamna actiune contemporana si schimburi intre tari. Ce se int\u00e2mpla in Vestul si in Nordul Europei merita aratat in Bucuresti dupa cum si celelalte tari merita sa vada ce calitate si nivel inalt exista in teatrul rom\u00e2nesc. As avea ceva pozitiv de spus aproape despre fiecare spectacol pe care am avut sansa sa-l vad in F.N.T. A fost mai mult dec\u00e2t agreabil. Fiecare a avut ceva impresionant, chiar si productiile care au revizitat clasicii. Am apreciat foarte mult sectiunea de debut. Este deosebit de important sa existe acest modul.<\/p>\n<p style=\"text-align: left;\"><strong>C.R.: <em>Sunteti absolvent de studii muzicale. In calitate de specialist, cum ati apreciat nivelul sectiunii \u201eOpera Revival\u201c?<\/em><br \/>\nD.T.: <\/strong>In opinia mea, care poate fi subiectiva, modulul de muzica nu a fost at\u00e2t de important. Nu am vazut nimic cu adevarat nou pe scena de la Opera. Nimic cu adevarat important. Decoruri foarte frumoase, dive cu aspect amuzant, dar, comparate cu nivelul intelectual si politic al spectacolelor din Festivalul de Teatru, productiile de opera ar trebui sa aiba mai multa regie. Mi-as dori ca Opera din Bucuresti sa dovedeasca un nivel mai ridicat. Poate ca acest fapt se datoreste directiunii de acolo, nu stiu prea bine, dar la ONB nu am vazut nici o schimbare importanta in ultimii ani. Stiu c\u00e2teva productii fantastice din Cluj, de la Opera maghiara, ca \u201eGianni Schicchi\u201c.<\/p>\n<p><strong>C.R.: <em>Spectacolul e produs de Teatrul Maghiar din Cluj. Dar o productie ca \u201eOrfeu si Euridice\u201c, in regia lui Alexandru Darie, de la Teatrul Bulandra, mi s-a parut admirabila. Nici unul dintre spectacolele obosite de la Opera despre care ati vorbit nu poate intra in aceeasi categorie cu talentul si inventivitatea montarii de la Bulandra.<\/em><br \/>\nD.T.:<\/strong> Va rog sa nu ma intelegeti gresit. Ma refeream doar la evenimentele muzicale prezentate la Opera Nationala din Bucuresti. \u201eOrfeu si Euridice\u201c de la Bulandra a fost ceva cu totul diferit. Felicitarile mele! O viziune regizorala noua, inventiva si foarte creativa. Am vazut spectacolul acum un an si mi s-a parut cu totul diferit. Dar la editia aceasta FNT, aproape am adormit la \u201eMacbeth\u201c si \u201eOtello\u201c. Chiar daca sunt muzician. Pe c\u00e2nd spectacolele de teatru nu mi s-au parut deloc adormitoare. Dimpotriva, le-am gasit inovatoare, tinere si proaspete. Festivalul Cristinei Modreanu mi s-a parut atractiv chiar daca bugetul i-a fost diminuat cu 75%. Dar nu e destul. Sper ca pe viitor vor fi mai multi bani. L-as intreba pe ministrul Culturii care e treaba lui acolo. La Festivalul \u201eEnescu\u201c a fost prezent in fiecare zi si in fiecare noapte. Nu avea nimic altceva de facut? La Festivalul de Teatru l-am vazut doar vreo cinci minute si jumatate la deschidere. Cred ca aici e diferenta in conceptia politica. Sa fii doar prezent si sa dai bani ca si c\u00e2nd ai face o donatie nu seamana cu modul in care actioneaza un politician de astazi. Daca nu are bani, treaba unui politician e sa lucreze, sa gaseasca surse de finantare, sponsori, sa aduca la un loc institutii culturale in Ministerul pe care-l conduce, sa gaseasca modalitati de a face rost de bani. Nu am vazut sponsori aici. Si cred ca sunt foarte multe firme bogate care lucreaza in Rom\u00e2nia pentru ca e mai ieftin sa produca si sa-si aranjeze lucrurile aici. Ministrii ar trebui sa se preocupe de asemenea resurse economice, sa le depisteze si sa le faca sa contribuie la toate evenimentele culturale importante. Iar unul dintre ele este Festivalul National de Teatru, mai ales prin sectia sa internationala.<\/p>\n<p><strong>C.R.: <em>Mi-ati povestit ca ati participat de cur\u00e2nd la Festivalul International de Film de la Z\u00fcrich.<\/em><br \/>\nD.T.: <\/strong>Da. Si acolo m-am g\u00e2ndit mult la Rom\u00e2nia pentru ca filmul rom\u00e2nesc e astazi foarte cunoscut. Am constatat ca si elvetienilor le plac productiile at\u00e2t de creative ale cinematografiei rom\u00e2nesti. Exista un festival de film in Z\u00fcrich dedicat tinerilor creatori. Daca ar lucra impreuna cu un festival de film de aici ar fi o mare oportunitate de a aduce jurnalisti din toata lumea la Bucuresti, o data pentru a le arata Bucurestiul, in al doilea r\u00e2nd, pentru a vedea filme straine. Festivalul International de Film de la Z\u00fcrich isi doreste sa faca legaturi cu Bucurestiul. Sunt sigur ca vor sa invite si jurnalisti rom\u00e2ni la festival. Cel mai important lucru este ca acestia sa-si tina ochii deschisi. Eu am avut sansa sa iau contact cu un eveniment perfect organizat si sa ma conving de calitatea turismului elvetian. Am fost tare fericit sa aud ca se concentreaza pe Rom\u00e2nia, mai ales pe Bucuresti. Ma bucur ca din ce in ce mai multi jurnalisti si chiar si agentiile elvetiene de turism imi impartasesc ideea de a g\u00e2ndi pozitiv despre Rom\u00e2nia. Tara dumneavoastra reprezinta mult mai mult dec\u00e2t lucrurile negative auzite at\u00e2t de des. In primul r\u00e2nd, Rom\u00e2nia ar trebui sa inceapa sa g\u00e2ndeasca diferit despre sine insasi si despre propriul sau turism cultural. Sunt o multime de rom\u00e2ni foarte interesati din punct de vedere cultural pe care ii gasesti in Austria, in Germania, in Franta, la Paris, chiar si in Italia. Sunt foarte fericit sa aflu ca si elevetienii ii vor printre ei. Sunt pregatiti sa-i primeasca pe turistii rom\u00e2ni si la r\u00e2ndul lor sa-si trimita elvetienii in Rom\u00e2nia. Si nu ma refer la turismul low cost. Ii au in vedere pe rom\u00e2nii middle class cu interese culturale. Asta nu inseamna ca rom\u00e2nii nu vor putea face si ascensiuni in munti daca doresc. Dar poate ca ii atrag mai mult festivalurile, muzeele, expozitiile. Sunt at\u00e2t de multe evenimente culturale in Elvetia si operatorii de turism stiu ca o multime de rom\u00e2ni, in special bucurestenii, vor sa evadeze din tara. Nu definitiv, ci pentru vacanta. Rom\u00e2nii sunt la fel de curiosi cultural ca si ceilalti europeni.<\/p>\n<p><strong>C.R.: <em>Din pacate, acum, in vremuri de criza calatoresc mai putin.<\/em><br \/>\nD.T.:<\/strong> E important sa le spunem rom\u00e2nilor ca nu trebuie sa-si depl\u00e2nga situatia. In fond, situatia economica din intreaga Europa s-a schimbat acum. Poate in Rom\u00e2nia mai mult dec\u00e2t in alte tari. Dar aici sunt at\u00e2t de multe lucruri pozitive. Mai ales in ceea ce priveste cultura. Acestea ar trebui lansate pe piata de turism din Europa. De la Marea Neagra la satucele de culoare diferita de peste tot din tara, p\u00e2na in v\u00e2rful muntilor, de la vacante de vara p\u00e2na la sporturile de iarna. Am vazut in apropiere de Baia Mare niste statiuni construite special pentru vacantele de iarna. Poti merge acolo la preturi foarte rezonabile, mai mici dec\u00e2t in Europa occidentala. Rom\u00e2nii ar trebui sa ofere Vestului toate aceste locuri fantastice. Acum e sansa cea mai mare de a incepe. Turismul elvetian incearca sa stabileasca legaturi, sa faca schimburi de turisti cu Rom\u00e2nia, in special cu Capitala. Asta inseamna ca poate veni mult ajutor tehnic din partea unei tari cu turismul foarte bine organizat, ca se pot face schimburi intre Z\u00fcrich si Bucuresti sau alte orase. Dar inainte de toate ar trebui sa se organizeze Ministerul rom\u00e2n de Turism. Daca nu are toate informatiile necesare, poate ar fi util sa intrebe cum se face pentru ca e nou in domeniu. Imi amintesc de Budapesta si Viena. Prin anul 2000 auzeam aceleasi argumente la Budapesta pe care azi le aud la Bucuresti. Tot timpul spuneau ca nu au suficienti bani. Apoi ca Viena e atragatoare, dar Budapesta nu e destul de curata. Le-am raspuns \u201elucrati la asta\u201c si in cincisprezece ani veti ajunge una dintre destinatiile de top ale Europei. Si ma bucur foarte tare ca am gresit atunci. Nu au avut nevoie de cincisprezece ani, ci doar de zece pentru ca Budapesta sa devina un oras asa de cautat. Au ajuns foarte aproape de Viena si pentru ca au urmarit cum e organizat turismul vienez. Dezvoltarea lor a fost si in avantajul Vienei pentru ca sunt o multime de turisti austrieci care adora Budapesta si vor sa mearga acolo chiar si pentru o cina speciala intr-o noapte. Exista at\u00e2tea zboruri low cost cu care oamenii vin din toata Europa la preturi ieftine. Care nu aduc lume ieftina, insa. Sunt clienti seriosi. Aveti si in Bucuresti aceste companii si ar trebui sa profitati la maxim de potentialul lor. Acum e momentul sa incepeti sa schimbati sistemul, sa treceti de la mii de agentii de turism micute la organizarea unei agentii de acoperire nationala si poate la una care sa se ocupe de Bucuresti. Si aceasta colaborare intre Z\u00fcrich si Bucuresti ar fi un inceput cu adevarat fantastic.<\/p>\n","protected":false},"excerpt":{"rendered":"<p>Dieter Topp in dialog cu Cristina Rusiecki Cristina Rusiecki: Domnule Dieter Topp, conduceti o agentie de presa germana, care se concentreaza pe subiecte culturale si sociale, si sunteti presedintele KulturForum Europa, institutie infiintata in 1992 de catre Ministrul Afacerilor de Externe de atunci, Hans Dietrich Genscher. Acum sunteti pentru a treia oara la Festivalul National&hellip;&nbsp;<a href=\"https:\/\/revistacultura.ro\/nou\/teatrul-nseamna-actiune-contemporana-si-schimburi-intre-tari\/\" rel=\"bookmark\">Cite\u0219te mai mult &raquo;<span class=\"screen-reader-text\">Teatrul inseamna actiune contemporana si schimburi intre tari<\/span><\/a><\/p>\n","protected":false},"author":3,"featured_media":0,"comment_status":"open","ping_status":"open","sticky":false,"template":"","format":"standard","meta":{"neve_meta_sidebar":"","neve_meta_container":"","neve_meta_enable_content_width":"","neve_meta_content_width":0,"neve_meta_title_alignment":"","neve_meta_author_avatar":"","neve_post_elements_order":"","neve_meta_disable_header":"","neve_meta_disable_footer":"","neve_meta_disable_title":"","jetpack_post_was_ever_published":false,"_jetpack_newsletter_access":"","_jetpack_dont_email_post_to_subs":false,"_jetpack_newsletter_tier_id":0,"_jetpack_memberships_contains_paywalled_content":false,"_jetpack_memberships_contains_paid_content":false,"footnotes":"","jetpack_publicize_message":"","jetpack_publicize_feature_enabled":true,"jetpack_social_post_already_shared":false,"jetpack_social_options":{"image_generator_settings":{"template":"highway","default_image_id":0,"font":"","enabled":false},"version":2}},"categories":[66],"tags":[353,352,351,350,71,349],"class_list":["post-624","post","type-post","status-publish","format-standard","hentry","category-arte-media","tag-comparate-cu-nivelul-intelectual-i-politic-al-spectacolelor-din-festivalul-de-teatru","tag-dar","tag-dive-cu-aspect-amuzant","tag-frumoase","tag-interviuri","tag-opera-revival"],"views":5190,"jetpack_publicize_connections":[],"jetpack_featured_media_url":"","jetpack_sharing_enabled":true,"jetpack-related-posts":[],"_links":{"self":[{"href":"https:\/\/revistacultura.ro\/nou\/wp-json\/wp\/v2\/posts\/624","targetHints":{"allow":["GET"]}}],"collection":[{"href":"https:\/\/revistacultura.ro\/nou\/wp-json\/wp\/v2\/posts"}],"about":[{"href":"https:\/\/revistacultura.ro\/nou\/wp-json\/wp\/v2\/types\/post"}],"author":[{"embeddable":true,"href":"https:\/\/revistacultura.ro\/nou\/wp-json\/wp\/v2\/users\/3"}],"replies":[{"embeddable":true,"href":"https:\/\/revistacultura.ro\/nou\/wp-json\/wp\/v2\/comments?post=624"}],"version-history":[{"count":0,"href":"https:\/\/revistacultura.ro\/nou\/wp-json\/wp\/v2\/posts\/624\/revisions"}],"wp:attachment":[{"href":"https:\/\/revistacultura.ro\/nou\/wp-json\/wp\/v2\/media?parent=624"}],"wp:term":[{"taxonomy":"category","embeddable":true,"href":"https:\/\/revistacultura.ro\/nou\/wp-json\/wp\/v2\/categories?post=624"},{"taxonomy":"post_tag","embeddable":true,"href":"https:\/\/revistacultura.ro\/nou\/wp-json\/wp\/v2\/tags?post=624"}],"curies":[{"name":"wp","href":"https:\/\/api.w.org\/{rel}","templated":true}]}}