{"id":4990,"date":"2010-10-21T10:19:15","date_gmt":"2010-10-21T08:19:15","guid":{"rendered":"http:\/\/revistacultura.ro\/nou\/?p=4990"},"modified":"2010-10-21T10:19:47","modified_gmt":"2010-10-21T08:19:47","slug":"ziua-mortilor-%e2%80%93-mexic-expozitie-la-sala-%e2%80%9eirina-nicolau%e2%80%9c","status":"publish","type":"post","link":"https:\/\/revistacultura.ro\/nou\/ziua-mortilor-%e2%80%93-mexic-expozitie-la-sala-%e2%80%9eirina-nicolau%e2%80%9c\/","title":{"rendered":"Ziua Mortilor \u2013 Mexic Expozitie la Sala \u201eIrina Nicolau\u201c"},"content":{"rendered":"<p><em><strong>Anual, la inceputul lunii noiembrie, Mexicul se pregateste pentru una dintre sarbatorile sale cele mai importante: Ziua Mortilor, ziua in care sunt comemorati cei decedati.<\/strong><\/em><br \/>\nPrin filtrul dogmelor crestine se exprima si azi valorile culturilor prehispanice; azi, in Mexic, se pregatesc acasa altare incarcate de flori galbene \u2013 flor de cien petalos \u2013 ce amintesc de Omeyocan, paradisul soarelui, stap\u00e2nit de Huitzilopochtli, zeu al razboiului. Omniprezentele Catrine, scheleti din caton sau lemn, povestesc despre zeita Mictecacihuatl, stap\u00e2na mortii, ce domnea in Mictlan -un loc fara lumina de unde nu se putea pleca.<br \/>\nMuzeul National al Taranului Rom\u00e2n, in colaborare cu Ambasada Mexicului in tara noastra, prezinta publicului \u2013 in perioada 26 octombrie -5 noiembrie 2010-expozitia \u201eZiua Mortilor\u201c, eveniment ce aduce mai aproape veselia ce caracterizeaza aceasta sarbatoare mexicana!<br \/>\nDeclarata ca fac\u00e2nd parte din Patrimoniul Cultural Imaterial al Umanitatii in 2003 de UNESCO \u201eaceasta sarbatoare este una din manifestarile cele mai relevante ale patrimoniului viu al Mexicului si al lumii, una dintre expresiile culturale cele mai vechi si de o importanta expresivitate intre grupurile indigene ale tarii\u201c.<br \/>\nZiua Mortilor este un moment ce permite reunirea familiei si evidentierea valorilor sale, un prilej de veselie in care muzica are un rol important, caci, asa cum aminteste un proverb mexican \u201esi durerea se c\u00e2nta atunci c\u00e2nd nu poti pl\u00e2nge\u201c \/ \u201eTambien de dolor se canta cuando llorar no se puede\u201c.<\/p>\n","protected":false},"excerpt":{"rendered":"<p>Anual, la inceputul lunii noiembrie, Mexicul se pregateste pentru una dintre sarbatorile sale cele mai importante: Ziua Mortilor, ziua in care sunt comemorati cei decedati. Prin filtrul dogmelor crestine se exprima si azi valorile culturilor prehispanice; azi, in Mexic, se pregatesc acasa altare incarcate de flori galbene \u2013 flor de cien petalos \u2013 ce amintesc&hellip;&nbsp;<a href=\"https:\/\/revistacultura.ro\/nou\/ziua-mortilor-%e2%80%93-mexic-expozitie-la-sala-%e2%80%9eirina-nicolau%e2%80%9c\/\" rel=\"bookmark\">Cite\u0219te mai mult &raquo;<span class=\"screen-reader-text\">Ziua Mortilor \u2013 Mexic Expozitie la Sala \u201eIrina Nicolau\u201c<\/span><\/a><\/p>\n","protected":false},"author":3,"featured_media":0,"comment_status":"open","ping_status":"open","sticky":false,"template":"","format":"standard","meta":{"neve_meta_sidebar":"","neve_meta_container":"","neve_meta_enable_content_width":"","neve_meta_content_width":0,"neve_meta_title_alignment":"","neve_meta_author_avatar":"","neve_post_elements_order":"","neve_meta_disable_header":"","neve_meta_disable_footer":"","neve_meta_disable_title":"","jetpack_post_was_ever_published":false,"_jetpack_newsletter_access":"","_jetpack_dont_email_post_to_subs":false,"_jetpack_newsletter_tier_id":0,"_jetpack_memberships_contains_paywalled_content":false,"_jetpack_memberships_contains_paid_content":false,"footnotes":"","jetpack_publicize_message":"","jetpack_publicize_feature_enabled":true,"jetpack_social_post_already_shared":false,"jetpack_social_options":{"image_generator_settings":{"template":"highway","default_image_id":0,"font":"","enabled":false},"version":2}},"categories":[66],"tags":[3740,3741],"class_list":["post-4990","post","type-post","status-publish","format-standard","hentry","category-arte-media","tag-evenimente-muzeul-taranului-roman","tag-expozitia-ziua-mortilor"],"views":4315,"jetpack_publicize_connections":[],"jetpack_featured_media_url":"","jetpack_sharing_enabled":true,"jetpack-related-posts":[],"_links":{"self":[{"href":"https:\/\/revistacultura.ro\/nou\/wp-json\/wp\/v2\/posts\/4990","targetHints":{"allow":["GET"]}}],"collection":[{"href":"https:\/\/revistacultura.ro\/nou\/wp-json\/wp\/v2\/posts"}],"about":[{"href":"https:\/\/revistacultura.ro\/nou\/wp-json\/wp\/v2\/types\/post"}],"author":[{"embeddable":true,"href":"https:\/\/revistacultura.ro\/nou\/wp-json\/wp\/v2\/users\/3"}],"replies":[{"embeddable":true,"href":"https:\/\/revistacultura.ro\/nou\/wp-json\/wp\/v2\/comments?post=4990"}],"version-history":[{"count":0,"href":"https:\/\/revistacultura.ro\/nou\/wp-json\/wp\/v2\/posts\/4990\/revisions"}],"wp:attachment":[{"href":"https:\/\/revistacultura.ro\/nou\/wp-json\/wp\/v2\/media?parent=4990"}],"wp:term":[{"taxonomy":"category","embeddable":true,"href":"https:\/\/revistacultura.ro\/nou\/wp-json\/wp\/v2\/categories?post=4990"},{"taxonomy":"post_tag","embeddable":true,"href":"https:\/\/revistacultura.ro\/nou\/wp-json\/wp\/v2\/tags?post=4990"}],"curies":[{"name":"wp","href":"https:\/\/api.w.org\/{rel}","templated":true}]}}