{"id":3078,"date":"2010-06-10T10:41:18","date_gmt":"2010-06-10T08:41:18","guid":{"rendered":"http:\/\/revistacultura.ro\/nou\/?p=3078"},"modified":"2010-06-10T10:42:20","modified_gmt":"2010-06-10T08:42:20","slug":"fuse-si-se-duse-%e2%80%9ecaravana-cinematografica%e2%80%9c-de-titus-muntean","status":"publish","type":"post","link":"https:\/\/revistacultura.ro\/nou\/fuse-si-se-duse-%e2%80%9ecaravana-cinematografica%e2%80%9c-de-titus-muntean\/","title":{"rendered":"Fuse si se duse: \u201eCaravana  cinematografica\u201c de Titus Muntean"},"content":{"rendered":"<p>Daca, \u00eenca din primele secvente, \u201eKino caravan\u201c ne pare prequel, sequel, remake sau pur si simplu un film la care am mai fost cel putin o data e pentru ca, \u00een linii mari, episodul pe care \u00eel relateaza l-am mai vazut, \u00een ultimul an si ceva, de cel putin trei ori \u2013 \u00een segmentele \u201eLegenda activistului de partid\u201c si \u201eLegenda politrucului zelos\u201c din \u201eAmintiri din Epoca de Aur\u201c si \u00een \u201eNunta muta\u201c din 2008. Spre deosebire de ele, \u201eCaravana\u201c e si drama, si comedie (desi reversul afirmatiei e \u00een egala masura valabil, nu e nici una, nici alta). La fel ca ele, beneficiaza de pe urma faptului ca trateaza perioada comunista, dar nu spune nimic despre ea.<br \/>\nComunismul si mioritismul s-au anulat reciproc, cam asta reiese din filmul lui Muntean. Or fi fost ei activistii ai dracului, dar nici oamenii muncii nu s-au omor\u00e2t cu firea d\u00e2ndu-le ascultare: desi a fost o calamitate, rom\u00e2nii au trecut prin comunism ca g\u00e2sca prin apa.<br \/>\n<strong>Puterea exemplului<\/strong><br \/>\nE un cliseu alcatuit din tuse groase si din alte clisee. Nici un personaj nu e construit p\u00e2na la capat, aflam despre ele doar functia, iar golurile trebuie sa le umplem noi. Tavi (Doru Boguta) si Anton (Alexandru Georgescu) sunt activisti, deci prin forta lucrurilor rai si prosti, o stim de la Malaele, de la Mungiu si de la at\u00e2tia altii \u00eenaintea lor. Cu putine exceptii (\u00een cazul de fata, directorul scolii si sotia sa), taranii nu au cum sa fie altfel dec\u00e2t rabdatori si isteti: \u00eentotdeauna gasesc cai ingenioase sa se fofileze, asta o \u00eentelegem cu usurinta, fara sa fie nevoie sa ni se explice pe \u00eendelete, desi nu stiu \u00een ce masura ar pricepe-o un strain.<br \/>\nDin capul locului ne\u00eendoielnica, prostia activistilor e facuta si mai evidenta prin elemente de scenografie (\u201eNu n-e sperie guvernele imperialiste ale SUA si Anglia\u201c, aflam dintr-o lozinca din sala de proiectie improvizata), \u00een timp ce neghiobia colaborationistilor e subliniata prin vorba lor butucanoasa. Limbajul, fie el scris sau oral, \u00eei da de gol si pe unii, si pe ceilalti, e o economie de mijloace comparabila cu cea din primele westernuri, c\u00e2nd personajul pozitiv purta o palarie alba iar negativii \u00eesi acopereau crestetul cu una neagra.<br \/>\nProblema e ca lenea asta a lui Titus Muntean scenaristul nu e compensata \u00een nici un fel de s\u00e2rgul lui Titus Muntean regizorul. De la intrarea \u00een comuna Mogos a dubei care transporta filmul propagandistic p\u00e2na la vizionarea propriu-zisa a filmului, nimic nu surprinde. Poate doar constatarea ca acest \u201eKino caravan\u201c trateaza si este un film propagandistic \u00een acelasi timp.<br \/>\n<strong>Patos la vrac<\/strong><br \/>\nCeea ce mai multi dintre actorii \u201eCaravanei\u201c nu par sa accepte e ca joaca \u00eentr-un film, nu \u00eentr-o piesa de teatru. Se poate sa le lipseasca experienta cinematografica \u2013 asa stiu sa joace, asa joaca, dupa cum e posibil sa nutreasca un respect exagerat fata de teatru. \u00cen masura \u00een care respectul asta exagerat e \u00eensotit si de dispret fata de cinema, alegerea e cel putin dubioasa. \u00cen tot cazul, cu putine exceptii (dintre care cele mai fericite sunt ale lui Mircea Diaconu si Ovidiu Ghinita), nu sunt credibili nici ca tarani, nici ca personaje care \u00eesi duc zilele \u00een Rom\u00e2nia anului 1959.<br \/>\nAceasta \u00eensusire non-cinematografica a jocului lor are drept principala caracteristica amplificarea si se vede mai ales \u00een gesturile largi si \u00een rostirea apasata. E o metoda facila de a provoca mai cu seama umorul care pe unii \u00eei poate convinge. Pentru acestia, toata aceasta emfaza fie \u00eesi \u00eendeplineste mandatul si provoaca r\u00e2sul, fie si-l depaseste, adica pauzele, exagerarile, grimasele evidente oricui, de la spectatorul din primul r\u00e2nd p\u00e2na la cel din strapontina, ajung sa devina sinonime cu teatrul \u00eensusi.<br \/>\nAceasta face ca actorul sa fie vazut ca un saltimbanc si teatralitatea, \u00eenteleasa ca mestesug al \u00eengrosarii, sa fie condamnata la o perpetua autoreproducere: asta s-au obisnuit oamenii sa primeasca de pe scena Teatrului National, asta se asteapta sa gaseasca pretutindeni. Exceptie fac teatrele underground, pentru care presiunea casei \u00eenchise nu reprezinta o constr\u00e2ngere la fel de mare \u2013 una e Sala Mare, alta e un bar cu mai putine scaune dec\u00e2t un r\u00e2nd de camin cultural.<br \/>\nExceptie ar trebui sa faca si filmul, care oricum e (sau ar trebui sa fie) o arta cu totul separata, guvernata de un cu totul alt set de reguli. Ceea ce Titus Muntean ne propune e teatru filmat, iar avantajul acestei alegeri e unul singur: la final, nimeni nu se simte constr\u00e2ns sa aplaude.<\/p>\n","protected":false},"excerpt":{"rendered":"<p>Daca, \u00eenca din primele secvente, \u201eKino caravan\u201c ne pare prequel, sequel, remake sau pur si simplu un film la care am mai fost cel putin o data e pentru ca, \u00een linii mari, episodul pe care \u00eel relateaza l-am mai vazut, \u00een ultimul an si ceva, de cel putin trei ori \u2013 \u00een segmentele \u201eLegenda&hellip;&nbsp;<a href=\"https:\/\/revistacultura.ro\/nou\/fuse-si-se-duse-%e2%80%9ecaravana-cinematografica%e2%80%9c-de-titus-muntean\/\" rel=\"bookmark\">Cite\u0219te mai mult &raquo;<span class=\"screen-reader-text\">Fuse si se duse: \u201eCaravana  cinematografica\u201c de Titus Muntean<\/span><\/a><\/p>\n","protected":false},"author":3,"featured_media":0,"comment_status":"open","ping_status":"open","sticky":false,"template":"","format":"standard","meta":{"neve_meta_sidebar":"","neve_meta_container":"","neve_meta_enable_content_width":"","neve_meta_content_width":0,"neve_meta_title_alignment":"","neve_meta_author_avatar":"","neve_post_elements_order":"","neve_meta_disable_header":"","neve_meta_disable_footer":"","neve_meta_disable_title":"","jetpack_post_was_ever_published":false,"_jetpack_newsletter_access":"","_jetpack_dont_email_post_to_subs":false,"_jetpack_newsletter_tier_id":0,"_jetpack_memberships_contains_paywalled_content":false,"_jetpack_memberships_contains_paid_content":false,"footnotes":"","jetpack_publicize_message":"","jetpack_publicize_feature_enabled":true,"jetpack_social_post_already_shared":false,"jetpack_social_options":{"image_generator_settings":{"template":"highway","default_image_id":0,"font":"","enabled":false},"version":2}},"categories":[66],"tags":[2469,2468,83,80,2470],"class_list":["post-3078","post","type-post","status-publish","format-standard","hentry","category-arte-media","tag-caravana-cinematografica","tag-kino-caravan","tag-film","tag-film-romanesc","tag-titus-muntean"],"views":5010,"jetpack_publicize_connections":[],"jetpack_featured_media_url":"","jetpack_sharing_enabled":true,"jetpack-related-posts":[],"_links":{"self":[{"href":"https:\/\/revistacultura.ro\/nou\/wp-json\/wp\/v2\/posts\/3078","targetHints":{"allow":["GET"]}}],"collection":[{"href":"https:\/\/revistacultura.ro\/nou\/wp-json\/wp\/v2\/posts"}],"about":[{"href":"https:\/\/revistacultura.ro\/nou\/wp-json\/wp\/v2\/types\/post"}],"author":[{"embeddable":true,"href":"https:\/\/revistacultura.ro\/nou\/wp-json\/wp\/v2\/users\/3"}],"replies":[{"embeddable":true,"href":"https:\/\/revistacultura.ro\/nou\/wp-json\/wp\/v2\/comments?post=3078"}],"version-history":[{"count":0,"href":"https:\/\/revistacultura.ro\/nou\/wp-json\/wp\/v2\/posts\/3078\/revisions"}],"wp:attachment":[{"href":"https:\/\/revistacultura.ro\/nou\/wp-json\/wp\/v2\/media?parent=3078"}],"wp:term":[{"taxonomy":"category","embeddable":true,"href":"https:\/\/revistacultura.ro\/nou\/wp-json\/wp\/v2\/categories?post=3078"},{"taxonomy":"post_tag","embeddable":true,"href":"https:\/\/revistacultura.ro\/nou\/wp-json\/wp\/v2\/tags?post=3078"}],"curies":[{"name":"wp","href":"https:\/\/api.w.org\/{rel}","templated":true}]}}