{"id":27613,"date":"2025-04-01T09:52:14","date_gmt":"2025-04-01T07:52:14","guid":{"rendered":"https:\/\/revistacultura.ro\/nou\/?p=27613"},"modified":"2025-04-01T10:24:06","modified_gmt":"2025-04-01T08:24:06","slug":"cultura-649","status":"publish","type":"post","link":"https:\/\/revistacultura.ro\/nou\/cultura-649\/","title":{"rendered":"Cultura 649"},"content":{"rendered":"<figure class=\"wp-block-post-featured-image\"><img loading=\"lazy\" decoding=\"async\" width=\"1810\" height=\"2560\" src=\"https:\/\/revistacultura.ro\/nou\/wp-content\/uploads\/2025\/04\/coperta-649-scaled.jpg\" class=\"attachment-post-thumbnail size-post-thumbnail wp-post-image\" alt=\"\" style=\"object-fit:cover;\" srcset=\"https:\/\/revistacultura.ro\/nou\/wp-content\/uploads\/2025\/04\/coperta-649-scaled.jpg 1810w, https:\/\/revistacultura.ro\/nou\/wp-content\/uploads\/2025\/04\/coperta-649-212x300.jpg 212w, https:\/\/revistacultura.ro\/nou\/wp-content\/uploads\/2025\/04\/coperta-649-448x634.jpg 448w, https:\/\/revistacultura.ro\/nou\/wp-content\/uploads\/2025\/04\/coperta-649-768x1086.jpg 768w, https:\/\/revistacultura.ro\/nou\/wp-content\/uploads\/2025\/04\/coperta-649-1086x1536.jpg 1086w, https:\/\/revistacultura.ro\/nou\/wp-content\/uploads\/2025\/04\/coperta-649-1448x2048.jpg 1448w\" sizes=\"auto, (max-width: 1810px) 100vw, 1810px\" \/><\/figure>\n\n\n<p><strong>|<\/strong> <strong>Imagine de copert\u0103: <\/strong> <strong>foto Cristian \u0218u\u021bu | <\/strong><\/p>\n\n\n\n<div style=\"height:30px\" aria-hidden=\"true\" class=\"wp-block-spacer\"><\/div>\n\n\n\n<div class=\"wp-block-group\" style=\"border-width:1px;padding-top:var(--wp--preset--spacing--20);padding-right:var(--wp--preset--spacing--50);padding-bottom:var(--wp--preset--spacing--20);padding-left:var(--wp--preset--spacing--50)\"><div class=\"wp-block-group__inner-container is-layout-constrained wp-container-core-group-is-layout-3543ed5c wp-block-group-is-layout-constrained\">\n<div class=\"wp-block-columns is-layout-flex wp-container-core-columns-is-layout-d735db0d wp-block-columns-is-layout-flex\" style=\"padding-top:0;padding-right:0;padding-bottom:0;padding-left:0\">\n<div class=\"wp-block-column is-layout-flow wp-block-column-is-layout-flow\" style=\"flex-basis:100%\">\n<h2 class=\"wp-block-heading has-text-align-center has-neve-link-hover-color-color has-text-color has-link-color wp-elements-3c0254608a3110f2f572b728fb9d4187\"><a href=\"https:\/\/revistacultura.ro\/ce-e-in-neregula-cu-viata-la-sat\/\">Ce e \u00een neregul\u0103 <\/a><br><a href=\"https:\/\/revistacultura.ro\/ce-e-in-neregula-cu-viata-la-sat\/\">cu via\u021ba la sat?<\/a><\/h2>\n\n\n\n<p>ANALIZ\u0102<\/p>\n\n\n\n<h3 class=\"wp-block-heading\"><a href=\"https:\/\/revistacultura.ro\/ce-e-in-neregula-cu-viata-la-sat\/\">Rom\u00e2nia invizibil\u0103<\/a><\/h3>\n\n\n\n<figure class=\"wp-block-image size-large is-resized\"><img loading=\"lazy\" decoding=\"async\" width=\"448\" height=\"299\" src=\"https:\/\/revistacultura.ro\/nou\/wp-content\/uploads\/2025\/04\/CristianSutu-4135-448x299.jpg\" alt=\"\" class=\"wp-image-27617\" style=\"aspect-ratio:1.7777777777777777;object-fit:cover;width:766px;height:auto\" srcset=\"https:\/\/revistacultura.ro\/nou\/wp-content\/uploads\/2025\/04\/CristianSutu-4135-448x299.jpg 448w, https:\/\/revistacultura.ro\/nou\/wp-content\/uploads\/2025\/04\/CristianSutu-4135-300x200.jpg 300w, https:\/\/revistacultura.ro\/nou\/wp-content\/uploads\/2025\/04\/CristianSutu-4135-768x513.jpg 768w, https:\/\/revistacultura.ro\/nou\/wp-content\/uploads\/2025\/04\/CristianSutu-4135-1536x1025.jpg 1536w, https:\/\/revistacultura.ro\/nou\/wp-content\/uploads\/2025\/04\/CristianSutu-4135-2048x1367.jpg 2048w, https:\/\/revistacultura.ro\/nou\/wp-content\/uploads\/2025\/04\/CristianSutu-4135-930x620.jpg 930w\" sizes=\"auto, (max-width: 448px) 100vw, 448px\" \/><\/figure>\n\n\n\n<p>Autor: NICU ILIE<\/p>\n\n\n\n<blockquote class=\"wp-block-quote is-layout-flow wp-block-quote-is-layout-flow\">\n<p class=\"has-text-align-left has-neve-link-hover-color-color has-text-color has-link-color wp-elements-8cbd1c4f500be2893876566cfa7e0fad\">Cumva, lucrurile merg. Sau par s\u0103 mearg\u0103. Ascuns \u00een lumea lui, rupt de ceea ce constituie marile dezbateri publice, satul rom\u00e2nesc subzist\u0103. \u0218i acumuleaz\u0103 tensiuni, frustr\u0103ri \u0219i&nbsp;<em>hate<\/em>. \u00cen mass-media apare doar \u00een fotografii edulcorate \u0219i \u00een \u0219tiri despre crime odioase. Disolu\u021bia economic\u0103, social\u0103, moral\u0103 \u0219i cultural\u0103 r\u0103m\u00e2n invizibile.<\/p>\n<\/blockquote>\n\n\n\n<ol class=\"wp-block-list\">\n<li><a href=\"https:\/\/revistacultura.ro\/ce-e-in-neregula-cu-viata-la-sat\/#ib-toc-anchor-0\">Statistici, statistici<\/a><\/li>\n\n\n\n<li><a href=\"https:\/\/revistacultura.ro\/ce-e-in-neregula-cu-viata-la-sat\/#ib-toc-anchor-1\">Satul rom\u00e2nesc \u00eentre realitate \u0219i fic\u021biune statistic\u0103<\/a><\/li>\n\n\n\n<li><a href=\"https:\/\/revistacultura.ro\/ce-e-in-neregula-cu-viata-la-sat\/#ib-toc-anchor-2\">Rurban<\/a><\/li>\n\n\n\n<li><a href=\"https:\/\/revistacultura.ro\/ce-e-in-neregula-cu-viata-la-sat\/#ib-toc-anchor-3\">\u021a\u0103ranul \u2013 un cuv\u00e2nt sinonim cu lipsa de acces<\/a><\/li>\n\n\n\n<li><a href=\"https:\/\/revistacultura.ro\/ce-e-in-neregula-cu-viata-la-sat\/#ib-toc-anchor-4\">Via\u021ba la \u021bar\u0103<\/a><\/li>\n\n\n\n<li><a href=\"https:\/\/revistacultura.ro\/ce-e-in-neregula-cu-viata-la-sat\/#ib-toc-anchor-5\">O catastrof\u0103 social\u0103 bine mascat\u0103<\/a><\/li>\n\n\n\n<li><a href=\"https:\/\/revistacultura.ro\/ce-e-in-neregula-cu-viata-la-sat\/#ib-toc-anchor-6\">Rom\u00e2nia invizibil\u0103<\/a><\/li>\n\n\n\n<li><a href=\"https:\/\/revistacultura.ro\/ce-e-in-neregula-cu-viata-la-sat\/#ib-toc-anchor-7\">De la \u021b\u0103ran la fermier (cu asterisc)<\/a><\/li>\n<\/ol>\n\n\n\n<p><strong><a href=\"https:\/\/revistacultura.ro\/ce-e-in-neregula-cu-viata-la-sat\/\">articolul integral<\/a><\/strong><\/p>\n\n\n\n<blockquote class=\"wp-block-quote is-layout-flow wp-block-quote-is-layout-flow\">\n<blockquote class=\"wp-block-quote is-layout-flow wp-block-quote-is-layout-flow\">\n<blockquote class=\"wp-block-quote has-text-align-left is-layout-flow wp-block-quote-is-layout-flow\">\n<p><\/p>\n<\/blockquote>\n<\/blockquote>\n<\/blockquote>\n<\/div>\n<\/div>\n<\/div><\/div>\n\n\n\n<div class=\"wp-block-group\" style=\"border-width:1px;padding-top:var(--wp--preset--spacing--20);padding-right:var(--wp--preset--spacing--50);padding-bottom:var(--wp--preset--spacing--20);padding-left:var(--wp--preset--spacing--50)\"><div class=\"wp-block-group__inner-container is-layout-constrained wp-container-core-group-is-layout-3543ed5c wp-block-group-is-layout-constrained\"><div class=\"wp-block-image\">\n<figure class=\"aligncenter size-full is-resized\"><img loading=\"lazy\" decoding=\"async\" width=\"700\" height=\"400\" src=\"https:\/\/revistacultura.ro\/nou\/wp-content\/uploads\/2025\/04\/Rusesti-075-1.webp\" alt=\"\" class=\"wp-image-27618\" style=\"aspect-ratio:1.7777777777777777;object-fit:cover;width:754px;height:auto\" srcset=\"https:\/\/revistacultura.ro\/nou\/wp-content\/uploads\/2025\/04\/Rusesti-075-1.webp 700w, https:\/\/revistacultura.ro\/nou\/wp-content\/uploads\/2025\/04\/Rusesti-075-1-300x171.webp 300w, https:\/\/revistacultura.ro\/nou\/wp-content\/uploads\/2025\/04\/Rusesti-075-1-448x256.webp 448w\" sizes=\"auto, (max-width: 700px) 100vw, 700px\" \/><\/figure>\n<\/div>\n\n\n<div class=\"wp-block-columns is-layout-flex wp-container-core-columns-is-layout-d735db0d wp-block-columns-is-layout-flex\" style=\"padding-top:0;padding-right:0;padding-bottom:0;padding-left:0\">\n<div class=\"wp-block-column is-layout-flow wp-block-column-is-layout-flow\" style=\"flex-basis:50%\">\n<p class=\"has-neve-link-hover-color-color has-text-color has-link-color wp-elements-b45af7e18c6aa4535a509e8cce497a04\">INVITA\u021aI<\/p>\n\n\n\n<h4 class=\"wp-block-heading\"><a href=\"https:\/\/revistacultura.ro\/taranul-european-este-un-construct-cultural-vechi-de-un-secol-si-jumatate\/\">Narcisa \u0218tiuc\u0103: <br>\u201e\u021a\u0103ranul european este un construct cultural vechi de un secol \u0219i jum\u0103tate\u201d<\/a><\/h4>\n\n\n\n<p>Interviu realizat de&nbsp;CORINA TARA\u0218-LUNGU<\/p>\n\n\n\n<p>\u201e<strong><em>Toate tr\u0103s\u0103turile \u2013 pe care unii dintre noi chiar \u0219i ast\u0103zi i le atribuim \u2013 \u021bin de o anumit\u0103 percep\u021bie \u0219i de anumite cli\u0219ee preformate: \u021b\u0103ranul este bun pentru c\u0103 este credincios iar Dumnezeu \u00eel iube\u0219te; \u021b\u0103ranul este harnic \u0219i priceput, c\u0103ci din roadele muncii sale ne hr\u0103nim cu to\u021bii; \u021b\u0103ranul este statornic iubitor al gliei str\u0103bune pe care n-ar p\u0103r\u0103si-o niciodat\u0103; \u021b\u0103ranul este drept, este pa\u0219nic, este iubitor de frumos\u2026 Dincolo de aceste calit\u0103\u021bi pare s\u0103 nu mai existe excelen\u021b\u0103 pentru c\u0103 el le \u00eentrune\u0219te pe toate \u00eentocmai ca un erou mitic.<\/em><\/strong>\u201d<\/p>\n<\/div>\n\n\n\n<div class=\"wp-block-column is-layout-flow wp-block-column-is-layout-flow\" style=\"flex-basis:50%\">\n<figure class=\"wp-block-image size-full\"><img loading=\"lazy\" decoding=\"async\" width=\"285\" height=\"506\" src=\"https:\/\/revistacultura.ro\/nou\/wp-content\/uploads\/2025\/04\/Narcisa_Stiuca-1-edited.webp\" alt=\"\" class=\"wp-image-27626\" style=\"aspect-ratio:9\/16;object-fit:cover\" srcset=\"https:\/\/revistacultura.ro\/nou\/wp-content\/uploads\/2025\/04\/Narcisa_Stiuca-1-edited.webp 285w, https:\/\/revistacultura.ro\/nou\/wp-content\/uploads\/2025\/04\/Narcisa_Stiuca-1-edited-169x300.webp 169w\" sizes=\"auto, (max-width: 285px) 100vw, 285px\" \/><\/figure>\n<\/div>\n<\/div>\n\n\n\n<blockquote class=\"wp-block-quote is-layout-flow wp-block-quote-is-layout-flow\">\n<p>\u201eCu to\u021bii pot fi socoti\u021bi \u021b\u0103ranii actuali, dar ni\u0219te&nbsp;<em>\u021b\u0103rani altfel<\/em>. \u0218i cei care au devenit fermieri deprinz\u00e2ndu-se cu mecanismele financiare comunitare \u0219i cu exigen\u021bele pie\u021bei, \u0219i cei care se c\u0103l\u0103uzesc \u00een conceperea traiului dup\u0103 principiile autarhice str\u0103vechi, cultiv\u00e2nd c\u00e2t au nevoie pentru subzisten\u021b\u0103, \u0219i cei care, pleca\u021bi departe, care revin o dat\u0103 pe an la cositul f\u00e2nului sau la culesul viilor, \u0219i cei care doar expediaz\u0103 agoniseala \u00een euro pentru a construi acas\u0103 vile multietajate, fastuoase, care s\u0103-i impresioneze pe cons\u0103teni.\u201d<\/p>\n<\/blockquote>\n\n\n<div class=\"wp-block-image\">\n<figure class=\"aligncenter size-full is-resized\"><img loading=\"lazy\" decoding=\"async\" width=\"2560\" height=\"1708\" src=\"http:\/\/revistacultura.ro\/nou\/wp-content\/uploads\/2025\/04\/CristianSutu-4071-2-scaled.jpg\" alt=\"\" class=\"wp-image-27628\" style=\"aspect-ratio:1.7777777777777777;object-fit:cover;width:754px;height:auto\" srcset=\"https:\/\/revistacultura.ro\/nou\/wp-content\/uploads\/2025\/04\/CristianSutu-4071-2-scaled.jpg 2560w, https:\/\/revistacultura.ro\/nou\/wp-content\/uploads\/2025\/04\/CristianSutu-4071-2-300x200.jpg 300w, https:\/\/revistacultura.ro\/nou\/wp-content\/uploads\/2025\/04\/CristianSutu-4071-2-448x299.jpg 448w, https:\/\/revistacultura.ro\/nou\/wp-content\/uploads\/2025\/04\/CristianSutu-4071-2-768x513.jpg 768w, https:\/\/revistacultura.ro\/nou\/wp-content\/uploads\/2025\/04\/CristianSutu-4071-2-1536x1025.jpg 1536w, https:\/\/revistacultura.ro\/nou\/wp-content\/uploads\/2025\/04\/CristianSutu-4071-2-2048x1367.jpg 2048w, https:\/\/revistacultura.ro\/nou\/wp-content\/uploads\/2025\/04\/CristianSutu-4071-2-930x620.jpg 930w\" sizes=\"auto, (max-width: 2560px) 100vw, 2560px\" \/><\/figure>\n<\/div>\n\n\n<p><strong><a href=\"https:\/\/revistacultura.ro\/taranul-european-este-un-construct-cultural-vechi-de-un-secol-si-jumatate\/\">articolul integral<\/a><\/strong><\/p>\n<\/div><\/div>\n\n\n\n<div class=\"wp-block-group\" style=\"border-width:1px;padding-top:var(--wp--preset--spacing--20);padding-right:var(--wp--preset--spacing--50);padding-bottom:var(--wp--preset--spacing--20);padding-left:var(--wp--preset--spacing--50)\"><div class=\"wp-block-group__inner-container is-layout-constrained wp-container-core-group-is-layout-3543ed5c wp-block-group-is-layout-constrained\">\n<div class=\"wp-block-columns is-layout-flex wp-container-core-columns-is-layout-d735db0d wp-block-columns-is-layout-flex\" style=\"padding-top:0;padding-right:0;padding-bottom:0;padding-left:0\">\n<div class=\"wp-block-column is-layout-flow wp-block-column-is-layout-flow\" style=\"flex-basis:100%\">\n<div style=\"height:31px\" aria-hidden=\"true\" class=\"wp-block-spacer\"><\/div>\n\n\n\n<h2 class=\"wp-block-heading has-text-align-center has-neve-link-hover-color-color has-text-color has-link-color wp-elements-067c933b7eaebf3f7d5dd9be5642fbd0\"><a href=\"https:\/\/revistacultura.ro\/imaginea-strainilor-in-perceptia-publica\/\">Societatea rom\u00e2neasc\u0103 la R.M.N.<\/a><a href=\"https:\/\/revistacultura.ro\/ce-e-in-neregula-cu-viata-la-sat\/\"> <\/a><\/h2>\n\n\n\n<p>ANALIZ\u0102<\/p>\n\n\n\n<h3 class=\"wp-block-heading\"><a href=\"https:\/\/revistacultura.ro\/imaginea-strainilor-in-perceptia-publica\/\">Imaginea str\u0103inilor \u00een percep\u021bia public\u0103<\/a><\/h3>\n\n\n\n<p>Autor: NICU ILIE<\/p>\n\n\n\n<blockquote class=\"wp-block-quote is-layout-flow wp-block-quote-is-layout-flow\">\n<p>Rom\u00e2nia r\u0103m\u00e2ne statul din Uniunea European\u0103 cu cea mai mic\u0103 imigra\u021bie. Totu\u0219i, pe fondul ascensiunii unor curente ultrana\u021bionaliste \u00een politica european\u0103, modul cum sunt v\u0103zu\u021bi str\u0103inii tinde s\u0103 se radicalizeze \u0219i \u00een Rom\u00e2nia, \u00eentre sus\u021bin\u0103tori \u0219i oponen\u021bi ai migra\u021biei, chiar dac\u0103 \u00een cazul celor din urm\u0103 xenofobia este aproape f\u0103r\u0103 obiect, un simplu reflex de imita\u021bie fa\u021b\u0103 de alte \u021b\u0103ri europene.<\/p>\n<\/blockquote>\n\n\n\n<p class=\"has-text-align-left has-neve-link-hover-color-color has-text-color has-link-color wp-elements-279a755b9ddbdb5099543e9b84ed16be\"><strong><em>Bani, oameni, efect cultural \u2013 acestea sunt, simplificat, elementele-cheie ale oric\u0103rei discu\u021bii despre str\u0103ini.<\/em><\/strong><\/p>\n\n\n\n<figure class=\"wp-block-image size-large is-resized\"><img loading=\"lazy\" decoding=\"async\" width=\"448\" height=\"271\" src=\"https:\/\/revistacultura.ro\/nou\/wp-content\/uploads\/2025\/04\/20230604_160837-930x562-1-448x271.webp\" alt=\"\" class=\"wp-image-27630\" style=\"aspect-ratio:1.7777777777777777;object-fit:cover;width:766px;height:auto\" srcset=\"https:\/\/revistacultura.ro\/nou\/wp-content\/uploads\/2025\/04\/20230604_160837-930x562-1-448x271.webp 448w, https:\/\/revistacultura.ro\/nou\/wp-content\/uploads\/2025\/04\/20230604_160837-930x562-1-300x181.webp 300w, https:\/\/revistacultura.ro\/nou\/wp-content\/uploads\/2025\/04\/20230604_160837-930x562-1-768x464.webp 768w, https:\/\/revistacultura.ro\/nou\/wp-content\/uploads\/2025\/04\/20230604_160837-930x562-1.webp 930w\" sizes=\"auto, (max-width: 448px) 100vw, 448px\" \/><\/figure>\n\n\n\n<blockquote class=\"wp-block-quote is-layout-flow wp-block-quote-is-layout-flow\">\n<blockquote class=\"wp-block-quote is-layout-flow wp-block-quote-is-layout-flow\">\n<blockquote class=\"wp-block-quote has-text-align-left is-layout-flow wp-block-quote-is-layout-flow\"><\/blockquote>\n<\/blockquote>\n<\/blockquote>\n\n\n\n<h3 class=\"wp-block-heading\">Imigran\u021bii \u2013 v\u0103zu\u021bi \u00een spectrul amenin\u021b\u0103rii<\/h3>\n\n\n\n<blockquote class=\"wp-block-quote is-layout-flow wp-block-quote-is-layout-flow\">\n<p>Inerent, un nivel de \u0219colaritate crescut aduce cu sine mai mult\u0103 siguran\u021b\u0103, at\u00e2t cultural\u0103, c\u00e2t \u0219i economic\u0103. Cei cu studii reduse sunt mai predispu\u0219i s\u0103 se simt\u0103 amenin\u021ba\u021bi. De asemenea, cei din mediul rural \u0219i din micile ora\u0219e sunt mai pu\u021bin favorabili imigra\u021biei, chiar dac\u0103 tocmai \u00een aceste localit\u0103\u021bi imigra\u021bia este mic\u0103 sau inexistent\u0103. (\u00cen cazul celor din Orientul Mijlociu situa\u021bia este diferit\u0103. Cei mai \u00eengrijora\u021bi sunt cei din Bucure\u0219ti \u0219i marile ora\u0219e).<\/p>\n<\/blockquote>\n\n\n\n<p>Profilul celor care consider\u0103 c\u0103 imigran\u021bii din alte state UE reprezint\u0103 o mare amenin\u021bare pentru Rom\u00e2nia:&nbsp;<a href=\"https:\/\/www.inscop.ro\/wp-content\/uploads\/2024\/04\/29.04-INSCOP-News.ro-Imigratie.pdf\">https:\/\/www.inscop.ro\/wp-content\/uploads\/2024\/04\/29.04-INSCOP-News.ro-Imigratie.pdf<\/a><\/p>\n\n\n\n<p><strong><a href=\"https:\/\/revistacultura.ro\/imaginea-strainilor-in-perceptia-publica\/\">articolul integral<\/a><\/strong><\/p>\n\n\n\n<blockquote class=\"wp-block-quote is-layout-flow wp-block-quote-is-layout-flow\"><\/blockquote>\n<\/div>\n<\/div>\n<\/div><\/div>\n\n\n\n<div class=\"wp-block-group\" style=\"border-width:1px;padding-top:var(--wp--preset--spacing--20);padding-right:var(--wp--preset--spacing--50);padding-bottom:var(--wp--preset--spacing--20);padding-left:var(--wp--preset--spacing--50)\"><div class=\"wp-block-group__inner-container is-layout-constrained wp-container-core-group-is-layout-3543ed5c wp-block-group-is-layout-constrained\">\n<div class=\"wp-block-columns is-layout-flex wp-container-core-columns-is-layout-d735db0d wp-block-columns-is-layout-flex\" style=\"padding-top:0;padding-right:0;padding-bottom:0;padding-left:0\">\n<div class=\"wp-block-column is-layout-flow wp-block-column-is-layout-flow\" style=\"flex-basis:100%\">\n<p class=\"has-neve-link-hover-color-color has-text-color has-link-color wp-elements-212d366a4d1223a7be3954e2004f566d\">CERCETARE<\/p>\n\n\n\n<h3 class=\"wp-block-heading\"><a href=\"https:\/\/revistacultura.ro\/orasul-neterminat-fragment\/\"><strong>\u201eOra\u0219ul neterminat\u201d<\/strong> <\/a><\/h3>\n\n\n\n<p><em><strong>O carte despre transformarea Capitalei \u00een perioada regimului comunist.<\/strong><\/em><\/p>\n\n\n\n<figure class=\"wp-block-image size-large\"><img loading=\"lazy\" decoding=\"async\" width=\"1000\" height=\"563\" src=\"https:\/\/revistacultura.ro\/nou\/wp-content\/uploads\/2025\/04\/Fig_3-edited.webp\" alt=\"\" class=\"wp-image-27643\" style=\"aspect-ratio:16\/9;object-fit:cover\" srcset=\"https:\/\/revistacultura.ro\/nou\/wp-content\/uploads\/2025\/04\/Fig_3-edited.webp 1000w, https:\/\/revistacultura.ro\/nou\/wp-content\/uploads\/2025\/04\/Fig_3-edited-300x169.webp 300w, https:\/\/revistacultura.ro\/nou\/wp-content\/uploads\/2025\/04\/Fig_3-edited-448x252.webp 448w, https:\/\/revistacultura.ro\/nou\/wp-content\/uploads\/2025\/04\/Fig_3-edited-768x432.webp 768w\" sizes=\"auto, (max-width: 1000px) 100vw, 1000px\" \/><\/figure>\n\n\n\n<div class=\"wp-block-columns is-layout-flex wp-container-core-columns-is-layout-9d6595d7 wp-block-columns-is-layout-flex\">\n<div class=\"wp-block-column is-layout-flow wp-block-column-is-layout-flow\" style=\"flex-basis:300px\">\n<figure class=\"wp-block-image size-large is-resized\"><img loading=\"lazy\" decoding=\"async\" width=\"448\" height=\"638\" src=\"http:\/\/revistacultura.ro\/nou\/wp-content\/uploads\/2025\/04\/Orasul_neterminat-448x638.webp\" alt=\"\" class=\"wp-image-27641\" style=\"width:258px;height:auto\" srcset=\"https:\/\/revistacultura.ro\/nou\/wp-content\/uploads\/2025\/04\/Orasul_neterminat-448x638.webp 448w, https:\/\/revistacultura.ro\/nou\/wp-content\/uploads\/2025\/04\/Orasul_neterminat-211x300.webp 211w, https:\/\/revistacultura.ro\/nou\/wp-content\/uploads\/2025\/04\/Orasul_neterminat.webp 600w\" sizes=\"auto, (max-width: 448px) 100vw, 448px\" \/><\/figure>\n<\/div>\n\n\n\n<div class=\"wp-block-column is-layout-flow wp-block-column-is-layout-flow\">\n<p>Politicile noului regim au afectat at\u00e2t structura social\u0103, familial\u0103, c\u00e2t \u015fi cea demografic\u0103 a \u0163\u0103rii, realiz\u00e2nd un nou context economic, social \u015fi politic. Urm\u0103rile aplic\u0103rii legii na\u0163ionaliz\u0103rii imobilelor, care a eliminat proprietatea privat\u0103, au fost c\u0103 majoritatea cov\u00e2r\u015fitoare a c\u0103p\u0103tat statutul de chiria\u015f. Migra\u0163ia din mediul rural era rezultatul colectiviz\u0103rii, c\u00e2nd fo\u015ftii proprietari de terenuri au c\u0103utat s\u0103-\u015fi c\u00e2\u015ftige traiul \u00een mediul urban, rezult\u00e2nd de aici un proces de ruralizare a ora\u015felor, proces facilitat de alt\u0103 politic\u0103: cea a industrializ\u0103rii accelerate.<\/p>\n\n\n\n<p><strong><a href=\"https:\/\/revistacultura.ro\/orasul-neterminat-fragment\/\">articolul integral<\/a><\/strong><\/p>\n<\/div>\n<\/div>\n<\/div>\n<\/div>\n<\/div><\/div>\n\n\n\n<div class=\"wp-block-columns is-layout-flex wp-container-core-columns-is-layout-9d6595d7 wp-block-columns-is-layout-flex\">\n<div class=\"wp-block-column is-layout-flow wp-block-column-is-layout-flow\" style=\"flex-basis:100%\">\n<div class=\"wp-block-group\" style=\"border-width:1px;padding-top:var(--wp--preset--spacing--20);padding-right:var(--wp--preset--spacing--50);padding-bottom:var(--wp--preset--spacing--20);padding-left:var(--wp--preset--spacing--50)\"><div class=\"wp-block-group__inner-container is-layout-constrained wp-container-core-group-is-layout-3543ed5c wp-block-group-is-layout-constrained\">\n<h2 class=\"wp-block-heading has-text-align-center\"><a href=\"https:\/\/revistacultura.ro\/emigrantii-nostri-sunt-in-mod-straniu-mai-nationalisti-decat-sedentarii\/\">Eticheta de \u201estr\u0103in\u201d<\/a><\/h2>\n\n\n\n<div class=\"wp-block-columns is-layout-flex wp-container-core-columns-is-layout-d735db0d wp-block-columns-is-layout-flex\" style=\"padding-top:0;padding-right:0;padding-bottom:0;padding-left:0\">\n<div class=\"wp-block-column is-layout-flow wp-block-column-is-layout-flow\" style=\"flex-basis:50%\">\n<figure class=\"wp-block-image size-full is-resized\"><img loading=\"lazy\" decoding=\"async\" width=\"1024\" height=\"575\" src=\"https:\/\/revistacultura.ro\/nou\/wp-content\/uploads\/2025\/04\/cc_UB.webp\" alt=\"\" class=\"wp-image-27631\" style=\"aspect-ratio:0.5625;object-fit:cover;width:305px;height:auto\" srcset=\"https:\/\/revistacultura.ro\/nou\/wp-content\/uploads\/2025\/04\/cc_UB.webp 1024w, https:\/\/revistacultura.ro\/nou\/wp-content\/uploads\/2025\/04\/cc_UB-300x168.webp 300w, https:\/\/revistacultura.ro\/nou\/wp-content\/uploads\/2025\/04\/cc_UB-448x252.webp 448w, https:\/\/revistacultura.ro\/nou\/wp-content\/uploads\/2025\/04\/cc_UB-768x431.webp 768w\" sizes=\"auto, (max-width: 1024px) 100vw, 1024px\" \/><\/figure>\n<\/div>\n\n\n\n<div class=\"wp-block-column is-layout-flow wp-block-column-is-layout-flow\" style=\"flex-basis:50%\">\n<p class=\"has-neve-link-hover-color-color has-text-color has-link-color wp-elements-b45af7e18c6aa4535a509e8cce497a04\">INVITA\u021aI<\/p>\n\n\n\n<p class=\"has-neve-link-hover-color-color has-text-color has-link-color wp-elements-f913c24c8e276692d6538f0cb06791d6\">Interviu realizat de&nbsp;CORINA TARA\u0218-LUNGU<br><\/p>\n\n\n\n<h3 class=\"wp-block-heading\"><a href=\"https:\/\/revistacultura.ro\/emigrantii-nostri-sunt-in-mod-straniu-mai-nationalisti-decat-sedentarii\/\"><strong>C\u0103lin Cotoi<\/strong>: <\/a><br><a href=\"https:\/\/revistacultura.ro\/emigrantii-nostri-sunt-in-mod-straniu-mai-nationalisti-decat-sedentarii\/\">\u201eEmigran\u021bii no\u0219tri sunt, \u00een mod straniu, <\/a><br><a href=\"https:\/\/revistacultura.ro\/emigrantii-nostri-sunt-in-mod-straniu-mai-nationalisti-decat-sedentarii\/\">mai na\u021bionali\u0219ti <\/a><br><a href=\"https:\/\/revistacultura.ro\/emigrantii-nostri-sunt-in-mod-straniu-mai-nationalisti-decat-sedentarii\/\">dec\u00e2t sedentarii\u201d<\/a><\/h3>\n\n\n\n<p>\u201e<strong><em>S\u0103 \u00ee\u021bi asumi o vin\u0103 colectiv\u0103 \u0219i s\u0103 vrei s\u0103 te redresezi \u00eenseamn\u0103 un soi de investi\u021bie \u00eentr-o anumit\u0103 form\u0103 de educa\u021bie care dureaz\u0103 timp de genera\u021bii. Adic\u0103 nu ne trezim brusc \u00een con\u0219tiin\u021b\u0103 \u0219i ne d\u0103m seama c\u0103 \u0219i noi suntem de vin\u0103.<\/em><\/strong>\u201d<\/p>\n\n\n\n<blockquote class=\"wp-block-quote is-layout-flow wp-block-quote-is-layout-flow\">\n<blockquote class=\"wp-block-quote is-layout-flow wp-block-quote-is-layout-flow\">\n<p><\/p>\n<\/blockquote>\n<\/blockquote>\n<\/div>\n<\/div>\n\n\n\n<blockquote class=\"wp-block-quote is-layout-flow wp-block-quote-is-layout-flow\">\n<p>\u201eMie nu mi se pare c\u0103 exist\u0103 un soi de substan\u021b\u0103 ideologic\u0103 foarte clar\u0103 \u00een Rom\u00e2nia \u00een acest moment, ci mai cur\u00e2nd un soi de nemul\u021bumire care \u00ee\u0219i g\u0103se\u0219te diferite cuvinte, forme \u0219i \u00eenf\u0103\u021bi\u0219\u0103ri. Legionarismul nu \u0219tiu dac\u0103 are o continuare direct\u0103 ast\u0103zi, ca la sf\u00e2r\u0219it de secol XX. \u00cen anii 1990 patriotismul era bun \u0219i na\u021bionalismul era r\u0103u. Elitele erau patriotice \u0219i t\u00e2njeau dup\u0103 integrarea european\u0103, care era v\u0103zut\u0103 ca un final istoric \u2013 ajungem \u00een UE \u0219i gata, o s\u0103 ne fie bine. La polul opus erau revoltele populiste. E evident c\u0103 ast\u0103zi o ducem mai bine, dar nu ne-am rezolvat toate problemele \u0219i nemul\u021bumirea cred c\u0103 va lua mereu la noi o form\u0103 de na\u021bionalism&#8230;\u201d<\/p>\n<\/blockquote>\n\n\n\n<p><strong><a href=\"https:\/\/revistacultura.ro\/emigrantii-nostri-sunt-in-mod-straniu-mai-nationalisti-decat-sedentarii\/\">articolul integral<\/a><\/strong><\/p>\n<\/div><\/div>\n<\/div>\n<\/div>\n\n\n\n<div class=\"wp-block-group\" style=\"border-width:1px;padding-top:var(--wp--preset--spacing--20);padding-right:var(--wp--preset--spacing--50);padding-bottom:var(--wp--preset--spacing--20);padding-left:var(--wp--preset--spacing--50)\"><div class=\"wp-block-group__inner-container is-layout-constrained wp-container-core-group-is-layout-3543ed5c wp-block-group-is-layout-constrained\"><div class=\"wp-block-image\">\n<figure class=\"aligncenter size-full\"><img loading=\"lazy\" decoding=\"async\" width=\"668\" height=\"376\" src=\"https:\/\/revistacultura.ro\/nou\/wp-content\/uploads\/2025\/04\/calitatea-produselor-inscop.webp\" alt=\"\" class=\"wp-image-27634\" srcset=\"https:\/\/revistacultura.ro\/nou\/wp-content\/uploads\/2025\/04\/calitatea-produselor-inscop.webp 668w, https:\/\/revistacultura.ro\/nou\/wp-content\/uploads\/2025\/04\/calitatea-produselor-inscop-300x169.webp 300w, https:\/\/revistacultura.ro\/nou\/wp-content\/uploads\/2025\/04\/calitatea-produselor-inscop-448x252.webp 448w\" sizes=\"auto, (max-width: 668px) 100vw, 668px\" \/><\/figure>\n<\/div>\n\n\n<div class=\"wp-block-columns is-layout-flex wp-container-core-columns-is-layout-d735db0d wp-block-columns-is-layout-flex\" style=\"padding-top:0;padding-right:0;padding-bottom:0;padding-left:0\">\n<div class=\"wp-block-column is-layout-flow wp-block-column-is-layout-flow\" style=\"flex-basis:50%\">\n<p class=\"has-neve-link-hover-color-color has-text-color has-link-color wp-elements-a09088504530c8a185acbee19730dc6b\">INVITA\u021aI<br><\/p>\n\n\n\n<h3 class=\"wp-block-heading\"><a href=\"https:\/\/revistacultura.ro\/despre-patriotism-economic-real-iluzia-populismului-si-raspunsuri-pragmatice\/\">Remus \u0218tefureac:<br>Despre patriotism economic real, iluzia populismului \u0219i r\u0103spunsuri pragmatice<\/a><\/h3>\n\n\n\n<p><\/p>\n<\/div>\n\n\n\n<div class=\"wp-block-column is-layout-flow wp-block-column-is-layout-flow\" style=\"flex-basis:50%\">\n<figure class=\"wp-block-image size-full\"><img loading=\"lazy\" decoding=\"async\" width=\"1000\" height=\"667\" src=\"https:\/\/revistacultura.ro\/nou\/wp-content\/uploads\/2025\/04\/remus-stefureac-informat.ro_.webp\" alt=\"\" class=\"wp-image-27635\" style=\"aspect-ratio:1;object-fit:cover\" srcset=\"https:\/\/revistacultura.ro\/nou\/wp-content\/uploads\/2025\/04\/remus-stefureac-informat.ro_.webp 1000w, https:\/\/revistacultura.ro\/nou\/wp-content\/uploads\/2025\/04\/remus-stefureac-informat.ro_-300x200.webp 300w, https:\/\/revistacultura.ro\/nou\/wp-content\/uploads\/2025\/04\/remus-stefureac-informat.ro_-448x299.webp 448w, https:\/\/revistacultura.ro\/nou\/wp-content\/uploads\/2025\/04\/remus-stefureac-informat.ro_-768x512.webp 768w, https:\/\/revistacultura.ro\/nou\/wp-content\/uploads\/2025\/04\/remus-stefureac-informat.ro_-930x620.webp 930w\" sizes=\"auto, (max-width: 1000px) 100vw, 1000px\" \/><\/figure>\n<\/div>\n<\/div>\n\n\n\n<p><strong><em>Dup\u0103 aproape dou\u0103 decenii scurse de la integrarea euroatlantic\u0103, Rom\u00e2nia a epuizat \u0219i copil\u0103ria, \u0219i adolescen\u021ba noii sale vie\u021bi de stat membru al Uniunii Europene. Ne apropiem de maturitate \u0219i, pe bun\u0103 dreptate, ne dorim ceva mai mult de la statutul de \u021bar\u0103 european\u0103, vrem o \u021bar\u0103 ca afar\u0103 \u0219i din perspectiva for\u021bei economice, chiar dac\u0103 nu \u00een\u021belegem pe deplin subtilit\u0103\u021bile economiilor interconectate \u0219i riscurile mortale ale izol\u0103rii.<\/em><\/strong><\/p>\n\n\n\n<p><strong><a href=\"https:\/\/revistacultura.ro\/despre-patriotism-economic-real-iluzia-populismului-si-raspunsuri-pragmatice\/\">articolul integral<\/a><\/strong><\/p>\n<\/div><\/div>\n\n\n\n<div class=\"wp-block-group\" style=\"border-width:1px;padding-top:var(--wp--preset--spacing--20);padding-right:var(--wp--preset--spacing--50);padding-bottom:var(--wp--preset--spacing--20);padding-left:var(--wp--preset--spacing--50)\"><div class=\"wp-block-group__inner-container is-layout-constrained wp-container-core-group-is-layout-3543ed5c wp-block-group-is-layout-constrained\"><div class=\"wp-block-image\">\n<figure class=\"aligncenter size-full\"><img loading=\"lazy\" decoding=\"async\" width=\"1880\" height=\"1255\" src=\"https:\/\/revistacultura.ro\/nou\/wp-content\/uploads\/2025\/04\/pexels-photo-3955001.jpeg\" alt=\"\" class=\"wp-image-27636\" srcset=\"https:\/\/revistacultura.ro\/nou\/wp-content\/uploads\/2025\/04\/pexels-photo-3955001.jpeg 1880w, https:\/\/revistacultura.ro\/nou\/wp-content\/uploads\/2025\/04\/pexels-photo-3955001-300x200.jpeg 300w, https:\/\/revistacultura.ro\/nou\/wp-content\/uploads\/2025\/04\/pexels-photo-3955001-448x299.jpeg 448w, https:\/\/revistacultura.ro\/nou\/wp-content\/uploads\/2025\/04\/pexels-photo-3955001-768x513.jpeg 768w, https:\/\/revistacultura.ro\/nou\/wp-content\/uploads\/2025\/04\/pexels-photo-3955001-1536x1025.jpeg 1536w, https:\/\/revistacultura.ro\/nou\/wp-content\/uploads\/2025\/04\/pexels-photo-3955001-930x620.jpeg 930w\" sizes=\"auto, (max-width: 1880px) 100vw, 1880px\" \/><\/figure>\n<\/div>\n\n\n<div class=\"wp-block-columns is-layout-flex wp-container-core-columns-is-layout-d735db0d wp-block-columns-is-layout-flex\" style=\"padding-top:0;padding-right:0;padding-bottom:0;padding-left:0\">\n<div class=\"wp-block-column is-layout-flow wp-block-column-is-layout-flow\" style=\"flex-basis:50%\">\n<p class=\"has-neve-link-hover-color-color has-text-color has-link-color wp-elements-f8e1b9550c657860f119aefa1b67bf11\">C\u00c2MPURI DE EXPERTIZ\u0102<\/p>\n\n\n\n<p>REMUS PRICOPIE<\/p>\n\n\n\n<h3 class=\"wp-block-heading\"><a href=\"https:\/\/revistacultura.ro\/operatiunea-svr-kgb-calin-independentul-pentru-cotroceni-a-esuat-ce-urmeaza\/\">Opera\u021biunea SVR-KGB \u201eC\u0103lin Independentul\u201d pentru Cotroceni a e\u0219uat. Ce urmeaz\u0103?<\/a><\/h3>\n\n\n\n<p><\/p>\n\n\n\n<blockquote class=\"wp-block-quote is-layout-flow wp-block-quote-is-layout-flow\">\n<p>\u00cen acela\u0219i timp, nu trebuie s\u0103 uit\u0103m c\u0103 Moscova are, la Bucure\u0219ti, \u0219i al\u021bi politicieni rom\u00e2ni, a\u0219a cum are \u0219i jurnali\u0219ti rom\u00e2ni, oameni de afaceri rom\u00e2ni, magistra\u021bi rom\u00e2ni, diploma\u021bi rom\u00e2ni, profesori rom\u00e2ni, preo\u021bi rom\u00e2ni, arti\u0219ti rom\u00e2ni etc.&nbsp;<\/p>\n\n\n\n<p><\/p>\n<\/blockquote>\n\n\n\n<p><strong><a href=\"https:\/\/revistacultura.ro\/operatiunea-svr-kgb-calin-independentul-pentru-cotroceni-a-esuat-ce-urmeaza\/\">articolul integral<\/a><\/strong><\/p>\n<\/div>\n\n\n\n<div class=\"wp-block-column is-layout-flow wp-block-column-is-layout-flow\" style=\"flex-basis:50%\">\n<figure class=\"wp-block-image size-large\"><img loading=\"lazy\" decoding=\"async\" width=\"448\" height=\"256\" src=\"https:\/\/revistacultura.ro\/nou\/wp-content\/uploads\/2025\/04\/Remus_Pricopie-448x256.webp\" alt=\"\" class=\"wp-image-27637\" style=\"aspect-ratio:1;object-fit:cover\" srcset=\"https:\/\/revistacultura.ro\/nou\/wp-content\/uploads\/2025\/04\/Remus_Pricopie-448x256.webp 448w, https:\/\/revistacultura.ro\/nou\/wp-content\/uploads\/2025\/04\/Remus_Pricopie-300x171.webp 300w, https:\/\/revistacultura.ro\/nou\/wp-content\/uploads\/2025\/04\/Remus_Pricopie.webp 700w\" sizes=\"auto, (max-width: 448px) 100vw, 448px\" \/><\/figure>\n\n\n\n<figure class=\"wp-block-image size-full\"><img loading=\"lazy\" decoding=\"async\" width=\"1000\" height=\"562\" src=\"http:\/\/revistacultura.ro\/nou\/wp-content\/uploads\/2024\/12\/panou-alegeri_n.webp\" alt=\"\" class=\"wp-image-27562\" srcset=\"https:\/\/revistacultura.ro\/nou\/wp-content\/uploads\/2024\/12\/panou-alegeri_n.webp 1000w, https:\/\/revistacultura.ro\/nou\/wp-content\/uploads\/2024\/12\/panou-alegeri_n-300x169.webp 300w, https:\/\/revistacultura.ro\/nou\/wp-content\/uploads\/2024\/12\/panou-alegeri_n-448x252.webp 448w, https:\/\/revistacultura.ro\/nou\/wp-content\/uploads\/2024\/12\/panou-alegeri_n-768x432.webp 768w\" sizes=\"auto, (max-width: 1000px) 100vw, 1000px\" \/><\/figure>\n<\/div>\n<\/div>\n<\/div><\/div>\n\n\n\n<div class=\"wp-block-group\" style=\"border-width:1px;padding-top:var(--wp--preset--spacing--20);padding-right:var(--wp--preset--spacing--50);padding-bottom:var(--wp--preset--spacing--20);padding-left:var(--wp--preset--spacing--50)\"><div class=\"wp-block-group__inner-container is-layout-constrained wp-container-core-group-is-layout-3543ed5c wp-block-group-is-layout-constrained\"><div class=\"wp-block-image\">\n<figure class=\"aligncenter size-full\"><img loading=\"lazy\" decoding=\"async\" width=\"1880\" height=\"1253\" src=\"https:\/\/revistacultura.ro\/nou\/wp-content\/uploads\/2025\/04\/pexels-photo-2446915.jpeg\" alt=\"\" class=\"wp-image-27645\" srcset=\"https:\/\/revistacultura.ro\/nou\/wp-content\/uploads\/2025\/04\/pexels-photo-2446915.jpeg 1880w, https:\/\/revistacultura.ro\/nou\/wp-content\/uploads\/2025\/04\/pexels-photo-2446915-300x200.jpeg 300w, https:\/\/revistacultura.ro\/nou\/wp-content\/uploads\/2025\/04\/pexels-photo-2446915-448x299.jpeg 448w, https:\/\/revistacultura.ro\/nou\/wp-content\/uploads\/2025\/04\/pexels-photo-2446915-768x512.jpeg 768w, https:\/\/revistacultura.ro\/nou\/wp-content\/uploads\/2025\/04\/pexels-photo-2446915-1536x1024.jpeg 1536w, https:\/\/revistacultura.ro\/nou\/wp-content\/uploads\/2025\/04\/pexels-photo-2446915-930x620.jpeg 930w\" sizes=\"auto, (max-width: 1880px) 100vw, 1880px\" \/><\/figure>\n<\/div>\n\n\n<div class=\"wp-block-columns is-layout-flex wp-container-core-columns-is-layout-d735db0d wp-block-columns-is-layout-flex\" style=\"padding-top:0;padding-right:0;padding-bottom:0;padding-left:0\">\n<div class=\"wp-block-column is-layout-flow wp-block-column-is-layout-flow\" style=\"flex-basis:50%\">\n<p class=\"has-neve-link-hover-color-color has-text-color has-link-color wp-elements-f9c27dba4ff3a65f6706b5dc3c1feec7\"><strong>C\u00c2MPURI DE EXPERTIZ\u0102<\/strong><\/p>\n\n\n\n<p>GEORGE MAIOR<\/p>\n\n\n\n<h3 class=\"wp-block-heading\"><a href=\"https:\/\/revistacultura.ro\/frank-g-wisner-ii\/\">Frank G. Wisner II<\/a><\/h3>\n\n\n\n<figure class=\"wp-block-image size-large\"><img loading=\"lazy\" decoding=\"async\" width=\"448\" height=\"299\" src=\"https:\/\/revistacultura.ro\/nou\/wp-content\/uploads\/2025\/04\/Frank_G._Wisner_US_Under_Secretary_of_State_on_gobal_growth_initiatives-448x299.webp\" alt=\"\" class=\"wp-image-27647\" srcset=\"https:\/\/revistacultura.ro\/nou\/wp-content\/uploads\/2025\/04\/Frank_G._Wisner_US_Under_Secretary_of_State_on_gobal_growth_initiatives-448x299.webp 448w, https:\/\/revistacultura.ro\/nou\/wp-content\/uploads\/2025\/04\/Frank_G._Wisner_US_Under_Secretary_of_State_on_gobal_growth_initiatives-300x200.webp 300w, https:\/\/revistacultura.ro\/nou\/wp-content\/uploads\/2025\/04\/Frank_G._Wisner_US_Under_Secretary_of_State_on_gobal_growth_initiatives-768x512.webp 768w, https:\/\/revistacultura.ro\/nou\/wp-content\/uploads\/2025\/04\/Frank_G._Wisner_US_Under_Secretary_of_State_on_gobal_growth_initiatives-930x620.webp 930w, https:\/\/revistacultura.ro\/nou\/wp-content\/uploads\/2025\/04\/Frank_G._Wisner_US_Under_Secretary_of_State_on_gobal_growth_initiatives.webp 1024w\" sizes=\"auto, (max-width: 448px) 100vw, 448px\" \/><\/figure>\n<\/div>\n\n\n\n<div class=\"wp-block-column is-layout-flow wp-block-column-is-layout-flow\" style=\"flex-basis:50%\">\n<p>Era legat sentimental de Rom\u00e2nia \u0219i prin familie, tat\u0103l s\u0103u, Frank Wisner, fiind primul \u0219ef al sta\u021biei OSS de la Bucure\u0219ti, imediat dup\u0103 evenimentele din 23 August 1944. Ulterior, a devenit unul dintre p\u0103rin\u021bii fondatori ai CIA, pe care a condus-o la nivel operativ ani buni, \u00een perioada dur\u0103 a R\u0103zboiului Rece. Dar experien\u021ba de la Bucure\u0219ti a fost decisiv\u0103 pentru el \u00eentruc\u00e2t aici, \u00een capitala noastr\u0103, a putut observa tragedia absorb\u021biei noastre \u00een sfera de influen\u021b\u0103 sovietic\u0103, distrugerea metodic\u0103 a suveranit\u0103\u021bii unui stat aspirant natural la libertate.&nbsp;&nbsp;<\/p>\n\n\n\n<p><strong><a href=\"https:\/\/revistacultura.ro\/frank-g-wisner-ii\/\">articolul integral<\/a><\/strong><\/p>\n<\/div>\n<\/div>\n<\/div><\/div>\n\n\n\n<div class=\"wp-block-group\" style=\"border-width:1px;padding-top:var(--wp--preset--spacing--20);padding-right:var(--wp--preset--spacing--50);padding-bottom:var(--wp--preset--spacing--20);padding-left:var(--wp--preset--spacing--50)\"><div class=\"wp-block-group__inner-container is-layout-constrained wp-container-core-group-is-layout-3543ed5c wp-block-group-is-layout-constrained\"><div class=\"wp-block-image\">\n<figure class=\"aligncenter size-full\"><img loading=\"lazy\" decoding=\"async\" width=\"930\" height=\"620\" src=\"https:\/\/revistacultura.ro\/nou\/wp-content\/uploads\/2025\/04\/pexels-photo-3063470-930x620-1.jpeg\" alt=\"\" class=\"wp-image-27639\" style=\"aspect-ratio:16\/9;object-fit:cover\" srcset=\"https:\/\/revistacultura.ro\/nou\/wp-content\/uploads\/2025\/04\/pexels-photo-3063470-930x620-1.jpeg 930w, https:\/\/revistacultura.ro\/nou\/wp-content\/uploads\/2025\/04\/pexels-photo-3063470-930x620-1-300x200.jpeg 300w, https:\/\/revistacultura.ro\/nou\/wp-content\/uploads\/2025\/04\/pexels-photo-3063470-930x620-1-448x299.jpeg 448w, https:\/\/revistacultura.ro\/nou\/wp-content\/uploads\/2025\/04\/pexels-photo-3063470-930x620-1-768x512.jpeg 768w\" sizes=\"auto, (max-width: 930px) 100vw, 930px\" \/><\/figure>\n<\/div>\n\n\n<p class=\"has-neve-link-hover-color-color has-text-color has-link-color wp-elements-52934806f598a51502060eacd22ac90f\"><strong>CIFRE CU SUBIECT \u0218I PREDICAT<\/strong><\/p>\n\n\n\n<p class=\"has-neve-link-hover-color-color has-text-color has-link-color wp-elements-aa36eb81b934d352a2d78595c027ce75\">Autor: NICU ILIE<\/p>\n\n\n\n<h3 class=\"wp-block-heading has-text-align-center\"><a href=\"https:\/\/revistacultura.ro\/sa-intelegem-tarifele-lui-trump\/\">S\u0103 \u00een\u021belegem tarifele lui Trump<\/a><\/h3>\n\n\n\n<blockquote class=\"wp-block-quote is-layout-flow wp-block-quote-is-layout-flow\">\n<p>Taxele sau tarifele de import sunt un instrument legitim al statelor \u00een interven\u021bia asupra unor dezechilibre economice sau financiare. \u00centr-o form\u0103 sau alta, ele sunt practicate de toate statele (chiar dac\u0103 unele, inclusiv SUA, au ales s\u0103 pun\u0103 taxe zero \u00een raport cu unii parteneri comerciali).<\/p>\n<\/blockquote>\n\n\n\n<p><strong>SUMAR<\/strong><\/p>\n\n\n\n<ol class=\"wp-block-list\">\n<li><a href=\"https:\/\/revistacultura.ro\/sa-intelegem-tarifele-lui-trump\/#ib-toc-anchor-0\">Colapsul (zgomotos al) unei pie\u021be comune<\/a><\/li>\n\n\n\n<li><a href=\"https:\/\/revistacultura.ro\/sa-intelegem-tarifele-lui-trump\/#ib-toc-anchor-1\">\u00cenainte de NAFTA<\/a><\/li>\n\n\n\n<li><a href=\"https:\/\/revistacultura.ro\/sa-intelegem-tarifele-lui-trump\/#ib-toc-anchor-2\">Dincolo de America de Nord<\/a><\/li>\n\n\n\n<li><a href=\"https:\/\/revistacultura.ro\/sa-intelegem-tarifele-lui-trump\/#ib-toc-anchor-3\">De ce tarife?<\/a><\/li>\n\n\n\n<li><a href=\"https:\/\/revistacultura.ro\/sa-intelegem-tarifele-lui-trump\/#ib-toc-anchor-4\">Vama ca linie de falie doctrinar\u0103<\/a><\/li>\n\n\n\n<li><a href=\"https:\/\/revistacultura.ro\/sa-intelegem-tarifele-lui-trump\/#ib-toc-anchor-5\">Care este impactul real al importurilor \u00een economia american\u0103?<\/a><\/li>\n\n\n\n<li><a href=\"https:\/\/revistacultura.ro\/sa-intelegem-tarifele-lui-trump\/#ib-toc-anchor-6\">Sf\u00e2r\u0219itul epocii GATT<\/a><\/li>\n\n\n\n<li><a href=\"https:\/\/revistacultura.ro\/sa-intelegem-tarifele-lui-trump\/#ib-toc-anchor-7\">Un comentariu la \u201eS\u0103 \u00een\u021belegem tarifele lui Trump\u201d<\/a><\/li>\n<\/ol>\n\n\n\n<p><strong><a href=\"https:\/\/revistacultura.ro\/sa-intelegem-tarifele-lui-trump\/\">articolul integral<\/a><\/strong><\/p>\n<\/div><\/div>\n\n\n\n<div class=\"wp-block-group\" style=\"border-width:1px;padding-top:var(--wp--preset--spacing--20);padding-right:var(--wp--preset--spacing--50);padding-bottom:var(--wp--preset--spacing--20);padding-left:var(--wp--preset--spacing--50)\"><div class=\"wp-block-group__inner-container is-layout-constrained wp-container-core-group-is-layout-3543ed5c wp-block-group-is-layout-constrained\"><div class=\"wp-block-image wp-duotone-000000-rgb233233233-1\">\n<figure class=\"aligncenter size-full has-custom-border\"><img loading=\"lazy\" decoding=\"async\" width=\"800\" height=\"1131\" src=\"https:\/\/revistacultura.ro\/nou\/wp-content\/uploads\/2024\/06\/caseta-638.jpg\" alt=\"\" class=\"wp-image-27279\" style=\"border-style:none;border-width:0px\" srcset=\"https:\/\/revistacultura.ro\/nou\/wp-content\/uploads\/2024\/06\/caseta-638.jpg 800w, https:\/\/revistacultura.ro\/nou\/wp-content\/uploads\/2024\/06\/caseta-638-212x300.jpg 212w, https:\/\/revistacultura.ro\/nou\/wp-content\/uploads\/2024\/06\/caseta-638-448x633.jpg 448w, https:\/\/revistacultura.ro\/nou\/wp-content\/uploads\/2024\/06\/caseta-638-768x1086.jpg 768w\" sizes=\"auto, (max-width: 800px) 100vw, 800px\" \/><\/figure>\n<\/div><\/div><\/div>\n","protected":false},"excerpt":{"rendered":"<p>| Imagine de copert\u0103: foto Cristian \u0218u\u021bu | Ce e \u00een neregul\u0103 cu via\u021ba la sat? ANALIZ\u0102 Rom\u00e2nia invizibil\u0103 Autor: NICU ILIE Cumva, lucrurile merg. Sau par s\u0103 mearg\u0103. Ascuns \u00een lumea lui, rupt de ceea ce constituie marile dezbateri publice, satul rom\u00e2nesc subzist\u0103. \u0218i acumuleaz\u0103 tensiuni, frustr\u0103ri \u0219i&nbsp;hate. \u00cen mass-media apare doar \u00een fotografii&hellip;&nbsp;<a href=\"https:\/\/revistacultura.ro\/nou\/cultura-649\/\" rel=\"bookmark\">Cite\u0219te mai mult &raquo;<span class=\"screen-reader-text\">Cultura 649<\/span><\/a><\/p>\n","protected":false},"author":2,"featured_media":27614,"comment_status":"closed","ping_status":"closed","sticky":false,"template":"","format":"standard","meta":{"neve_meta_sidebar":"","neve_meta_container":"","neve_meta_enable_content_width":"","neve_meta_content_width":0,"neve_meta_title_alignment":"","neve_meta_author_avatar":"","neve_post_elements_order":"[\"content\",\"tags\",\"comments\"]","neve_meta_disable_header":"off","neve_meta_disable_footer":"","neve_meta_disable_title":"","jetpack_post_was_ever_published":false,"_jetpack_newsletter_access":"","_jetpack_dont_email_post_to_subs":false,"_jetpack_newsletter_tier_id":0,"_jetpack_memberships_contains_paywalled_content":false,"_jetpack_memberships_contains_paid_content":false,"footnotes":"","jetpack_publicize_message":"","jetpack_publicize_feature_enabled":true,"jetpack_social_post_already_shared":false,"jetpack_social_options":{"image_generator_settings":{"template":"highway","default_image_id":0,"font":"","enabled":false},"version":2}},"categories":[15496],"tags":[],"class_list":["post-27613","post","type-post","status-publish","format-standard","has-post-thumbnail","hentry","category-sumar"],"views":96,"jetpack_publicize_connections":[],"jetpack_featured_media_url":"https:\/\/revistacultura.ro\/nou\/wp-content\/uploads\/2025\/04\/coperta-649-scaled.jpg","jetpack_sharing_enabled":true,"jetpack-related-posts":[],"_links":{"self":[{"href":"https:\/\/revistacultura.ro\/nou\/wp-json\/wp\/v2\/posts\/27613","targetHints":{"allow":["GET"]}}],"collection":[{"href":"https:\/\/revistacultura.ro\/nou\/wp-json\/wp\/v2\/posts"}],"about":[{"href":"https:\/\/revistacultura.ro\/nou\/wp-json\/wp\/v2\/types\/post"}],"author":[{"embeddable":true,"href":"https:\/\/revistacultura.ro\/nou\/wp-json\/wp\/v2\/users\/2"}],"replies":[{"embeddable":true,"href":"https:\/\/revistacultura.ro\/nou\/wp-json\/wp\/v2\/comments?post=27613"}],"version-history":[{"count":26,"href":"https:\/\/revistacultura.ro\/nou\/wp-json\/wp\/v2\/posts\/27613\/revisions"}],"predecessor-version":[{"id":27676,"href":"https:\/\/revistacultura.ro\/nou\/wp-json\/wp\/v2\/posts\/27613\/revisions\/27676"}],"wp:featuredmedia":[{"embeddable":true,"href":"https:\/\/revistacultura.ro\/nou\/wp-json\/wp\/v2\/media\/27614"}],"wp:attachment":[{"href":"https:\/\/revistacultura.ro\/nou\/wp-json\/wp\/v2\/media?parent=27613"}],"wp:term":[{"taxonomy":"category","embeddable":true,"href":"https:\/\/revistacultura.ro\/nou\/wp-json\/wp\/v2\/categories?post=27613"},{"taxonomy":"post_tag","embeddable":true,"href":"https:\/\/revistacultura.ro\/nou\/wp-json\/wp\/v2\/tags?post=27613"}],"curies":[{"name":"wp","href":"https:\/\/api.w.org\/{rel}","templated":true}]}}