{"id":26800,"date":"2020-09-20T21:14:24","date_gmt":"2020-09-20T19:14:24","guid":{"rendered":"http:\/\/revistacultura.ro\/nou\/?p=26800"},"modified":"2020-10-15T22:51:21","modified_gmt":"2020-10-15T20:51:21","slug":"cultura-615","status":"publish","type":"post","link":"https:\/\/revistacultura.ro\/nou\/cultura-615\/","title":{"rendered":"Cultura 615"},"content":{"rendered":"<div class=\"bla bla real3dflipbook\" id=\"22_69f2946fe0ab4\" style=\"position:absolute;\"><\/div>\n\n\n\n<p>nr. 8 (615). Data apari\u021biei: septembrie 2020<\/p>\n\n\n\n<div class=\"wp-block-buttons is-layout-flex wp-block-buttons-is-layout-flex\">\n<div class=\"wp-block-button\"><a class=\"wp-block-button__link has-text-color has-very-light-gray-color has-background has-vivid-red-background-color\" href=\"https:\/\/revistacultura.ro\/pdf\/Cultura_615_web.pdf\">Descarc\u0103 PDF<\/a><\/div>\n\n\n\n<div class=\"wp-block-button\"><a class=\"wp-block-button__link has-text-color has-very-light-gray-color has-background has-vivid-red-background-color\" href=\"https:\/\/revistacultura.ro\/cultura-615-titlurile-editiei\/\">Versiune Web\/Format HTML<\/a><\/div>\n\n\n\n<div class=\"wp-block-button\"><a class=\"wp-block-button__link has-text-color has-very-light-gray-color\" href=\"http:\/\/eepurl.com\/hdVB31\">Newsletter Cultura<\/a><\/div>\n<\/div>\n\n\n\n<p><strong>editorial<\/strong><\/p>\n\n\n\n<p>Remus Pricopie \/ <a href=\"https:\/\/revistacultura.ro\/nou\/2020\/09\/cultura-615\/#4\" target=\"_blank\" rel=\"noreferrer noopener\">Ce ne une\u0219te? Ce ne desparte? Ce avem de corectat?<\/a> \/ pag. 5<\/p>\n\n\n\n<p><strong>c\u00e2mpuri de expertiz\u0103<\/strong><\/p>\n\n\n\n<p>Remus Ioan \u0218tefureac \/ <a rel=\"noreferrer noopener\" href=\"https:\/\/revistacultura.ro\/nou\/2020\/09\/cultura-615\/#8\" target=\"_blank\">Alegerile locale. Trei decenii de istorie \u0219i reglare a dinamicii politice rom\u00e2ne\u0219ti<\/a> \/ pag. 8<br>Iulia Motoc \/ <a rel=\"noreferrer noopener\" href=\"https:\/\/revistacultura.ro\/nou\/2020\/09\/cultura-615\/#10\" target=\"_blank\">\u00cen c\u0103utarea responsabililor pentru criza COVID-19<\/a> \/ pag. 10<br>C\u0103t\u0103lin Raiu \/ <a rel=\"noreferrer noopener\" href=\"https:\/\/revistacultura.ro\/nou\/2020\/09\/cultura-615\/#12\" target=\"_blank\">Islamul din interiorul Islamului<\/a> \/ pag. 12<br>Niculae Iancu \/ <a rel=\"noreferrer noopener\" href=\"https:\/\/revistacultura.ro\/nou\/2020\/09\/cultura-615\/#16\" target=\"_blank\">Alegerile morale \u00een securitatea na\u021bional\u0103<\/a> \/ pag. 16<br>Ioan-Aurel Pop \/ <a rel=\"noreferrer noopener\" href=\"https:\/\/revistacultura.ro\/nou\/2020\/09\/cultura-615\/#20\" target=\"_blank\">Tot latina, bat-o vina!<\/a> \/ pag. 20<br><\/p>\n\n\n\n<p><strong>teme \u00een dezbatere<\/strong><\/p>\n\n\n\n<p><strong><em><a href=\"https:\/\/revistacultura.ro\/nou\/2020\/09\/cultura-615\/#22\" target=\"_blank\" rel=\"noreferrer noopener\">Individual versus colectiv. Pandemia ca turnesol pentru conflicte<\/a><br><\/em><\/strong>Dosar coordonat de Andreea M\u00ee\u021b\u0103 \u0219i Valentin Rupa \/ PP. 23-49 \/<\/p>\n\n\n\n<p>Andreea M\u00ee\u021b\u0103 \/ <a rel=\"noreferrer noopener\" href=\"https:\/\/revistacultura.ro\/nou\/2020\/09\/cultura-615\/#24\" target=\"_blank\">Criz\u0103 \u0219i comportamente. Considera\u021bii de Ivan Krastev \u0219i Daniel David<\/a> \/ pag. 24<br>Valentin Rupa \/ <a rel=\"noreferrer noopener\" href=\"https:\/\/revistacultura.ro\/nou\/2020\/09\/cultura-615\/#25\" target=\"_blank\">Despre libertate<\/a> \/ pag. 25<br>Interviu cu Georgeta Condur \/ <a rel=\"noreferrer noopener\" href=\"https:\/\/revistacultura.ro\/nou\/2020\/09\/cultura-615\/#26\" target=\"_blank\">\u201eEu a\u0219 fi preferat ca m\u0103surile s\u0103 fie mai drastice \u0219i men\u021binute o perioad\u0103 mai lung\u0103 de timp.\u201d<\/a> \/ pag. 26<br><a href=\"https:\/\/revistacultura.ro\/nou\/2020\/09\/cultura-615\/#34\" target=\"_blank\" rel=\"noreferrer noopener\">Divizarea opiniei publice. \u00centre \u201eamenin\u021bare real\u0103\u201d \u0219i \u201econspira\u021bie ocult\u0103\u201d<\/a> \/ pag. 34<br>Interviu cu Raluca Radu \/ <a href=\"https:\/\/revistacultura.ro\/nou\/2020\/09\/cultura-615\/#36\" target=\"_blank\" rel=\"noreferrer noopener\">\u201ePove\u0219ti de tip conspira\u021bie au fost spuse dintotdeauna\u201d<\/a> \/ pag. 36<br>Interviu cu Lucian M\u00eendru\u021b\u0103 \/ <a href=\"https:\/\/revistacultura.ro\/nou\/2020\/09\/cultura-615\/#40\" target=\"_blank\" rel=\"noreferrer noopener\">\u201eTreaba tragic\u0103 e c\u0103 nu o s\u0103 mai avem \u00eencredere unii \u00een al\u021bii.\u201d<\/a> \/ pag. 40<br>Interviu cu Dan Dungaciu \/ <a href=\"https:\/\/revistacultura.ro\/nou\/2020\/09\/cultura-615\/#44\" target=\"_blank\" rel=\"noreferrer noopener\">\u201eGeopolitica pandemiei a revelat o cu totul \u0219i cu totul alt\u0103 scen\u0103 pe care se desf\u0103\u0219oar\u0103 jocul.\u201d<\/a> \/ pag. 44<\/p>\n\n\n\n<p><strong>arte &amp; media &amp; \u0219tiin\u021be<\/strong><\/p>\n\n\n\n<p><a rel=\"noreferrer noopener\" href=\"https:\/\/revistacultura.ro\/nou\/2020\/09\/cultura-615\/#51\" target=\"_blank\">Teatru. Salv\u0103rile independen\u021bilor<\/a> \/ Cristina Rusiecki \/ pag. 51<br><a rel=\"noreferrer noopener\" href=\"https:\/\/revistacultura.ro\/nou\/2020\/09\/cultura-615\/#54\" target=\"_blank\">Poezie \u0219i muzic\u0103. Apogeul online-ului<\/a> \/ Yigru Zeltil \/ pag. 54<br><a rel=\"noreferrer noopener\" href=\"https:\/\/revistacultura.ro\/nou\/2020\/09\/cultura-615\/#58\" target=\"_blank\">Proz\u0103. Premii literare \u0219i topuri de v\u00e2nz\u0103ri: piramide, bule \u0219i linii de ruptur\u0103<\/a> \/ Nicu Ilie \/ pag. 58<br><a rel=\"noreferrer noopener\" href=\"https:\/\/revistacultura.ro\/nou\/2020\/09\/cultura-615\/#62\" target=\"_blank\">Film. Despre TIFF \u00een termeni de con\u021binut &amp; 4 produc\u021bii rom\u00e2ne\u0219ti la \u201eCinema sub clar de lun\u0103\u201d<\/a> \/ Dinu-Ioan Nicula \/ pag. 62<br><a href=\"https:\/\/revistacultura.ro\/nou\/2020\/09\/cultura-615\/#70\" target=\"_blank\" rel=\"noreferrer noopener\">Idei \u0219i societate. One World Romania sau alterit\u0103\u021bile eclectice ale documentarului<\/a> \/ Aurelian Giug\u0103l \/ pag. 70<\/p>\n\n\n\n<p><strong>interviu<\/strong><\/p>\n\n\n\n<p><a href=\"https:\/\/revistacultura.ro\/nou\/2020\/09\/cultura-615\/#73\" target=\"_blank\" rel=\"noreferrer noopener\">\u201e\u0218tiu c\u0103 etichet\u0103rile pot s\u0103 fie ispititoare, deoarece satisfac nevoia unei cunoa\u0219teri f\u0103r\u0103 fisuri\u201d<\/a> \/ Interviu cu istoricul Alexandru Mamina \/ pag. 73<\/p>\n\n\n\n<p><strong>studii &amp; cercet\u0103ri<\/strong><\/p>\n\n\n\n<p>Aurelian Giug\u0103l \/ <a href=\"https:\/\/revistacultura.ro\/nou\/2020\/09\/cultura-615\/#81\" target=\"_blank\" rel=\"noreferrer noopener\">Politic\u0103 f\u0103r\u0103 alegeri. Reflec\u021bii despre apropiatul scrutin electoral local<\/a> \/ pag. 81<\/p>\n\n\n\n<p><strong>fotoreportaj<\/strong><\/p>\n\n\n\n<p>M\u0103d\u0103lina-Ioana Coad\u0103, Tina-Nicoleta C\u00eempureanu \u0219i Daria Floroiu \/<a rel=\"noreferrer noopener\" href=\"https:\/\/revistacultura.ro\/nou\/2020\/09\/cultura-615\/#89\" target=\"_blank\"> Vara 2020 \u00een Rom\u00e2nia. Note de observa\u021bie<\/a> \/ pag. 89<\/p>\n\n\n\n<p><strong>contribu\u021bii<\/strong><\/p>\n\n\n\n<p>Dorica Bolta\u0219u \/ <a href=\"https:\/\/revistacultura.ro\/nou\/2020\/09\/cultura-615\/#91\" target=\"_blank\" rel=\"noreferrer noopener\">Sorin Stoica. Literatura ca arhiv\u0103 vie a lumii<\/a> \/ pag. 91<br>Florin Pop \/ <a href=\"https:\/\/revistacultura.ro\/nou\/2020\/09\/cultura-615\/#94\" target=\"_blank\" rel=\"noreferrer noopener\">Pentru c\u0103 nu putem tr\u0103i dincolo de poveste<\/a> \/ pag. 94<\/p>\n\n\n\n<p><strong>rom\u00e2ni \u00een lume<\/strong><\/p>\n\n\n\n<p>Teodor Stan \/ <a href=\"https:\/\/revistacultura.ro\/nou\/2020\/09\/cultura-615\/#100\" target=\"_blank\" rel=\"noreferrer noopener\">Identitate cultural\u0103 \u0219i apartenen\u021b\u0103 \u00eentr-o societate polarizat\u0103: Emil Hirsch<\/a> \/ pag. 100<br>Tudor Vlad \/ <a href=\"https:\/\/revistacultura.ro\/nou\/2020\/09\/cultura-615\/#106\" target=\"_blank\" rel=\"noreferrer noopener\">Gheorghe Pomu\u0163. Ciudatele \u00eent\u00e2mpl\u0103ri ale vie\u021bii<\/a> \/ pag. 106<\/p>\n\n\n\n<p><strong>proiectele fcab<\/strong><\/p>\n\n\n\n<p>Rom\u00e2nia discret\u0103<br><a rel=\"noreferrer noopener\" href=\"https:\/\/revistacultura.ro\/nou\/2020\/09\/cultura-615\/#110\" target=\"_blank\">Interviu cu Corina Tara\u0219-Lungu<\/a> \/ Rubric\u0103 realizat\u0103 de Dana Gagniuc-Buzura \/ pag. 110<br><a rel=\"noreferrer noopener\" href=\"https:\/\/revistacultura.ro\/nou\/2020\/09\/cultura-615\/#118\" target=\"_blank\">Interviu cu un prieten str\u0103in, Mike Phillips (III)<\/a><br>Rubric\u0103 realizat\u0103 de Ramona Mitric\u0103 \/ pag. 118<\/p>\n\n\n\n<p><strong>documentele Augustin Buzura<\/strong><\/p>\n\n\n\n<p><a href=\"https:\/\/revistacultura.ro\/nou\/2020\/09\/cultura-615\/#122\" target=\"_blank\" rel=\"noreferrer noopener\">Imaginea unui spectaculos eveniment rom\u00e2nesc \u00een SUA<\/a> \/ pag. 122<\/p>\n\n\n\n<p>Ilustra\u021bia de num\u0103r: Emanuel Luca \u0219i Felician S\u0103teanu, proiectul fotografic \u201eZile de coas\u0103 la Copalnic-M\u0103n\u0103\u0219tur\u201d<\/p>\n\n\n\n<div class=\"wp-block-buttons is-layout-flex wp-block-buttons-is-layout-flex\">\n<div class=\"wp-block-button\"><a class=\"wp-block-button__link has-text-color has-very-light-gray-color has-background has-vivid-red-background-color\" href=\"https:\/\/revistacultura.ro\/pdf\/Cultura_615_web.pdf\">Descarc\u0103 PDF<\/a><\/div>\n\n\n\n<div class=\"wp-block-button\"><a class=\"wp-block-button__link has-text-color has-very-light-gray-color has-background has-vivid-red-background-color\">Versiune Web\/Format HTML<\/a><\/div>\n\n\n\n<div class=\"wp-block-button\"><a class=\"wp-block-button__link has-text-color has-very-light-gray-color\" href=\"https:\/\/us20.campaign-archive.com\/home\/?u=283e2184fb3ed725e7652d7c9&amp;id=061999ac6f\">Newsletter Cultura<\/a><\/div>\n<\/div>\n","protected":false},"excerpt":{"rendered":"<p>nr. 8 (615). Data apari\u021biei: septembrie 2020 editorial Remus Pricopie \/ Ce ne une\u0219te? Ce ne desparte? Ce avem de corectat? \/ pag. 5 c\u00e2mpuri de expertiz\u0103 Remus Ioan \u0218tefureac \/ Alegerile locale. Trei decenii de istorie \u0219i reglare a dinamicii politice rom\u00e2ne\u0219ti \/ pag. 8Iulia Motoc \/ \u00cen c\u0103utarea responsabililor pentru criza COVID-19 \/&hellip;&nbsp;<a href=\"https:\/\/revistacultura.ro\/nou\/cultura-615\/\" rel=\"bookmark\">Cite\u0219te mai mult &raquo;<span class=\"screen-reader-text\">Cultura 615<\/span><\/a><\/p>\n","protected":false},"author":2,"featured_media":0,"comment_status":"open","ping_status":"closed","sticky":false,"template":"","format":"standard","meta":{"neve_meta_sidebar":"","neve_meta_container":"","neve_meta_enable_content_width":"","neve_meta_content_width":0,"neve_meta_title_alignment":"","neve_meta_author_avatar":"","neve_post_elements_order":"","neve_meta_disable_header":"","neve_meta_disable_footer":"","neve_meta_disable_title":"","jetpack_post_was_ever_published":false,"_jetpack_newsletter_access":"","_jetpack_dont_email_post_to_subs":false,"_jetpack_newsletter_tier_id":0,"_jetpack_memberships_contains_paywalled_content":false,"_jetpack_memberships_contains_paid_content":false,"footnotes":"","jetpack_publicize_message":"","jetpack_publicize_feature_enabled":true,"jetpack_social_post_already_shared":false,"jetpack_social_options":{"image_generator_settings":{"template":"highway","default_image_id":0,"font":"","enabled":false},"version":2}},"categories":[15496],"tags":[],"class_list":["post-26800","post","type-post","status-publish","format-standard","hentry","category-sumar"],"views":958,"jetpack_publicize_connections":[],"jetpack_featured_media_url":"","jetpack_sharing_enabled":true,"jetpack-related-posts":[],"_links":{"self":[{"href":"https:\/\/revistacultura.ro\/nou\/wp-json\/wp\/v2\/posts\/26800","targetHints":{"allow":["GET"]}}],"collection":[{"href":"https:\/\/revistacultura.ro\/nou\/wp-json\/wp\/v2\/posts"}],"about":[{"href":"https:\/\/revistacultura.ro\/nou\/wp-json\/wp\/v2\/types\/post"}],"author":[{"embeddable":true,"href":"https:\/\/revistacultura.ro\/nou\/wp-json\/wp\/v2\/users\/2"}],"replies":[{"embeddable":true,"href":"https:\/\/revistacultura.ro\/nou\/wp-json\/wp\/v2\/comments?post=26800"}],"version-history":[{"count":5,"href":"https:\/\/revistacultura.ro\/nou\/wp-json\/wp\/v2\/posts\/26800\/revisions"}],"predecessor-version":[{"id":26810,"href":"https:\/\/revistacultura.ro\/nou\/wp-json\/wp\/v2\/posts\/26800\/revisions\/26810"}],"wp:attachment":[{"href":"https:\/\/revistacultura.ro\/nou\/wp-json\/wp\/v2\/media?parent=26800"}],"wp:term":[{"taxonomy":"category","embeddable":true,"href":"https:\/\/revistacultura.ro\/nou\/wp-json\/wp\/v2\/categories?post=26800"},{"taxonomy":"post_tag","embeddable":true,"href":"https:\/\/revistacultura.ro\/nou\/wp-json\/wp\/v2\/tags?post=26800"}],"curies":[{"name":"wp","href":"https:\/\/api.w.org\/{rel}","templated":true}]}}