{"id":26549,"date":"2018-12-24T21:57:39","date_gmt":"2018-12-24T19:57:39","guid":{"rendered":"http:\/\/revistacultura.ro\/nou\/?p=26549"},"modified":"2018-12-24T21:57:40","modified_gmt":"2018-12-24T19:57:40","slug":"fenomenul-literar-poeti-cititori-critici-institutii-interviu-cu-yigru-zeltil","status":"publish","type":"post","link":"https:\/\/revistacultura.ro\/nou\/fenomenul-literar-poeti-cititori-critici-institutii-interviu-cu-yigru-zeltil\/","title":{"rendered":"Fenomenul literar. Poe\u021bi, cititori, critici, institu\u021bii. Interviu cu Yigru Zeltil"},"content":{"rendered":"\n<p>Aceste cauze fac mai explicabil\u0103\nexplozia de c\u0103r\u021bi de la a\u0219a-zisa revolu\u021bie \u00eencoace, chiar \u0219i \u00een\ncondi\u021biile \u00een care s-au cam pierdut privilegiile (\u0219i au r\u0103mas\ndoar c\u00e2\u0219tigurile simbolice, m\u00e2ng\u00e2ierea vanit\u0103\u021bilor), iar\nbreasla s-a divizat \u0219i dezarticulat progresiv. Altminteri,\nconservatorismul exacerbat \u0219i educa\u021bia precar\u0103 fac ca perpetuarea\niner\u021bial\u0103 a unor concep\u021bii pr\u0103fuite (din punctul meu de vedere)\nasupra poeziei \u0219i provincialismul arogant s\u0103 fie mai peste tot \u0219i\ns\u0103 persiste, indiferent dac\u0103 autorii care dau dovad\u0103 de a\u0219a ceva\nse mut\u0103 dintr-un ora\u0219 de provincie \u00een Paris sau la Montreal.\nSingura diferen\u021b\u0103 este c\u0103 \u00een unele ora\u0219e (Bucure\u0219ti, Cluj,\nchiar Bistri\u021ba) se mai organizeaz\u0103 (\u0219i prind acces la resurse) \u0219i\noamenii care scriu lucruri mai actuale, \u00een loc s\u0103 se izoleze, \u00een\ntimp ce veleitarii se descurc\u0103 peste tot, se perie reciproc \u0219i merg\nla sigur cu publicul r\u0103mas la stadiul vedetelor din poezia perioadei\nceau\u0219iste.<\/p>\n\n\n<div class=\"bla bla real3dflipbook\" id=\"2_69f4808735b23\" style=\"position:absolute;\"><\/div>\n","protected":false},"excerpt":{"rendered":"<p>Aceste cauze fac mai explicabil\u0103 explozia de c\u0103r\u021bi de la a\u0219a-zisa revolu\u021bie \u00eencoace, chiar \u0219i \u00een condi\u021biile \u00een care s-au cam pierdut privilegiile (\u0219i au r\u0103mas doar c\u00e2\u0219tigurile simbolice, m\u00e2ng\u00e2ierea vanit\u0103\u021bilor), iar breasla s-a divizat \u0219i dezarticulat progresiv. Altminteri, conservatorismul exacerbat \u0219i educa\u021bia precar\u0103 fac ca perpetuarea iner\u021bial\u0103 a unor concep\u021bii pr\u0103fuite (din punctul meu&hellip;&nbsp;<a href=\"https:\/\/revistacultura.ro\/nou\/fenomenul-literar-poeti-cititori-critici-institutii-interviu-cu-yigru-zeltil\/\" rel=\"bookmark\">Cite\u0219te mai mult &raquo;<span class=\"screen-reader-text\">Fenomenul literar. Poe\u021bi, cititori, critici, institu\u021bii. Interviu cu Yigru Zeltil<\/span><\/a><\/p>\n","protected":false},"author":2,"featured_media":0,"comment_status":"open","ping_status":"closed","sticky":false,"template":"","format":"standard","meta":{"neve_meta_sidebar":"","neve_meta_container":"","neve_meta_enable_content_width":"","neve_meta_content_width":0,"neve_meta_title_alignment":"","neve_meta_author_avatar":"","neve_post_elements_order":"","neve_meta_disable_header":"","neve_meta_disable_footer":"","neve_meta_disable_title":"","jetpack_post_was_ever_published":false,"_jetpack_newsletter_access":"","_jetpack_dont_email_post_to_subs":false,"_jetpack_newsletter_tier_id":0,"_jetpack_memberships_contains_paywalled_content":false,"_jetpack_memberships_contains_paid_content":false,"footnotes":"","jetpack_publicize_message":"","jetpack_publicize_feature_enabled":true,"jetpack_social_post_already_shared":false,"jetpack_social_options":{"image_generator_settings":{"template":"highway","default_image_id":0,"font":"","enabled":false},"version":2}},"categories":[15506],"tags":[],"class_list":["post-26549","post","type-post","status-publish","format-standard","hentry","category-literatura"],"views":2911,"jetpack_publicize_connections":[],"jetpack_featured_media_url":"","jetpack_sharing_enabled":true,"jetpack-related-posts":[],"_links":{"self":[{"href":"https:\/\/revistacultura.ro\/nou\/wp-json\/wp\/v2\/posts\/26549","targetHints":{"allow":["GET"]}}],"collection":[{"href":"https:\/\/revistacultura.ro\/nou\/wp-json\/wp\/v2\/posts"}],"about":[{"href":"https:\/\/revistacultura.ro\/nou\/wp-json\/wp\/v2\/types\/post"}],"author":[{"embeddable":true,"href":"https:\/\/revistacultura.ro\/nou\/wp-json\/wp\/v2\/users\/2"}],"replies":[{"embeddable":true,"href":"https:\/\/revistacultura.ro\/nou\/wp-json\/wp\/v2\/comments?post=26549"}],"version-history":[{"count":1,"href":"https:\/\/revistacultura.ro\/nou\/wp-json\/wp\/v2\/posts\/26549\/revisions"}],"predecessor-version":[{"id":26550,"href":"https:\/\/revistacultura.ro\/nou\/wp-json\/wp\/v2\/posts\/26549\/revisions\/26550"}],"wp:attachment":[{"href":"https:\/\/revistacultura.ro\/nou\/wp-json\/wp\/v2\/media?parent=26549"}],"wp:term":[{"taxonomy":"category","embeddable":true,"href":"https:\/\/revistacultura.ro\/nou\/wp-json\/wp\/v2\/categories?post=26549"},{"taxonomy":"post_tag","embeddable":true,"href":"https:\/\/revistacultura.ro\/nou\/wp-json\/wp\/v2\/tags?post=26549"}],"curies":[{"name":"wp","href":"https:\/\/api.w.org\/{rel}","templated":true}]}}