{"id":26016,"date":"2018-10-21T21:21:28","date_gmt":"2018-10-21T19:21:28","guid":{"rendered":"http:\/\/revistacultura.ro\/nou\/?p=26016"},"modified":"2018-10-24T12:55:48","modified_gmt":"2018-10-24T10:55:48","slug":"sumar-nr-05","status":"publish","type":"post","link":"https:\/\/revistacultura.ro\/nou\/sumar-nr-05\/","title":{"rendered":"Sumar nr. 05"},"content":{"rendered":"<style>.embed-container { position: relative; padding-bottom:56.25%; height:0; overflow: hidden; max-width: 100%; } .embed-container iframe, .embed-container object, .embed-container embed { position: absolute; top: 0; left: 0; width: 100%; height: 100%;}<\/style>\n<div id=\"ypembedcontainer\" class=\"embed-container\" data-page-width=\"452\" data-page-height=\"640\"><iframe src=\"https:\/\/www.yumpu.com\/ro\/embed\/view\/2MEfqHkOvmTt9BNw\" frameborder=\"0\" allowfullscreen=\"allowfullscreen\"><\/iframe><\/div>\n<p><script src='https:\/\/players.yumpu.com\/modules\/embed\/yp_r_iframe.js' ><\/script><\/p>\n<p><strong><a href=\"https:\/\/revistacultura.ro\/pdf\/Cultura-05-2018-587-web.pdf\">DESCARC\u0102 PDF \/ PRINTEAZ\u0102<\/a><\/strong><\/p>\n<p><strong><span style=\"color: #800000;\"><a style=\"color: #800000;\" href=\"http:\/\/revistacultura.ro\/nou\/2018\/10\/de-la-marea-unire-din-1918-la-parteneriatul-strategic-un-secol-de-relatii-sua-romania\/\">De la Marea Unire din 1918 la Parteneriatul Strategic. Un secol de rela\u021bii SUA \u2013 Rom\u00e2nia<\/a><\/span><\/strong> \u2013 <strong>George Cristian Maior<\/strong><\/p>\n<p><strong><span style=\"color: #800000;\"><a style=\"color: #800000;\" href=\"http:\/\/revistacultura.ro\/nou\/2018\/10\/fabricile-de-cultura-reforma-photo-days\/\">Fabricile de cultur\u0103: Reforma Photo Days<\/a> <\/span>\u2013 C.C.<\/strong><\/p>\n<p><strong><span style=\"color: #800000;\"><a style=\"color: #800000;\" href=\"http:\/\/revistacultura.ro\/nou\/2018\/10\/nostalgia-comunista-intr-o-fraza-andrei-craciun-aleea-zorilor\/\">Nostalgia comunist\u0103 \u00eentr-o fraz\u0103.\u00a0Andrei Cr\u0103ciun, \u201eAleea Zorilor\u201d<\/a><\/span> \u00a0\u2013 Denisa Bud<\/strong><\/p>\n<p><strong><span style=\"color: #800000;\"><a style=\"color: #800000;\" href=\"http:\/\/revistacultura.ro\/nou\/2018\/10\/zapping-focus-opera-nationala-din-paris\/\">Zapping. Focus: Opera Na\u021bional\u0103 din Paris<\/a><\/span> \u2013 Liana Dobrica<\/strong><\/p>\n<p><strong><span style=\"color: #800000;\"><a style=\"color: #800000;\" href=\"http:\/\/revistacultura.ro\/nou\/2018\/10\/batalia-pentru-viitor-augustin-buzura-gazetar-la-tribuna\/\">B\u0103t\u0103lia pentru viitor. Augustin Buzura, gazetar la \u201eTribuna\u201d<\/a> <\/span>\u2013 Ion Simu\u021b<\/strong><\/p>\n<p><strong><span style=\"color: #800000;\"><a style=\"color: #800000;\" href=\"http:\/\/revistacultura.ro\/nou\/2018\/10\/fundatia-culturala-augustin-buzura-05\/\">Funda\u021bia Cultural\u0103 Augustin Buzura (05)<\/a><\/span> \u2013 ***<\/strong><\/p>\n<p><strong><span style=\"color: #800000;\"><a style=\"color: #800000;\" href=\"http:\/\/revistacultura.ro\/nou\/2018\/10\/coperta-cristian-stan-untitled-unpaired\/\">Coperta: <\/a><\/span><span lang=\"ro-RO\"><span style=\"color: #800000;\"><a style=\"color: #800000;\" href=\"http:\/\/revistacultura.ro\/nou\/2018\/10\/coperta-cristian-stan-untitled-unpaired\/\">Cristian Stan, Untitled &amp; Unpaired<\/a><\/span> \u2013 C.C.<\/span><\/strong><\/p>\n","protected":false},"excerpt":{"rendered":"<p>DESCARC\u0102 PDF \/ PRINTEAZ\u0102 De la Marea Unire din 1918 la Parteneriatul Strategic. Un secol de rela\u021bii SUA \u2013 Rom\u00e2nia \u2013 George Cristian Maior Fabricile de cultur\u0103: Reforma Photo Days \u2013 C.C. Nostalgia comunist\u0103 \u00eentr-o fraz\u0103.\u00a0Andrei Cr\u0103ciun, \u201eAleea Zorilor\u201d \u00a0\u2013 Denisa Bud Zapping. Focus: Opera Na\u021bional\u0103 din Paris \u2013 Liana Dobrica B\u0103t\u0103lia pentru viitor. Augustin&hellip;&nbsp;<a href=\"https:\/\/revistacultura.ro\/nou\/sumar-nr-05\/\" rel=\"bookmark\">Cite\u0219te mai mult &raquo;<span class=\"screen-reader-text\">Sumar nr. 05<\/span><\/a><\/p>\n","protected":false},"author":2,"featured_media":0,"comment_status":"open","ping_status":"closed","sticky":false,"template":"","format":"standard","meta":{"neve_meta_sidebar":"","neve_meta_container":"","neve_meta_enable_content_width":"","neve_meta_content_width":0,"neve_meta_title_alignment":"","neve_meta_author_avatar":"","neve_post_elements_order":"","neve_meta_disable_header":"","neve_meta_disable_footer":"","neve_meta_disable_title":"","jetpack_post_was_ever_published":false,"_jetpack_newsletter_access":"","_jetpack_dont_email_post_to_subs":false,"_jetpack_newsletter_tier_id":0,"_jetpack_memberships_contains_paywalled_content":false,"_jetpack_memberships_contains_paid_content":false,"footnotes":"","jetpack_publicize_message":"","jetpack_publicize_feature_enabled":true,"jetpack_social_post_already_shared":false,"jetpack_social_options":{"image_generator_settings":{"template":"highway","default_image_id":0,"font":"","enabled":false},"version":2}},"categories":[15496],"tags":[],"class_list":["post-26016","post","type-post","status-publish","format-standard","hentry","category-sumar"],"views":885,"jetpack_publicize_connections":[],"jetpack_featured_media_url":"","jetpack_sharing_enabled":true,"jetpack-related-posts":[],"_links":{"self":[{"href":"https:\/\/revistacultura.ro\/nou\/wp-json\/wp\/v2\/posts\/26016","targetHints":{"allow":["GET"]}}],"collection":[{"href":"https:\/\/revistacultura.ro\/nou\/wp-json\/wp\/v2\/posts"}],"about":[{"href":"https:\/\/revistacultura.ro\/nou\/wp-json\/wp\/v2\/types\/post"}],"author":[{"embeddable":true,"href":"https:\/\/revistacultura.ro\/nou\/wp-json\/wp\/v2\/users\/2"}],"replies":[{"embeddable":true,"href":"https:\/\/revistacultura.ro\/nou\/wp-json\/wp\/v2\/comments?post=26016"}],"version-history":[{"count":3,"href":"https:\/\/revistacultura.ro\/nou\/wp-json\/wp\/v2\/posts\/26016\/revisions"}],"predecessor-version":[{"id":26130,"href":"https:\/\/revistacultura.ro\/nou\/wp-json\/wp\/v2\/posts\/26016\/revisions\/26130"}],"wp:attachment":[{"href":"https:\/\/revistacultura.ro\/nou\/wp-json\/wp\/v2\/media?parent=26016"}],"wp:term":[{"taxonomy":"category","embeddable":true,"href":"https:\/\/revistacultura.ro\/nou\/wp-json\/wp\/v2\/categories?post=26016"},{"taxonomy":"post_tag","embeddable":true,"href":"https:\/\/revistacultura.ro\/nou\/wp-json\/wp\/v2\/tags?post=26016"}],"curies":[{"name":"wp","href":"https:\/\/api.w.org\/{rel}","templated":true}]}}