{"id":26006,"date":"2018-10-21T21:05:49","date_gmt":"2018-10-21T19:05:49","guid":{"rendered":"http:\/\/revistacultura.ro\/nou\/?p=26006"},"modified":"2018-10-24T12:59:01","modified_gmt":"2018-10-24T10:59:01","slug":"zapping-focus-opera-nationala-din-paris","status":"publish","type":"post","link":"https:\/\/revistacultura.ro\/nou\/zapping-focus-opera-nationala-din-paris\/","title":{"rendered":"Zapping. Focus: Opera Na\u021bional\u0103 din Paris"},"content":{"rendered":"<p>A fost decernat Premiul German pentru Carte 2018, \u00eentr-o ceremonie desf\u0103\u0219urat\u0103 la Prim\u0103ria din Frankfurt. Inger-Maria Mahlke spune, \u00een romanul s\u0103u \u201dArhipelagul\u201d (Archipel), povestea a trei familii din clase sociale diferite, din Insulele Canare, \u00een timpului regimului franchist. Pe lista scurt\u0103 s-au mai aflat: \u201dLuminile nop\u021bii\u201d (Nachtleuchten), de Maria Cecilia Barbetta, \u201d\u0218ase valize\u201d (Sechs Koffer), de Maxim Biller, \u201dPisica \u0219i generalul\u201d (Die Katze und der General), de Nino Haratischwili, \u201dDumnezeul pas\u0103re\u201d (Der Vogelgott), de Susanne R\u00f6ckel \u0219i \u201dDumnezeul barbarilor\u201d (Gott der Barbaren), de Stephan Thome.<\/p>\n<style>.embed-container { position: relative; padding-bottom:56.25%; height:0; overflow: hidden; max-width: 100%; } .embed-container iframe, .embed-container object, .embed-container embed { position: absolute; top: 0; left: 0; width: 100%; height: 100%;}<\/style>\n<div id=\"ypembedcontainer\" class=\"embed-container\" data-page-width=\"452\" data-page-height=\"640\"><iframe src=\"https:\/\/www.yumpu.com\/ro\/embed\/view\/2MEfqHkOvmTt9BNw\/24\" frameborder=\"0\" allowfullscreen=\"allowfullscreen\"><\/iframe><\/div>\n<p><script src='https:\/\/players.yumpu.com\/modules\/embed\/yp_r_iframe.js' ><\/script><\/p>\n<p><strong><a href=\"https:\/\/revistacultura.ro\/pdf\/Cultura-05-2018-587-web.pdf\">DESCARC\u0102 PDF \/ PRINTEAZ\u0102<\/a><\/strong><\/p>\n","protected":false},"excerpt":{"rendered":"<p>A fost decernat Premiul German pentru Carte 2018, \u00eentr-o ceremonie desf\u0103\u0219urat\u0103 la Prim\u0103ria din Frankfurt. Inger-Maria Mahlke spune, \u00een romanul s\u0103u \u201dArhipelagul\u201d (Archipel), povestea a trei familii din clase sociale diferite, din Insulele Canare, \u00een timpului regimului franchist. Pe lista scurt\u0103 s-au mai aflat: \u201dLuminile nop\u021bii\u201d (Nachtleuchten), de Maria Cecilia Barbetta, \u201d\u0218ase valize\u201d (Sechs Koffer),&hellip;&nbsp;<a href=\"https:\/\/revistacultura.ro\/nou\/zapping-focus-opera-nationala-din-paris\/\" rel=\"bookmark\">Cite\u0219te mai mult &raquo;<span class=\"screen-reader-text\">Zapping. Focus: Opera Na\u021bional\u0103 din Paris<\/span><\/a><\/p>\n","protected":false},"author":2,"featured_media":0,"comment_status":"open","ping_status":"closed","sticky":false,"template":"","format":"standard","meta":{"neve_meta_sidebar":"","neve_meta_container":"","neve_meta_enable_content_width":"","neve_meta_content_width":0,"neve_meta_title_alignment":"","neve_meta_author_avatar":"","neve_post_elements_order":"","neve_meta_disable_header":"","neve_meta_disable_footer":"","neve_meta_disable_title":"","jetpack_post_was_ever_published":false,"_jetpack_newsletter_access":"","_jetpack_dont_email_post_to_subs":false,"_jetpack_newsletter_tier_id":0,"_jetpack_memberships_contains_paywalled_content":false,"_jetpack_memberships_contains_paid_content":false,"footnotes":"","jetpack_publicize_message":"","jetpack_publicize_feature_enabled":true,"jetpack_social_post_already_shared":false,"jetpack_social_options":{"image_generator_settings":{"template":"highway","default_image_id":0,"font":"","enabled":false},"version":2}},"categories":[15504],"tags":[],"class_list":["post-26006","post","type-post","status-publish","format-standard","hentry","category-contributii"],"views":547,"jetpack_publicize_connections":[],"jetpack_featured_media_url":"","jetpack_sharing_enabled":true,"jetpack-related-posts":[],"_links":{"self":[{"href":"https:\/\/revistacultura.ro\/nou\/wp-json\/wp\/v2\/posts\/26006","targetHints":{"allow":["GET"]}}],"collection":[{"href":"https:\/\/revistacultura.ro\/nou\/wp-json\/wp\/v2\/posts"}],"about":[{"href":"https:\/\/revistacultura.ro\/nou\/wp-json\/wp\/v2\/types\/post"}],"author":[{"embeddable":true,"href":"https:\/\/revistacultura.ro\/nou\/wp-json\/wp\/v2\/users\/2"}],"replies":[{"embeddable":true,"href":"https:\/\/revistacultura.ro\/nou\/wp-json\/wp\/v2\/comments?post=26006"}],"version-history":[{"count":3,"href":"https:\/\/revistacultura.ro\/nou\/wp-json\/wp\/v2\/posts\/26006\/revisions"}],"predecessor-version":[{"id":26134,"href":"https:\/\/revistacultura.ro\/nou\/wp-json\/wp\/v2\/posts\/26006\/revisions\/26134"}],"wp:attachment":[{"href":"https:\/\/revistacultura.ro\/nou\/wp-json\/wp\/v2\/media?parent=26006"}],"wp:term":[{"taxonomy":"category","embeddable":true,"href":"https:\/\/revistacultura.ro\/nou\/wp-json\/wp\/v2\/categories?post=26006"},{"taxonomy":"post_tag","embeddable":true,"href":"https:\/\/revistacultura.ro\/nou\/wp-json\/wp\/v2\/tags?post=26006"}],"curies":[{"name":"wp","href":"https:\/\/api.w.org\/{rel}","templated":true}]}}