{"id":26004,"date":"2018-10-21T21:03:21","date_gmt":"2018-10-21T19:03:21","guid":{"rendered":"http:\/\/revistacultura.ro\/nou\/?p=26004"},"modified":"2018-10-24T12:58:42","modified_gmt":"2018-10-24T10:58:42","slug":"nostalgia-comunista-intr-o-fraza-andrei-craciun-aleea-zorilor","status":"publish","type":"post","link":"https:\/\/revistacultura.ro\/nou\/nostalgia-comunista-intr-o-fraza-andrei-craciun-aleea-zorilor\/","title":{"rendered":"Nostalgia comunist\u0103 \u00eentr-o fraz\u0103. Andrei Cr\u0103ciun, \u201eAleea Zorilor\u201d"},"content":{"rendered":"<p>\u00cen spa\u021biul literar al ultimilor ani, una dintre tendin\u021bele promovate de proza rom\u00e2neasc\u0103 e revizitarea perioadei comuniste, iar majoritatea textelor care o abordeaz\u0103 sub diferite aspecte recompun, ca regul\u0103 general\u0103, diverse variante ale copil\u0103riei petrecute sub sistemul totalitar, aspect ce duce la lipsa unei pozi\u021bii fa\u021b\u0103 de comunism a scriitorului. Cazul microromanului lui Andrei Cr\u0103ciun r\u0103m\u00e2ne de discutat. Ambi\u021bios \u00een propuneri, autorul urm\u0103re\u0219te dou\u0103 provoc\u0103ri: scrierea unui text \u00eentr-o singur\u0103 fraz\u0103 \u2013 ceea ce nu \u00eei garanteaz\u0103 automat \u0219i inovativitatea \u2013 \u0219i afilierea \u00een categoria textelor care examineaz\u0103 nostalgia comunist\u0103.<\/p>\n<style>.embed-container { position: relative; padding-bottom:56.25%; height:0; overflow: hidden; max-width: 100%; } .embed-container iframe, .embed-container object, .embed-container embed { position: absolute; top: 0; left: 0; width: 100%; height: 100%;}<\/style>\n<div id=\"ypembedcontainer\" class=\"embed-container\" data-page-width=\"452\" data-page-height=\"640\"><iframe src=\"https:\/\/www.yumpu.com\/ro\/embed\/view\/2MEfqHkOvmTt9BNw\/22\" frameborder=\"0\" allowfullscreen=\"allowfullscreen\"><\/iframe><\/div>\n<p><script src='https:\/\/players.yumpu.com\/modules\/embed\/yp_r_iframe.js' ><\/script><\/p>\n<p><strong><a href=\"https:\/\/revistacultura.ro\/pdf\/Cultura-05-2018-587-web.pdf\">DESCARC\u0102 PDF \/ PRINTEAZ\u0102<\/a><\/strong><\/p>\n","protected":false},"excerpt":{"rendered":"<p>\u00cen spa\u021biul literar al ultimilor ani, una dintre tendin\u021bele promovate de proza rom\u00e2neasc\u0103 e revizitarea perioadei comuniste, iar majoritatea textelor care o abordeaz\u0103 sub diferite aspecte recompun, ca regul\u0103 general\u0103, diverse variante ale copil\u0103riei petrecute sub sistemul totalitar, aspect ce duce la lipsa unei pozi\u021bii fa\u021b\u0103 de comunism a scriitorului. Cazul microromanului lui Andrei Cr\u0103ciun&hellip;&nbsp;<a href=\"https:\/\/revistacultura.ro\/nou\/nostalgia-comunista-intr-o-fraza-andrei-craciun-aleea-zorilor\/\" rel=\"bookmark\">Cite\u0219te mai mult &raquo;<span class=\"screen-reader-text\">Nostalgia comunist\u0103 \u00eentr-o fraz\u0103. Andrei Cr\u0103ciun, \u201eAleea Zorilor\u201d<\/span><\/a><\/p>\n","protected":false},"author":2,"featured_media":0,"comment_status":"open","ping_status":"closed","sticky":false,"template":"","format":"standard","meta":{"neve_meta_sidebar":"","neve_meta_container":"","neve_meta_enable_content_width":"","neve_meta_content_width":0,"neve_meta_title_alignment":"","neve_meta_author_avatar":"","neve_post_elements_order":"","neve_meta_disable_header":"","neve_meta_disable_footer":"","neve_meta_disable_title":"","jetpack_post_was_ever_published":false,"_jetpack_newsletter_access":"","_jetpack_dont_email_post_to_subs":false,"_jetpack_newsletter_tier_id":0,"_jetpack_memberships_contains_paywalled_content":false,"_jetpack_memberships_contains_paid_content":false,"footnotes":"","jetpack_publicize_message":"","jetpack_publicize_feature_enabled":true,"jetpack_social_post_already_shared":false,"jetpack_social_options":{"image_generator_settings":{"template":"highway","default_image_id":0,"font":"","enabled":false},"version":2}},"categories":[15506],"tags":[],"class_list":["post-26004","post","type-post","status-publish","format-standard","hentry","category-literatura"],"views":623,"jetpack_publicize_connections":[],"jetpack_featured_media_url":"","jetpack_sharing_enabled":true,"jetpack-related-posts":[],"_links":{"self":[{"href":"https:\/\/revistacultura.ro\/nou\/wp-json\/wp\/v2\/posts\/26004","targetHints":{"allow":["GET"]}}],"collection":[{"href":"https:\/\/revistacultura.ro\/nou\/wp-json\/wp\/v2\/posts"}],"about":[{"href":"https:\/\/revistacultura.ro\/nou\/wp-json\/wp\/v2\/types\/post"}],"author":[{"embeddable":true,"href":"https:\/\/revistacultura.ro\/nou\/wp-json\/wp\/v2\/users\/2"}],"replies":[{"embeddable":true,"href":"https:\/\/revistacultura.ro\/nou\/wp-json\/wp\/v2\/comments?post=26004"}],"version-history":[{"count":4,"href":"https:\/\/revistacultura.ro\/nou\/wp-json\/wp\/v2\/posts\/26004\/revisions"}],"predecessor-version":[{"id":26133,"href":"https:\/\/revistacultura.ro\/nou\/wp-json\/wp\/v2\/posts\/26004\/revisions\/26133"}],"wp:attachment":[{"href":"https:\/\/revistacultura.ro\/nou\/wp-json\/wp\/v2\/media?parent=26004"}],"wp:term":[{"taxonomy":"category","embeddable":true,"href":"https:\/\/revistacultura.ro\/nou\/wp-json\/wp\/v2\/categories?post=26004"},{"taxonomy":"post_tag","embeddable":true,"href":"https:\/\/revistacultura.ro\/nou\/wp-json\/wp\/v2\/tags?post=26004"}],"curies":[{"name":"wp","href":"https:\/\/api.w.org\/{rel}","templated":true}]}}