{"id":25709,"date":"2017-06-28T23:30:50","date_gmt":"2017-06-28T21:30:50","guid":{"rendered":"http:\/\/revistacultura.ro\/nou\/?p=25709"},"modified":"2017-07-10T21:53:28","modified_gmt":"2017-07-10T19:53:28","slug":"sumar-nr-25-2017","status":"publish","type":"post","link":"https:\/\/revistacultura.ro\/nou\/sumar-nr-25-2017\/","title":{"rendered":"Sumar nr. 25, edi\u021bia a II-a \/ 2017"},"content":{"rendered":"<p>[flipbook id=&#8221;25719&#8243; width=&#8221;100%&#8221; height=&#8221;580&#8243;]<\/p>\n<p><a href=\"http:\/\/revistacultura.ro\/pdf\/cultura_25_ed2_web.pdf\" target=\"_blank\" rel=\"noopener\">DESCARC\u0102 \u00ceN FORMAT PDF<\/a><br \/>\n<a href=\"http:\/\/revistacultura.ro\/nou\/flipbook\/cultura_25_ed2_web\/\" target=\"_blank\" rel=\"noopener noreferrer\">VEZI PE TOT ECRANUL<\/a><\/p>\n<h4>SUMAR<\/h4>\n<p>EDITORIAL<br \/>\n<strong>George Apostoiu<\/strong> \/ <em>Majoritatea lui Socrate<\/em> \/ 3<\/p>\n<p>CULTURA ECONOMIC\u0102<br \/>\n<strong>Teodor Brate\u0219<\/strong> \/ <em>Pragul de alert\u0103 \u015fi \u201emama \u00een\u0163elepciunii\u201d<\/em> \/ 4<\/p>\n<p>CULTURA ISTORIEI<br \/>\n<strong>Ioan-Aurel Pop<\/strong> \/ Elogiu latinit\u0103\u0163ii \/\/ <em>\u201eLatina este matricea italienei, rom\u00e2nei, francezei \u0219i spaniolei\u201d<\/em> \/ 5<\/p>\n<p>CULTUR\u0102 \u015eI SOCIETATE<br \/>\n<strong>Monica S\u0103vulescu Voudouri<\/strong> \/ Rom\u00e2nia din diaspora \/\/ <em>Calitatea uman\u0103 la locul de munc\u0103<\/em> \/ 6<\/p>\n<p>CULTURA IDEILOR<br \/>\n<strong>Andrei Marga<\/strong> \/ <em>Recuperarea individualit\u0103\u021bii<\/em> \/ 7<br \/>\n<strong>Peter Dan<\/strong> \/ <em>Pe potec\u0103 de munte cu un cal n\u0103r\u0103va\u0219<\/em> \/ 8<\/p>\n<p>CULTURA LITERAR\u0102<br \/>\n<strong>DOSAR \/\/ <em>Tudor Arghezi. 90 de ani de la \u201eCuvinte potrivite\u201d, 50 de ani de la moartea scriitorului<\/em><\/strong> \/ Particip\u0103: Eugen Simion, Ion Simu\u0163, C\u0103lin Teuti\u015fan, Horia Corche\u015f \/ Dosar coordonat de \u0218tefan Baghiu \/ 9-14<br \/>\n<strong>Rodica Grigore<\/strong> \/ <em>La \u00eentret\u0103ierea culturilor<\/em> \/ 15<br \/>\n<strong>Ovio Olaru<\/strong> \/ <em>Redemp\u021biunea estetic\u0103<\/em> \/ 16<br \/>\n<strong>Cosmin Borza<\/strong> \/ \u00cent\u00e2mpin\u0103ri \/\/ <em>Pogoar\u0103-te, memorie!<\/em> \/ 17<br \/>\n<strong>Ioana Pavel<\/strong> \/ <em>Cum s\u0103 vorbe\u015fti \u015fi s\u0103 (nu) fii auzit<\/em> \/ 18<br \/>\n<strong>Lydie Salvayre \u00een dialog cu Dan Burcea<\/strong> \/ <em>\u201eMi-am dat seama, dup\u0103 terminarea c\u0103r\u021bii, c\u0103 nicio oper\u0103 scris\u0103 nu poate \u00eenlocui prezen\u021ba vie a cuiva\u201d<\/em> \/ 19<br \/>\n<em>Recomand\u0103rile revistei \u201eCultura\u201d<\/em> \/ 20<\/p>\n<p>CULTURA CINEMA<br \/>\n<strong>Ioan Pop-Cur\u015feu<\/strong> \/ <em>TIFF 2017. Cancanuri fran\u0163uze\u015fti<\/em> \/ 21<br \/>\n<strong>Ioan Laz\u0103r<\/strong> \/ <em>Cannes 2017. Cinematec\u0103, dar \u0219i bibliotec\u0103<\/em> \/ 22-23<\/p>\n<p>CULTURA SPORTULUI<br \/>\n<strong>M\u0103d\u0103lina Fir\u0103nescu<\/strong> \/ In corpore sano \/\/ <em>Eu, robotul<\/em> \/ 24<\/p>\n<p>CULTURA ANTROPOLOGIC\u0102<br \/>\n<strong>Virgil \u015etefan Ni\u0163ulescu <\/strong>\/ Arhipelagul muzeelor \/\/ <em>Muzee sociologice, muzee ale societ\u0103\u021bii<\/em> \/ 25<br \/>\n<strong>Cristian Robu-Corcan<\/strong> \/ <em>Via\u021ba \u0219i nesf\u00e2r\u0219itele ei \u00een\u021belesuri<\/em> \/ 26-27<\/p>\n<p>CULTURA VIZUAL\u0102<br \/>\n<strong>Nicu Ilie<\/strong> \/ <em>Arta lui Luchian<\/em> \/ 28<\/p>\n","protected":false},"excerpt":{"rendered":"<p>[flipbook id=&#8221;25719&#8243; width=&#8221;100%&#8221; height=&#8221;580&#8243;] DESCARC\u0102 \u00ceN FORMAT PDF VEZI PE TOT ECRANUL SUMAR EDITORIAL George Apostoiu \/ Majoritatea lui Socrate \/ 3 CULTURA ECONOMIC\u0102 Teodor Brate\u0219 \/ Pragul de alert\u0103 \u015fi \u201emama \u00een\u0163elepciunii\u201d \/ 4 CULTURA ISTORIEI Ioan-Aurel Pop \/ Elogiu latinit\u0103\u0163ii \/\/ \u201eLatina este matricea italienei, rom\u00e2nei, francezei \u0219i spaniolei\u201d \/ 5 CULTUR\u0102 \u015eI&hellip;&nbsp;<a href=\"https:\/\/revistacultura.ro\/nou\/sumar-nr-25-2017\/\" rel=\"bookmark\">Cite\u0219te mai mult &raquo;<span class=\"screen-reader-text\">Sumar nr. 25, edi\u021bia a II-a \/ 2017<\/span><\/a><\/p>\n","protected":false},"author":2,"featured_media":25711,"comment_status":"open","ping_status":"closed","sticky":false,"template":"","format":"standard","meta":{"neve_meta_sidebar":"","neve_meta_container":"","neve_meta_enable_content_width":"","neve_meta_content_width":0,"neve_meta_title_alignment":"","neve_meta_author_avatar":"","neve_post_elements_order":"","neve_meta_disable_header":"","neve_meta_disable_footer":"","neve_meta_disable_title":"","jetpack_post_was_ever_published":false,"_jetpack_newsletter_access":"","_jetpack_dont_email_post_to_subs":false,"_jetpack_newsletter_tier_id":0,"_jetpack_memberships_contains_paywalled_content":false,"_jetpack_memberships_contains_paid_content":false,"footnotes":"","jetpack_publicize_message":"","jetpack_publicize_feature_enabled":true,"jetpack_social_post_already_shared":false,"jetpack_social_options":{"image_generator_settings":{"template":"highway","default_image_id":0,"font":"","enabled":false},"version":2}},"categories":[15496],"tags":[],"class_list":["post-25709","post","type-post","status-publish","format-standard","has-post-thumbnail","hentry","category-sumar"],"views":9249,"jetpack_publicize_connections":[],"jetpack_featured_media_url":"https:\/\/revistacultura.ro\/nou\/wp-content\/uploads\/2017\/06\/581.jpg","jetpack_sharing_enabled":true,"jetpack-related-posts":[],"_links":{"self":[{"href":"https:\/\/revistacultura.ro\/nou\/wp-json\/wp\/v2\/posts\/25709","targetHints":{"allow":["GET"]}}],"collection":[{"href":"https:\/\/revistacultura.ro\/nou\/wp-json\/wp\/v2\/posts"}],"about":[{"href":"https:\/\/revistacultura.ro\/nou\/wp-json\/wp\/v2\/types\/post"}],"author":[{"embeddable":true,"href":"https:\/\/revistacultura.ro\/nou\/wp-json\/wp\/v2\/users\/2"}],"replies":[{"embeddable":true,"href":"https:\/\/revistacultura.ro\/nou\/wp-json\/wp\/v2\/comments?post=25709"}],"version-history":[{"count":6,"href":"https:\/\/revistacultura.ro\/nou\/wp-json\/wp\/v2\/posts\/25709\/revisions"}],"predecessor-version":[{"id":25723,"href":"https:\/\/revistacultura.ro\/nou\/wp-json\/wp\/v2\/posts\/25709\/revisions\/25723"}],"wp:featuredmedia":[{"embeddable":true,"href":"https:\/\/revistacultura.ro\/nou\/wp-json\/wp\/v2\/media\/25711"}],"wp:attachment":[{"href":"https:\/\/revistacultura.ro\/nou\/wp-json\/wp\/v2\/media?parent=25709"}],"wp:term":[{"taxonomy":"category","embeddable":true,"href":"https:\/\/revistacultura.ro\/nou\/wp-json\/wp\/v2\/categories?post=25709"},{"taxonomy":"post_tag","embeddable":true,"href":"https:\/\/revistacultura.ro\/nou\/wp-json\/wp\/v2\/tags?post=25709"}],"curies":[{"name":"wp","href":"https:\/\/api.w.org\/{rel}","templated":true}]}}