{"id":25675,"date":"2017-06-01T01:43:26","date_gmt":"2017-05-31T23:43:26","guid":{"rendered":"http:\/\/revistacultura.ro\/nou\/?p=25675"},"modified":"2017-06-01T01:43:26","modified_gmt":"2017-05-31T23:43:26","slug":"sumar-nr-21-2017","status":"publish","type":"post","link":"https:\/\/revistacultura.ro\/nou\/sumar-nr-21-2017\/","title":{"rendered":"Sumar nr. 21 \/ 2017"},"content":{"rendered":"<p>[flipbook id=&#8221;25674&#8243; width=&#8221;100%&#8221; height=&#8221;580&#8243;]<\/p>\n<p><a href=\"http:\/\/revistacultura.ro\/pdf\/cultura577.compressed.pdf\" target=\"_blank\" rel=\"noopener noreferrer\">DESCARC\u0102 \u00ceN FORMAT PDF<\/a><br \/>\n<a href=\"http:\/\/revistacultura.ro\/nou\/flipbook\/cultura577.compressed\/\" target=\"_blank\" rel=\"noopener noreferrer\">VEZI PE TOT ECRANUL<\/a><\/p>\n<h4>SUMAR<\/h4>\n<p>EDITORIAL<br \/>\n<strong>George Apostoiu<\/strong> \/ <em>\u015etiri false \u00een societatea post-adev\u0103r<\/em> \/ 3<\/p>\n<p>CULTURA ECONOMIC\u0102<br \/>\n<strong>Teodor Brate\u0219<\/strong> \/ <em>Explica\u021bii utile \u0219i justific\u0103ri p\u0103guboase<\/em> \/ 4<\/p>\n<p>CULTURA ISTORIEI<br \/>\n<strong>Ioan-Aurel Pop<\/strong> \/ Elogiu latinit\u0103\u0163ii \/\/ <em>\u021a\u0103rile Rom\u00e2ne, \u201epopulate de coloniile romane din timpul lui Traian\u201d<\/em> \/ 5<\/p>\n<p>CULTUR\u0102 \u015eI SOCIETATE<br \/>\n<strong>Gina Stoiciu<\/strong> \/ Lumea sub lup\u0103 \/\/ <em>Medicalizarea vie\u0163ii<\/em> \/ 6<br \/>\n<strong>Monica S\u0103vulescu Voudouri<\/strong> \/ Rom\u00e2nia din diaspora \/\/ <em>Poduri, nu ziduri<\/em> \/ 7<\/p>\n<p>CULTURA IDEILOR<br \/>\n<strong>Andrei Marga<\/strong> \/ <em>Problema inegalit\u0103\u021bii<\/em> \/ 8<\/p>\n<p>CULTURA VIZUAL\u0102<br \/>\n<strong>DOSAR \/\/ <em>Colec\u021bia de art\u0103, \u00eentre estetic \u0219i social<\/em><\/strong> \/ Particip\u0103: Pavel \u0218u\u0219ar\u0103, Veronica Leca, Sonia Corbu \/ Dosar coordonat de Nicu Ilie \/ 9-14<\/p>\n<p>CULTURA LITERAR\u0102<br \/>\n<em>Revista presei culturale<\/em> \/ 15<br \/>\n<strong>Andreea Mironescu<\/strong> \/ <em>Revolu\u021bii, contrarevolu\u021bii \u0219i interdisciplinaritate<\/em> \/ 16<br \/>\n<strong>Cosmin Borza<\/strong> \/ \u00cent\u00e2mpin\u0103ri \/\/ <em>Ororile lui 1907<\/em> \/ 17<br \/>\n<strong>\u015etefan Baghiu<\/strong> \/ Perspective \/\/ <em>Revolu\u0163ia bol\u015fevic\u0103: unificator ideologic \u00een romanul realismului socialist<\/em> \/ 18<br \/>\n<strong>Emanuel Modoc<\/strong> \/<em> Trei fe\u021be ale avangardei. O sintez\u0103 a lecturilor critice aplicate fenome\u00adnului avangardist<\/em> \/ 19<br \/>\n<strong>Rodica Grigore<\/strong> \/ <em>Ceremonia ceaiului \u0219i demnitatea vie\u021bii<\/em> \/ 20<\/p>\n<p>CULTURA SPORTULUI<br \/>\n<strong>M\u0103d\u0103lina Fir\u0103nescu<\/strong> \/ In corpore sano \/\/ <em>\u00cen construc\u0163ie<\/em> \/ 21<\/p>\n<p>CULTURA ANTROPOLOGIC\u0102<br \/>\n<strong>Nicolae Constantinescu<\/strong> \/ <em>Reveniri. Vinova\u0163ii f\u0103r\u0103 vin\u0103<\/em> \/ 22-23<br \/>\n<strong>Virgil \u015etefan Ni\u0163ulescu<\/strong> \/ Arhipelagul muzeelor \/\/ <em>Revenirea la normalitate: \u00een Bihor<\/em> \/ 24<\/p>\n<p>CULTURA CINEMA<br \/>\n<strong>Ioan Laz\u0103r<\/strong> \/ <em>Cannes 2017. Primele premii \u0219i pronosticurile criticilor<\/em> \/ 25<br \/>\n<strong>Cosmin Popa<\/strong> \/ <em>Alb, negru \u0219i nuan\u021be de horror<\/em> \/ 26<\/p>\n<p>CULTURA EVENIMENT<br \/>\n<em>Semnal editorial<\/em> \/ 27<br \/>\n<strong>Carmen Corbu<\/strong> \/ <em>Jurnal de vizitator<\/em> \/ 28<\/p>\n","protected":false},"excerpt":{"rendered":"<p>[flipbook id=&#8221;25674&#8243; width=&#8221;100%&#8221; height=&#8221;580&#8243;] DESCARC\u0102 \u00ceN FORMAT PDF VEZI PE TOT ECRANUL SUMAR EDITORIAL George Apostoiu \/ \u015etiri false \u00een societatea post-adev\u0103r \/ 3 CULTURA ECONOMIC\u0102 Teodor Brate\u0219 \/ Explica\u021bii utile \u0219i justific\u0103ri p\u0103guboase \/ 4 CULTURA ISTORIEI Ioan-Aurel Pop \/ Elogiu latinit\u0103\u0163ii \/\/ \u021a\u0103rile Rom\u00e2ne, \u201epopulate de coloniile romane din timpul lui Traian\u201d \/&hellip;&nbsp;<a href=\"https:\/\/revistacultura.ro\/nou\/sumar-nr-21-2017\/\" rel=\"bookmark\">Cite\u0219te mai mult &raquo;<span class=\"screen-reader-text\">Sumar nr. 21 \/ 2017<\/span><\/a><\/p>\n","protected":false},"author":2,"featured_media":25678,"comment_status":"open","ping_status":"closed","sticky":false,"template":"","format":"standard","meta":{"neve_meta_sidebar":"","neve_meta_container":"","neve_meta_enable_content_width":"","neve_meta_content_width":0,"neve_meta_title_alignment":"","neve_meta_author_avatar":"","neve_post_elements_order":"","neve_meta_disable_header":"","neve_meta_disable_footer":"","neve_meta_disable_title":"","jetpack_post_was_ever_published":false,"_jetpack_newsletter_access":"","_jetpack_dont_email_post_to_subs":false,"_jetpack_newsletter_tier_id":0,"_jetpack_memberships_contains_paywalled_content":false,"_jetpack_memberships_contains_paid_content":false,"footnotes":"","jetpack_publicize_message":"","jetpack_publicize_feature_enabled":true,"jetpack_social_post_already_shared":false,"jetpack_social_options":{"image_generator_settings":{"template":"highway","default_image_id":0,"font":"","enabled":false},"version":2}},"categories":[15496],"tags":[],"class_list":["post-25675","post","type-post","status-publish","format-standard","has-post-thumbnail","hentry","category-sumar"],"views":6324,"jetpack_publicize_connections":[],"jetpack_featured_media_url":"https:\/\/revistacultura.ro\/nou\/wp-content\/uploads\/2017\/06\/577.jpg","jetpack_sharing_enabled":true,"jetpack-related-posts":[],"_links":{"self":[{"href":"https:\/\/revistacultura.ro\/nou\/wp-json\/wp\/v2\/posts\/25675","targetHints":{"allow":["GET"]}}],"collection":[{"href":"https:\/\/revistacultura.ro\/nou\/wp-json\/wp\/v2\/posts"}],"about":[{"href":"https:\/\/revistacultura.ro\/nou\/wp-json\/wp\/v2\/types\/post"}],"author":[{"embeddable":true,"href":"https:\/\/revistacultura.ro\/nou\/wp-json\/wp\/v2\/users\/2"}],"replies":[{"embeddable":true,"href":"https:\/\/revistacultura.ro\/nou\/wp-json\/wp\/v2\/comments?post=25675"}],"version-history":[{"count":2,"href":"https:\/\/revistacultura.ro\/nou\/wp-json\/wp\/v2\/posts\/25675\/revisions"}],"predecessor-version":[{"id":25677,"href":"https:\/\/revistacultura.ro\/nou\/wp-json\/wp\/v2\/posts\/25675\/revisions\/25677"}],"wp:featuredmedia":[{"embeddable":true,"href":"https:\/\/revistacultura.ro\/nou\/wp-json\/wp\/v2\/media\/25678"}],"wp:attachment":[{"href":"https:\/\/revistacultura.ro\/nou\/wp-json\/wp\/v2\/media?parent=25675"}],"wp:term":[{"taxonomy":"category","embeddable":true,"href":"https:\/\/revistacultura.ro\/nou\/wp-json\/wp\/v2\/categories?post=25675"},{"taxonomy":"post_tag","embeddable":true,"href":"https:\/\/revistacultura.ro\/nou\/wp-json\/wp\/v2\/tags?post=25675"}],"curies":[{"name":"wp","href":"https:\/\/api.w.org\/{rel}","templated":true}]}}