{"id":25625,"date":"2017-05-04T00:36:57","date_gmt":"2017-05-03T22:36:57","guid":{"rendered":"http:\/\/revistacultura.ro\/nou\/?p=25625"},"modified":"2017-05-05T17:07:24","modified_gmt":"2017-05-05T15:07:24","slug":"sumar-nr-17-2017","status":"publish","type":"post","link":"https:\/\/revistacultura.ro\/nou\/sumar-nr-17-2017\/","title":{"rendered":"Sumar nr. 17 \/ 2017"},"content":{"rendered":"<p>[flipbook id=&#8221;25632&#8243; width=&#8221;100%&#8221; height=&#8221;500&#8243;]<\/p>\n<p style=\"text-align: center;\">\n<p><a href=\"http:\/\/revistacultura.ro\/pdf\/Cultura_573_17_2017.compressed.pdf\" target=\"_blank\">DESCARC\u0102 \u00ceN FORMAT PDF<\/a><br \/>\n<a href=\"http:\/\/revistacultura.ro\/nou\/flipbook\/Cultura_573_17_2017.compressed\/\" target=\"_blank\">VEZI PE TOT ECRANUL<\/a>\n<\/p>\n<h4>SUMAR<\/h4>\n<p>EDITORIAL<br \/>\n<strong>George Apostoiu<\/strong> \/ <em>Deocamdat\u0103, nici dreapta, nici st\u00e2nga<\/em> \/ 3<\/p>\n<p>CULTURA ECONOMIC\u0102<br \/>\n<strong>Teodor Brate\u0219<\/strong> \/ <em>De la simplificare p\u00e2n\u0103 la caricaturizare (via dezinformare)<\/em> \/ 4<\/p>\n<p>CULTURA ISTORIEI<br \/>\n<strong>Ioan-Aurel Pop <\/strong>\/ Elogiu latinit\u0103\u0163ii \/\/ <em>Rom\u00e2nii \u201ese socotesc urma\u0219i ai coloni\u0219tilor romani\u201d<\/em> \/ 5<\/p>\n<p>CULTUR\u0102 \u015eI SOCIETATE<br \/>\n<strong>Gina Stoiciu<\/strong> \/ Lumea sub lup\u0103 \/\/ <em>Popor, populism, \u015feful populist<\/em> \/ 6<br \/>\n<strong>Monica S\u0103vulescu Voudouri<\/strong> \/ Rom\u00e2nia din diaspora \/\/ <em>Educa\u021bia \u0219i cultura \u2013 bunuri de consum<\/em> \/ 7<br \/>\n<strong>Vasile C\u0103r\u0103bi\u0219i<\/strong> \/ <em>Educa\u021bie, circula\u021bie<\/em> \/ 8<\/p>\n<p>CULTURA IDEILOR<br \/>\n<strong>Andrei Marga<\/strong> \/<em> Ordinea viitoare a lumii<\/em> \/ 9<br \/>\n<strong>Valentin Protopopescu<\/strong> \/ Prin oglind\u0103 \/\/ <em>Care mai este valoarea artei?<\/em> \/ 10<\/p>\n<p>CULTURA DEZBATERII<br \/>\n<strong>DOSAR \/\/ <em>Ce este un autor? \u015ei de c\u00e2te feluri este el?<\/em><\/strong> \/ Particip\u0103:  Mircea Valeriu Deaca, Sorin Bejenaru, Mirela Tr\u0103istaru, Cristian Crisb\u0103\u015fan \/ Dosar coordonat de Carmen Corbu \/ 11-14<\/p>\n<p>CULTURA LITERAR\u0102<br \/>\n<em>Revista presei culturale<\/em> \/ 15<br \/>\n<strong>Constantin Cuble\u0219an<\/strong> \/<em> Augustin Buzura prin labirintul timpului \u0219i al istoriei<\/em> \/ 16-17<br \/>\n<strong>\u0218tefan Baghiu<\/strong> \/ Perspective \/\/ <em>Literatura \u00een postcomunist: autorii \u015fi direc\u0163iile<\/em> \/ 18-19<br \/>\n<strong>Oana Purice<\/strong> \/ <em>Jurnal de cenzor<\/em> \/ 20<br \/>\n<strong>Cosmin Borza<\/strong> \/ \u00cent\u00e2mpin\u0103ri \/\/ <em>Metaistoria literaturii rom\u00e2ne postbelice<\/em> \/ 21<br \/>\n<strong>Mihai Duma<\/strong> \/ <em>Amintiri din copil\u0103rie. Versiunea nou\u0103<\/em> \/ 22<\/p>\n<p>CULTURA POLEMIC\u0102<br \/>\n<strong>Nicolae Constantinescu<\/strong> \/ <em>\u201eMiori\u0163a\u201d \u00een S\u0103pt\u0103m\u00e2na Patimilor<\/em> \/ 23<\/p>\n<p>CULTURA SPORTULUI<br \/>\n<strong>M\u0103d\u0103lina Fir\u0103nescu<\/strong> \/ In corpore sano \/\/ <em>Victorie (de) dulce<\/em> \/ 24<\/p>\n<p>CULTURA ANTROPOLOGIC\u0102<br \/>\n<strong>Virgil \u0218tefan Ni\u021bulescu<\/strong> \/ Arhipelagul muzeelor \/\/ <em>Muzeul Na\u021bional de Art\u0103 al Moldovei<\/em> \/ 25<\/p>\n<p>CULTURA VIZUAL\u0102<br \/>\n<strong>Nicu Ilie<\/strong> \/ <em>Arta lui Brauner<\/em> \/ 26-27<\/p>\n<p>CULTURA CINEMA<br \/>\n<strong>Ioan Laz\u0103r<\/strong> \/ CANNES 2017 <em>Dans\u00e2nd cu Claudia Cardinale<\/em> \/ 28<\/p>\n","protected":false},"excerpt":{"rendered":"<p>[flipbook id=&#8221;25632&#8243; width=&#8221;100%&#8221; height=&#8221;500&#8243;] DESCARC\u0102 \u00ceN FORMAT PDF VEZI PE TOT ECRANUL SUMAR EDITORIAL George Apostoiu \/ Deocamdat\u0103, nici dreapta, nici st\u00e2nga \/ 3 CULTURA ECONOMIC\u0102 Teodor Brate\u0219 \/ De la simplificare p\u00e2n\u0103 la caricaturizare (via dezinformare) \/ 4 CULTURA ISTORIEI Ioan-Aurel Pop \/ Elogiu latinit\u0103\u0163ii \/\/ Rom\u00e2nii \u201ese socotesc urma\u0219i ai coloni\u0219tilor romani\u201d \/&hellip;&nbsp;<a href=\"https:\/\/revistacultura.ro\/nou\/sumar-nr-17-2017\/\" rel=\"bookmark\">Cite\u0219te mai mult &raquo;<span class=\"screen-reader-text\">Sumar nr. 17 \/ 2017<\/span><\/a><\/p>\n","protected":false},"author":2,"featured_media":25630,"comment_status":"open","ping_status":"closed","sticky":false,"template":"","format":"standard","meta":{"neve_meta_sidebar":"","neve_meta_container":"","neve_meta_enable_content_width":"","neve_meta_content_width":0,"neve_meta_title_alignment":"","neve_meta_author_avatar":"","neve_post_elements_order":"","neve_meta_disable_header":"","neve_meta_disable_footer":"","neve_meta_disable_title":"","jetpack_post_was_ever_published":false,"_jetpack_newsletter_access":"","_jetpack_dont_email_post_to_subs":false,"_jetpack_newsletter_tier_id":0,"_jetpack_memberships_contains_paywalled_content":false,"_jetpack_memberships_contains_paid_content":false,"footnotes":"","jetpack_publicize_message":"","jetpack_publicize_feature_enabled":true,"jetpack_social_post_already_shared":false,"jetpack_social_options":{"image_generator_settings":{"template":"highway","default_image_id":0,"font":"","enabled":false},"version":2}},"categories":[15496],"tags":[],"class_list":["post-25625","post","type-post","status-publish","format-standard","has-post-thumbnail","hentry","category-sumar"],"views":2922,"jetpack_publicize_connections":[],"jetpack_featured_media_url":"https:\/\/revistacultura.ro\/nou\/wp-content\/uploads\/2017\/05\/573.jpg","jetpack_sharing_enabled":true,"jetpack-related-posts":[],"_links":{"self":[{"href":"https:\/\/revistacultura.ro\/nou\/wp-json\/wp\/v2\/posts\/25625","targetHints":{"allow":["GET"]}}],"collection":[{"href":"https:\/\/revistacultura.ro\/nou\/wp-json\/wp\/v2\/posts"}],"about":[{"href":"https:\/\/revistacultura.ro\/nou\/wp-json\/wp\/v2\/types\/post"}],"author":[{"embeddable":true,"href":"https:\/\/revistacultura.ro\/nou\/wp-json\/wp\/v2\/users\/2"}],"replies":[{"embeddable":true,"href":"https:\/\/revistacultura.ro\/nou\/wp-json\/wp\/v2\/comments?post=25625"}],"version-history":[{"count":4,"href":"https:\/\/revistacultura.ro\/nou\/wp-json\/wp\/v2\/posts\/25625\/revisions"}],"predecessor-version":[{"id":25634,"href":"https:\/\/revistacultura.ro\/nou\/wp-json\/wp\/v2\/posts\/25625\/revisions\/25634"}],"wp:featuredmedia":[{"embeddable":true,"href":"https:\/\/revistacultura.ro\/nou\/wp-json\/wp\/v2\/media\/25630"}],"wp:attachment":[{"href":"https:\/\/revistacultura.ro\/nou\/wp-json\/wp\/v2\/media?parent=25625"}],"wp:term":[{"taxonomy":"category","embeddable":true,"href":"https:\/\/revistacultura.ro\/nou\/wp-json\/wp\/v2\/categories?post=25625"},{"taxonomy":"post_tag","embeddable":true,"href":"https:\/\/revistacultura.ro\/nou\/wp-json\/wp\/v2\/tags?post=25625"}],"curies":[{"name":"wp","href":"https:\/\/api.w.org\/{rel}","templated":true}]}}