{"id":25618,"date":"2017-04-26T21:54:57","date_gmt":"2017-04-26T19:54:57","guid":{"rendered":"http:\/\/revistacultura.ro\/nou\/?p=25618"},"modified":"2017-04-26T21:54:57","modified_gmt":"2017-04-26T19:54:57","slug":"sumar-nr-16-2017","status":"publish","type":"post","link":"https:\/\/revistacultura.ro\/nou\/sumar-nr-16-2017\/","title":{"rendered":"Sumar nr. 16 \/ 2017"},"content":{"rendered":"<p>[flipbook id=&#8221;25617&#8243; width=&#8221;100%&#8221; height=&#8221;500&#8243;]<\/p>\n<p style=\"text-align: center;\">\n<p><a href=\"http:\/\/revistacultura.ro\/pdf\/cultura16_572_web.pdf\" target=\"_blank\">DESCARC\u0102 \u00ceN FORMAT PDF<\/a><br \/>\n<a href=\"http:\/\/revistacultura.ro\/nou\/flipbook\/cultura16_572_web\/\" target=\"_blank\">VEZI PE TOT ECRANUL<\/a>\n<\/p>\n<h4>SUMAR<\/h4>\n<p>EDITORIAL<br \/>\n<strong>George Apostoiu<\/strong> \/ <em>O disput\u0103 necesar\u0103<\/em> \/ 3<\/p>\n<p>CULTURA ECONOMIC\u0102<br \/>\n<strong>Teodor Brate\u0219<\/strong> \/ <em>Consumul, un \u201emotor\u201d pentru g\u00e2lceava noastr\u0103 cea de toate zilele<\/em> \/ 4<\/p>\n<p>CULTUR\u0102 \u015eI SOCIETATE<br \/>\n<strong>Monica S\u0103vulescu Voudouri<\/strong> \/ Rom\u00e2nia din diaspora \/\/ <em>Ghetoul ca stare mental\u0103<\/em> \/ 5<\/p>\n<p>CULTURA ISTORIEI<br \/>\n<strong>Ioan-Aurel Pop <\/strong>\/ Elogiu latinit\u0103\u0163ii \/\/ <em>Rom\u00e2nii din secolul al XVI-lea \u0219tiau povestea desc\u0103lecatului dint\u00e2i, de la Traian<\/em> \/ 6<\/p>\n<p>CULTURA IDEILOR<br \/>\n<strong>Andrei Marga<\/strong> \/ <em>Despre absolut<\/em> \/ 7<br \/>\n<strong>Lavinia Betea<\/strong> \/ <em>Portret de grup \u00een amurgul istoriei imediate<\/em> \/ 8-9<\/p>\n<p>CULTURA EVENIMENT<br \/>\n<strong>Florica Ciodaru-Courriol<\/strong> \/ <em>\u201eQuais du Polar\u201d sau spectaculara evolu\u0163ie a genului<\/em> \/ 10<\/p>\n<p>CULTURA LITERAR\u0102<br \/>\n<strong>DOSAR \/\/ <em>DGLR \u2013 fundamentele unui proiect cultural na\u021bional<\/em><\/strong> \/ Particip\u0103: Eugen Simion, Paul Cernat, Bogdan Cre\u021bu, Mihai Iov\u0103nel \/ Dosar coordonat de Cosmin Borza \/ 11-15<br \/>\n<strong>Doris Mironescu<\/strong> \/ <em>Ucenic la clasici<\/em> \/ 16<br \/>\n<strong>\u0218tefan Baghiu<\/strong> \/ Perspective \/\/ <em>Literatura \u00een postcomunism: ideologia \u015fi institu\u0163iile<\/em> \/ 17<br \/>\n<strong>Ioana Pavel<\/strong> \/ <em>Inocen\u0163a va salva lumea<\/em> \/ 18<br \/>\n<strong>Marian Victor Buciu<\/strong> \/ <em>A rezista \u00een Rom\u00e2nia<\/em> \/ 19<\/p>\n<p>CULTURA PSI<br \/>\n<strong>Valentin Protopopescu<\/strong> \/ \u00cen oglind\u0103 \/\/ <em>Ideologia radical\u0103 sub lupa psihanalizei<\/em> \/ 20<\/p>\n<p>CULTURA C\u0102L\u0102TORIEI<br \/>\n<strong>Roxana Pavnotescu<\/strong> \/ <em>Croaziere pe Marea Caraibilor<\/em> \/ 21-23<\/p>\n<p>CULTURA SPORTULUI<br \/>\n<strong>M\u0103d\u0103lina Fir\u0103nescu<\/strong> \/ In corpore sano \/\/ <em>V\u00e2rsta ca o cr\u0103p\u0103tur\u0103 \u00een tavan <\/em>\/ 24<\/p>\n<p>CULTURA ANTROPOLOGIC\u0102<br \/>\n<strong>Virgil \u0218tefan Ni\u021bulescu<\/strong> \/ Arhipelagul muzeelor \/\/ <em>Odiseea Muzeului Literaturii <\/em>\/ 25<\/p>\n<p>CULTURA CINEMA<br \/>\n<strong>Ioan Laz\u0103r<\/strong> \/ <em>Pedro Almod\u00f3var, portretistul feminit\u0103\u0163ii. Avanpremier\u0103 Cannes 2017<\/em> \/ 26-27<\/p>\n<p>CULTURA VIZUAL\u0102<br \/>\n<strong>Mihaela Proca<\/strong> \/ <em>C\u00e2ntarea omului, a naturii \u0219i a spiritului \u00eentrupat \u00een verb<\/em> \/ 28<\/p>\n","protected":false},"excerpt":{"rendered":"<p>[flipbook id=&#8221;25617&#8243; width=&#8221;100%&#8221; height=&#8221;500&#8243;] DESCARC\u0102 \u00ceN FORMAT PDF VEZI PE TOT ECRANUL SUMAR EDITORIAL George Apostoiu \/ O disput\u0103 necesar\u0103 \/ 3 CULTURA ECONOMIC\u0102 Teodor Brate\u0219 \/ Consumul, un \u201emotor\u201d pentru g\u00e2lceava noastr\u0103 cea de toate zilele \/ 4 CULTUR\u0102 \u015eI SOCIETATE Monica S\u0103vulescu Voudouri \/ Rom\u00e2nia din diaspora \/\/ Ghetoul ca stare mental\u0103 \/&hellip;&nbsp;<a href=\"https:\/\/revistacultura.ro\/nou\/sumar-nr-16-2017\/\" rel=\"bookmark\">Cite\u0219te mai mult &raquo;<span class=\"screen-reader-text\">Sumar nr. 16 \/ 2017<\/span><\/a><\/p>\n","protected":false},"author":2,"featured_media":0,"comment_status":"open","ping_status":"closed","sticky":false,"template":"","format":"standard","meta":{"neve_meta_sidebar":"","neve_meta_container":"","neve_meta_enable_content_width":"","neve_meta_content_width":0,"neve_meta_title_alignment":"","neve_meta_author_avatar":"","neve_post_elements_order":"","neve_meta_disable_header":"","neve_meta_disable_footer":"","neve_meta_disable_title":"","jetpack_post_was_ever_published":false,"_jetpack_newsletter_access":"","_jetpack_dont_email_post_to_subs":false,"_jetpack_newsletter_tier_id":0,"_jetpack_memberships_contains_paywalled_content":false,"_jetpack_memberships_contains_paid_content":false,"footnotes":"","jetpack_publicize_message":"","jetpack_publicize_feature_enabled":true,"jetpack_social_post_already_shared":false,"jetpack_social_options":{"image_generator_settings":{"template":"highway","default_image_id":0,"font":"","enabled":false},"version":2}},"categories":[15496],"tags":[],"class_list":["post-25618","post","type-post","status-publish","format-standard","hentry","category-sumar"],"views":4235,"jetpack_publicize_connections":[],"jetpack_featured_media_url":"","jetpack_sharing_enabled":true,"jetpack-related-posts":[],"_links":{"self":[{"href":"https:\/\/revistacultura.ro\/nou\/wp-json\/wp\/v2\/posts\/25618","targetHints":{"allow":["GET"]}}],"collection":[{"href":"https:\/\/revistacultura.ro\/nou\/wp-json\/wp\/v2\/posts"}],"about":[{"href":"https:\/\/revistacultura.ro\/nou\/wp-json\/wp\/v2\/types\/post"}],"author":[{"embeddable":true,"href":"https:\/\/revistacultura.ro\/nou\/wp-json\/wp\/v2\/users\/2"}],"replies":[{"embeddable":true,"href":"https:\/\/revistacultura.ro\/nou\/wp-json\/wp\/v2\/comments?post=25618"}],"version-history":[{"count":5,"href":"https:\/\/revistacultura.ro\/nou\/wp-json\/wp\/v2\/posts\/25618\/revisions"}],"predecessor-version":[{"id":25757,"href":"https:\/\/revistacultura.ro\/nou\/wp-json\/wp\/v2\/posts\/25618\/revisions\/25757"}],"wp:attachment":[{"href":"https:\/\/revistacultura.ro\/nou\/wp-json\/wp\/v2\/media?parent=25618"}],"wp:term":[{"taxonomy":"category","embeddable":true,"href":"https:\/\/revistacultura.ro\/nou\/wp-json\/wp\/v2\/categories?post=25618"},{"taxonomy":"post_tag","embeddable":true,"href":"https:\/\/revistacultura.ro\/nou\/wp-json\/wp\/v2\/tags?post=25618"}],"curies":[{"name":"wp","href":"https:\/\/api.w.org\/{rel}","templated":true}]}}