{"id":25516,"date":"2017-03-09T01:07:12","date_gmt":"2017-03-08T23:07:12","guid":{"rendered":"http:\/\/revistacultura.ro\/nou\/?p=25516"},"modified":"2019-02-17T18:20:58","modified_gmt":"2019-02-17T16:20:58","slug":"sumar-nr-10-2017","status":"publish","type":"post","link":"https:\/\/revistacultura.ro\/nou\/sumar-nr-10-2017\/","title":{"rendered":"Sumar nr. 10 \/ 2017"},"content":{"rendered":"\n<p class=\"has-large-font-size\"><strong> <\/strong><a href=\"http:\/\/revistacultura.ro\/pdf\/Cultura_566.pdf\" target=\"_blank\"><strong>DESCARC\u0102 \u00ceN FORMAT PDF<\/strong><\/a><\/p>\n\n\n\n<h4 class=\"wp-block-heading\">SUMAR<\/h4>\n\n\n\n<p>EDITORIAL<br>\n<strong>George Apostoiu<\/strong> \/ <em>Vecin\u0103tatea nu poart\u0103 \u00een sine pericole<\/em> \/ 3<\/p>\n\n\n\n<p>CULTURA ECONOMIC\u0102<br>\n<strong>Teodor Brate\u015f<\/strong> \/ <em>Banul public \u015fi interesul privat<\/em> \/ 4<\/p>\n\n\n\n<p>CULTURA ISTORIEI<br>\n<strong>Ioan-Aurel Pop<\/strong> \/ Elogiu latinit\u0103\u0163ii \/\/ <em>Vigoarea latinit\u0103\u021bii \u00een lume<\/em> \/ 5<br>\n<strong>Sandu Frunz\u0103<\/strong> \/ <em>O istorie a Transilvaniei multiculturale<\/em> \/ 6-7<br>\n<strong>Nicu Ilie<\/strong> \/ Femeile, feminismul \u015fi Primul R\u0103zboi Mondial \/ 7<\/p>\n\n\n\n<p>CULTUR\u0102 \u015eI SOCIETATE<br>\n<strong>Monica S\u0103vulescu Voudouri<\/strong> \/ Rom\u00e2nia din diaspora \/\/ <em>Unde s-a dus lumea lui Panait Istrati?<\/em> \/ 8<br>\n<strong>Gina Stoiciu<\/strong> \/ Lumea sub lup\u0103 \/\/ <em>Individul contemporan<\/em> \/ 9<\/p>\n\n\n\n<p>CULTURA IDEILOR<br>\n<strong>Andrei Marga<\/strong> \/ <em>Limitarea r\u0103ului<\/em> \/ 10<\/p>\n\n\n\n<p>CULTURA LITERAR\u0102<br>\n<strong>DOSAR \/\/ <em>Noua poezie nou\u0103. Dincolo de \u201edou\u0103miism\u201d<\/em><\/strong> \/ Particip\u0103: Alex Ciorogar, Paul Cernat, Radu Vancu, Claudiu Komartin, Dan Coman \/ Dosar coordonat de Alex Ciorogar \/ 11-15<br>\n<strong>Cosmin Borza<\/strong> \/ \u00cent\u00e2mpin\u0103ri \/\/ <em>Umbre<\/em> \/ 16<br>\n<strong>\u015etefan Baghiu<\/strong> \/ Perspective \/\/ <em>Dereglarea sim\u0163urilor prin cultur\u0103<\/em> \/ 17<br>\n<strong>Doris Mironescu<\/strong> \/ <em>Cort\u00e1zar pe vapor<\/em> \/ 18<br>\n<strong>Dan Burcea<\/strong> \/ \u00cen medalion \/\/ <em>Catherine Cusset<\/em> \/ 19<br>\n<strong>Mircea Martin<\/strong> \/ <em>Un mare critic \u0219i teoretician al literaturii<\/em> \/ 20-21<br>\n<strong>Rodica Grigore<\/strong> \/ <em>\u00centre oglind\u0103 \u0219i lectur\u0103<\/em> \/ 22<\/p>\n\n\n\n<p>CULTURA PSIHOLOGIC\u0102<br>\n<strong>Peter Dan<\/strong> \/ <em>Minciuna \u015fi consecin\u0163ele ei<\/em> \/ 23<\/p>\n\n\n\n<p>CULTURA SPORTULUI<br>\n<strong>M\u0103d\u0103lina Fir\u0103nescu<\/strong> \/ In corpore sano \/\/ <em>Supraomul <\/em>\/ 24<\/p>\n\n\n\n<p>CULTURA ANTROPOLOGIC\u0102<br>\n<strong>Valentin Protopopescu<\/strong> \/ Prin oglind\u0103 \/\/ <em>Misterio\u015fii japonezi<\/em> \/ 25<br>\n<strong>Mihaela Proca<\/strong> \/ <em>Frescele V\u0103c\u0103re\u015ftilor \u2013 un eveniment \u015fi un&#8230; recviem<\/em> \/ 26-27<br>\n<strong>Virgil \u015etefan Ni\u0163ulescu<\/strong> \/ Arhipelagul muzeelor \/\/ <em>Brukenthal 200<\/em> \/ 28<\/p>\n","protected":false},"excerpt":{"rendered":"<p>DESCARC\u0102 \u00ceN FORMAT PDF SUMAR EDITORIAL George Apostoiu \/ Vecin\u0103tatea nu poart\u0103 \u00een sine pericole \/ 3 CULTURA ECONOMIC\u0102 Teodor Brate\u015f \/ Banul public \u015fi interesul privat \/ 4 CULTURA ISTORIEI Ioan-Aurel Pop \/ Elogiu latinit\u0103\u0163ii \/\/ Vigoarea latinit\u0103\u021bii \u00een lume \/ 5 Sandu Frunz\u0103 \/ O istorie a Transilvaniei multiculturale \/ 6-7 Nicu Ilie&hellip;&nbsp;<a href=\"https:\/\/revistacultura.ro\/nou\/sumar-nr-10-2017\/\" rel=\"bookmark\">Cite\u0219te mai mult &raquo;<span class=\"screen-reader-text\">Sumar nr. 10 \/ 2017<\/span><\/a><\/p>\n","protected":false},"author":2,"featured_media":0,"comment_status":"open","ping_status":"closed","sticky":false,"template":"","format":"standard","meta":{"neve_meta_sidebar":"","neve_meta_container":"","neve_meta_enable_content_width":"","neve_meta_content_width":0,"neve_meta_title_alignment":"","neve_meta_author_avatar":"","neve_post_elements_order":"","neve_meta_disable_header":"","neve_meta_disable_footer":"","neve_meta_disable_title":"","jetpack_post_was_ever_published":false,"_jetpack_newsletter_access":"","_jetpack_dont_email_post_to_subs":false,"_jetpack_newsletter_tier_id":0,"_jetpack_memberships_contains_paywalled_content":false,"_jetpack_memberships_contains_paid_content":false,"footnotes":"","jetpack_publicize_message":"","jetpack_publicize_feature_enabled":true,"jetpack_social_post_already_shared":true,"jetpack_social_options":{"image_generator_settings":{"template":"highway","default_image_id":0,"font":"","enabled":false},"version":2}},"categories":[15496],"tags":[],"class_list":["post-25516","post","type-post","status-publish","format-standard","hentry","category-sumar"],"views":3942,"jetpack_publicize_connections":[],"jetpack_featured_media_url":"","jetpack_sharing_enabled":true,"jetpack-related-posts":[],"_links":{"self":[{"href":"https:\/\/revistacultura.ro\/nou\/wp-json\/wp\/v2\/posts\/25516","targetHints":{"allow":["GET"]}}],"collection":[{"href":"https:\/\/revistacultura.ro\/nou\/wp-json\/wp\/v2\/posts"}],"about":[{"href":"https:\/\/revistacultura.ro\/nou\/wp-json\/wp\/v2\/types\/post"}],"author":[{"embeddable":true,"href":"https:\/\/revistacultura.ro\/nou\/wp-json\/wp\/v2\/users\/2"}],"replies":[{"embeddable":true,"href":"https:\/\/revistacultura.ro\/nou\/wp-json\/wp\/v2\/comments?post=25516"}],"version-history":[{"count":4,"href":"https:\/\/revistacultura.ro\/nou\/wp-json\/wp\/v2\/posts\/25516\/revisions"}],"predecessor-version":[{"id":26608,"href":"https:\/\/revistacultura.ro\/nou\/wp-json\/wp\/v2\/posts\/25516\/revisions\/26608"}],"wp:attachment":[{"href":"https:\/\/revistacultura.ro\/nou\/wp-json\/wp\/v2\/media?parent=25516"}],"wp:term":[{"taxonomy":"category","embeddable":true,"href":"https:\/\/revistacultura.ro\/nou\/wp-json\/wp\/v2\/categories?post=25516"},{"taxonomy":"post_tag","embeddable":true,"href":"https:\/\/revistacultura.ro\/nou\/wp-json\/wp\/v2\/tags?post=25516"}],"curies":[{"name":"wp","href":"https:\/\/api.w.org\/{rel}","templated":true}]}}