{"id":25462,"date":"2017-02-09T01:41:28","date_gmt":"2017-02-08T23:41:28","guid":{"rendered":"http:\/\/revistacultura.ro\/nou\/?p=25462"},"modified":"2017-02-09T01:41:28","modified_gmt":"2017-02-08T23:41:28","slug":"sumar-nr-6-2017","status":"publish","type":"post","link":"https:\/\/revistacultura.ro\/nou\/sumar-nr-6-2017\/","title":{"rendered":"Sumar nr. 6 \/ 2017"},"content":{"rendered":"<p>[flipbook id=&#8221;25461&#8243; width=&#8221;100%&#8221; height=&#8221;500&#8243;]<\/p>\n<div style=\"width: 100%; text-align: center; margin-top: 8px;\">\n<p><a href=\"http:\/\/revistacultura.ro\/pdf\/cultura_562_web.pdf\"><img loading=\"lazy\" decoding=\"async\" class=\"alignnone size-full wp-image-25214\" src=\"http:\/\/revistacultura.ro\/nou\/wp-content\/uploads\/2016\/10\/epaper_flipbook_06.png\" alt=\"epaper_flipbook_06\" width=\"37\" height=\"34\" \/><\/a><\/p>\n<p><a href=\"http:\/\/revistacultura.ro\/pdf\/cultura_562_web\" target=\"_blank\">VEZI PE TOT ECRANUL<\/a><\/p>\n<\/div>\n<h4>SUMAR<\/h4>\n<p>EDITORIAL<br \/>\n<strong>Angela Martin<\/strong> \/ <em>Despre identitatea na\u0163ional\u0103 \u015fi despre ingratitudine<\/em> \/ 3-4<\/p>\n<p>CULTURA POLITIC\u0102<br \/>\n<strong>George Apostoiu<\/strong> \/ Cronica diplomatic\u0103 \/\/ <em>Ucraina revine \u00een actualitate<\/em> \/ 5<\/p>\n<p>CULTURA ECONOMIC\u0102<br \/>\n<strong>Teodor Brate\u0219<\/strong> \/ <em>Bani ieftini \u015fi idei scumpe<\/em> \/ 6<\/p>\n<p>CULTURA ISTORIEI<br \/>\n<strong>Ioan-Aurel Pop<\/strong> \/ Elogiu latinit\u0103\u0163ii \/\/ <em>Condi\u0163iile romaniz\u0103rii<\/em> \/ 7<\/p>\n<p>CULTUR\u0102 \u015eI SOCIETATE<br \/>\n<strong>Monica S\u0103vulescu Voudouri<\/strong> \/ Rom\u00e2nia din diaspora \/\/ <em>\u201e\u2026\u015fi au pi\u015fcat clasa muncitoare\u2026\u201d<\/em> \/ 8<br \/>\n<strong>Gina Stoiciu<\/strong> \/ Lumea sub lup\u0103 \/\/ <em>Numericul. Post-media \u015fi post-adev\u0103r<\/em> \/ 9<br \/>\n<strong>Andreea Mironescu \u0219i Doris Mironescu<\/strong> \/ <em>Transmiterea memoriei. Gaura din steag 2017<\/em> \/ 10<br \/>\n<strong>Valentin Protopopescu<\/strong> \/ Prin oglind\u0103 \/\/ <em>Lumi antagonice<\/em> \/ 11<\/p>\n<p>CULTURA IDEILOR<br \/>\n<strong>Horia P\u0103tra\u015fcu<\/strong> \/ <em>Ultima libertate a imagina\u0163iei<\/em> \/ 12<br \/>\n<strong>\u015etefan Afloroaei<\/strong> \/ <em>Portretul filosofului la tinere\u0163e<\/em> \/ 13<br \/>\n<strong>David Ilina<\/strong> \/ <em>Mintea care str\u0103punge mun\u0163ii<\/em> \/ 14<\/p>\n<p>CULTURA DEZBATERII<br \/>\n<strong>DOSAR<\/strong> \/\/ <strong><em>Noua paradigm\u0103 a genialit\u0103\u0163ii creatoare. De la art\u0103 la antreprenoriat<\/em><\/strong> \/ Particip\u0103: OANA IONI\u0162\u0102, ANDREEA GRECU, COSMIN N\u0102SUI \/ Coordonator: CARMEN CORBU \/ 15-18<\/p>\n<p>CULTURA LITERAR\u0102<br \/>\n<strong>\u015etefan Baghiu<\/strong> \/ Perspective \/\/ <em>Un \u015fantier necesar<\/em> \/ 19<br \/>\n<strong>Marian Victor Buciu<\/strong> \/ <em>D. \u0162epeneag \u2013 80. Exemplaritate bio-grafic\u0103<\/em> \/ 20<br \/>\n<strong>FR\u00c9D\u00c9RIC VITOUX \u00een dialog cu DAN BURCEA<\/strong> \/ <em>\u201eDe ce scriem c\u0103r\u021bi? Este o \u00eentrebare misterioas\u0103 la care scriitorul nu poate \u00eentotdeauna s\u0103 dea un r\u0103spuns.\u201d<\/em> \/ 21-23<\/p>\n<p>CULTURA SPORTULUI<br \/>\n<strong>M\u0103d\u0103lina Fir\u0103nescu<\/strong> \/ In corpore sano \/\/ <em>Ilegal, imoral \u015fi \u00eengra\u015f\u0103<\/em> \/ 24<\/p>\n<p>CULTURA SPECTACOLULUI<br \/>\n<strong>Roxana Pavnotescu<\/strong> \/ <em>Magic \u015fi derizoriu pe insula femeilor<\/em> \/ 25<\/p>\n<p>CULTURA URBAN\u0102<br \/>\n<strong>Ilinca Pop<\/strong> \/ <em>Strategii noninvazive: restaurarea Muzeului Neues din Berlin<\/em> \/ 26-27<br \/>\n<strong>Carmen Corbu<\/strong> \/ <em>Take a(l)titude, prezen\u0163\u0103 rom\u00e2neasc\u0103 la EU Mies Award 2017<\/em> \/ 28<\/p>\n","protected":false},"excerpt":{"rendered":"<p>[flipbook id=&#8221;25461&#8243; width=&#8221;100%&#8221; height=&#8221;500&#8243;] VEZI PE TOT ECRANUL SUMAR EDITORIAL Angela Martin \/ Despre identitatea na\u0163ional\u0103 \u015fi despre ingratitudine \/ 3-4 CULTURA POLITIC\u0102 George Apostoiu \/ Cronica diplomatic\u0103 \/\/ Ucraina revine \u00een actualitate \/ 5 CULTURA ECONOMIC\u0102 Teodor Brate\u0219 \/ Bani ieftini \u015fi idei scumpe \/ 6 CULTURA ISTORIEI Ioan-Aurel Pop \/ Elogiu latinit\u0103\u0163ii \/\/&hellip;&nbsp;<a href=\"https:\/\/revistacultura.ro\/nou\/sumar-nr-6-2017\/\" rel=\"bookmark\">Cite\u0219te mai mult &raquo;<span class=\"screen-reader-text\">Sumar nr. 6 \/ 2017<\/span><\/a><\/p>\n","protected":false},"author":2,"featured_media":0,"comment_status":"open","ping_status":"closed","sticky":false,"template":"","format":"standard","meta":{"neve_meta_sidebar":"","neve_meta_container":"","neve_meta_enable_content_width":"","neve_meta_content_width":0,"neve_meta_title_alignment":"","neve_meta_author_avatar":"","neve_post_elements_order":"","neve_meta_disable_header":"","neve_meta_disable_footer":"","neve_meta_disable_title":"","jetpack_post_was_ever_published":false,"_jetpack_newsletter_access":"","_jetpack_dont_email_post_to_subs":false,"_jetpack_newsletter_tier_id":0,"_jetpack_memberships_contains_paywalled_content":false,"_jetpack_memberships_contains_paid_content":false,"footnotes":"","jetpack_publicize_message":"","jetpack_publicize_feature_enabled":true,"jetpack_social_post_already_shared":true,"jetpack_social_options":{"image_generator_settings":{"template":"highway","default_image_id":0,"font":"","enabled":false},"version":2}},"categories":[15496],"tags":[],"class_list":["post-25462","post","type-post","status-publish","format-standard","hentry","category-sumar"],"views":3613,"jetpack_publicize_connections":[],"jetpack_featured_media_url":"","jetpack_sharing_enabled":true,"jetpack-related-posts":[],"_links":{"self":[{"href":"https:\/\/revistacultura.ro\/nou\/wp-json\/wp\/v2\/posts\/25462","targetHints":{"allow":["GET"]}}],"collection":[{"href":"https:\/\/revistacultura.ro\/nou\/wp-json\/wp\/v2\/posts"}],"about":[{"href":"https:\/\/revistacultura.ro\/nou\/wp-json\/wp\/v2\/types\/post"}],"author":[{"embeddable":true,"href":"https:\/\/revistacultura.ro\/nou\/wp-json\/wp\/v2\/users\/2"}],"replies":[{"embeddable":true,"href":"https:\/\/revistacultura.ro\/nou\/wp-json\/wp\/v2\/comments?post=25462"}],"version-history":[{"count":1,"href":"https:\/\/revistacultura.ro\/nou\/wp-json\/wp\/v2\/posts\/25462\/revisions"}],"predecessor-version":[{"id":25463,"href":"https:\/\/revistacultura.ro\/nou\/wp-json\/wp\/v2\/posts\/25462\/revisions\/25463"}],"wp:attachment":[{"href":"https:\/\/revistacultura.ro\/nou\/wp-json\/wp\/v2\/media?parent=25462"}],"wp:term":[{"taxonomy":"category","embeddable":true,"href":"https:\/\/revistacultura.ro\/nou\/wp-json\/wp\/v2\/categories?post=25462"},{"taxonomy":"post_tag","embeddable":true,"href":"https:\/\/revistacultura.ro\/nou\/wp-json\/wp\/v2\/tags?post=25462"}],"curies":[{"name":"wp","href":"https:\/\/api.w.org\/{rel}","templated":true}]}}