{"id":25443,"date":"2017-02-02T12:48:55","date_gmt":"2017-02-02T10:48:55","guid":{"rendered":"http:\/\/revistacultura.ro\/nou\/?p=25443"},"modified":"2017-02-02T18:30:27","modified_gmt":"2017-02-02T16:30:27","slug":"sumar-nr-5-2017","status":"publish","type":"post","link":"https:\/\/revistacultura.ro\/nou\/sumar-nr-5-2017\/","title":{"rendered":"Sumar nr. 5 \/ 2017"},"content":{"rendered":"<p>[flipbook id=&#8221;25452&#8243; width=&#8221;100%&#8221; height=&#8221;500&#8243;]<\/p>\n<div style=\"width: 100%; text-align: center; margin-top: 8px;\">\n<p><a href=\"http:\/\/revistacultura.ro\/pdf\/Cultura_5_561_web_net.pdf\"><img loading=\"lazy\" decoding=\"async\" class=\"alignnone size-full wp-image-25214\" src=\"http:\/\/revistacultura.ro\/nou\/wp-content\/uploads\/2016\/10\/epaper_flipbook_06.png\" alt=\"epaper_flipbook_06\" width=\"37\" height=\"34\" \/><\/a><\/p>\n<p><a href=\"http:\/\/revistacultura.ro\/pdf\/Cultura_5_561_web_net\" target=\"_blank\">VEZI PE TOT ECRANUL<\/a><\/p>\n<\/div>\n<h4>SUMAR<\/h4>\n<p>EDITORIAL<br \/>\n<strong>Virgil \u0218tefan Ni\u021bulescu<\/strong> \/ <em>Politic\u0103 \u015fi muzee<\/em> \/ 3<\/p>\n<p>CULTURA POLITIC\u0102<br \/>\n<strong>George Apostoiu<\/strong> \/ Cronica diplomatic\u0103 \/\/ <em>Radicalizarea populismului<\/em> \/ 4<\/p>\n<p>CULTURA ECONOMIC\u0102<br \/>\n<strong>Teodor Brate\u0219<\/strong> \/ <em>Din Davos mai la vale p\u00e2n\u0103-n\u2026 Ferentari<\/em> \/ 5<\/p>\n<p>CULTUR\u0102 \u015eI SOCIETATE<br \/>\n<strong>Monica S\u0103vulescu Voudouri<\/strong> \/ Rom\u00e2nia din diaspora \/\/ <em>Iubirea de sine, iubirea de oameni<\/em> \/ 6<br \/>\n<strong>Valentin Protopopescu<\/strong> \/ Prin oglind\u0103 \/\/ <em>Fascinanta situa\u0163ie<\/em> \/ 7<\/p>\n<p>CULTURA ISTORIEI<br \/>\n<strong>Ioan-Aurel Pop<\/strong> \/ Elogiu latinit\u0103\u0163ii \/\/ <em>Ce este romanizarea?<\/em> \/ 8<\/p>\n<p>CULTURA INTEROGA\u021aIEI<br \/>\n<em>\u201eAvem \u015fi noi, \u00een Rom\u00e2nia, biserici cu diferite straturi de istorie. \u0218i de suferin\u0163\u0103.\u201d<\/em> \/ <strong>\u00cePS IOAN ROBU<\/strong> \u00een dialog cu <strong>ANGELA MARTIN<\/strong> \/ 9-14<\/p>\n<p>CULTURA LITERAR\u0102<br \/>\n<em>Revista presei culturale<\/em> \/ 15<br \/>\n<strong>\u015etefan Baghiu<\/strong> \/ Perspective \/\/ <em>Traducerile fac o cultur\u0103<\/em> \/ 16<br \/>\n<strong>Cosmin Borza<\/strong> \/ \u00cent\u00e2mpin\u0103ri \/\/ <em>Un roman occidental<\/em> \/ 17<br \/>\n<strong>Alex Ciorogar<\/strong> \/ <em>\u201eGioi che mai non fina\u201d<\/em> \/ 18-19<br \/>\n<strong>Ovio Olaru<\/strong> \/ <em>Linia de produc\u021bie<\/em> \/ 20<br \/>\n<strong>Dan Burcea<\/strong> \/ <em>Michel Roussin \u00een medalion<\/em>  \/ 21<br \/>\n<strong>Rodica Grigore<\/strong> \/ <em>A citi, a reciti<\/em>  \/ 22<br \/>\n<strong>Constantin Coroiu<\/strong> \/ Texte \u0219i contexte \/\/ <em>Timpul amintirilor deghizate<\/em> \/ 23<\/p>\n<p>CULTURA CINEMA<br \/>\n<strong>Claudia Cojocariu<\/strong> \/ <em>\u201eJackie\u201d \u2013 un poem al confesiunilor<\/em> \/ 24<br \/>\n<strong>Carmen Corbu<\/strong> \/ <em>Nostalgia colectiv\u0103 sau unde fugim din postmodernitate \u201eElle\u201d \u015fi Westworld\u201d<\/em> \/ 25<\/p>\n<p>CULTURA SPORTULUI<br \/>\n<strong>M\u0103d\u0103lina Fir\u0103nescu<\/strong> \/ In corpore sano \/\/ <em>Cum v\u0103 place?<\/em> \/ 26<\/p>\n<p>CULTURA VIZUAL\u0102<br \/>\n<strong>Mihaela Proca<\/strong> \/ <em>Pictorii de sfin\u0163i<\/em> \/ 27<br \/>\n<strong>Nicu Ilie<\/strong> \/ <em>Arti\u0219ti din Rom\u00e2nia \u00een colec\u021bia Muzeului Israel<\/em> \/ 28<\/p>\n","protected":false},"excerpt":{"rendered":"<p>[flipbook id=&#8221;25452&#8243; width=&#8221;100%&#8221; height=&#8221;500&#8243;] VEZI PE TOT ECRANUL SUMAR EDITORIAL Virgil \u0218tefan Ni\u021bulescu \/ Politic\u0103 \u015fi muzee \/ 3 CULTURA POLITIC\u0102 George Apostoiu \/ Cronica diplomatic\u0103 \/\/ Radicalizarea populismului \/ 4 CULTURA ECONOMIC\u0102 Teodor Brate\u0219 \/ Din Davos mai la vale p\u00e2n\u0103-n\u2026 Ferentari \/ 5 CULTUR\u0102 \u015eI SOCIETATE Monica S\u0103vulescu Voudouri \/ Rom\u00e2nia din diaspora&hellip;&nbsp;<a href=\"https:\/\/revistacultura.ro\/nou\/sumar-nr-5-2017\/\" rel=\"bookmark\">Cite\u0219te mai mult &raquo;<span class=\"screen-reader-text\">Sumar nr. 5 \/ 2017<\/span><\/a><\/p>\n","protected":false},"author":2,"featured_media":0,"comment_status":"open","ping_status":"closed","sticky":false,"template":"","format":"standard","meta":{"neve_meta_sidebar":"","neve_meta_container":"","neve_meta_enable_content_width":"","neve_meta_content_width":0,"neve_meta_title_alignment":"","neve_meta_author_avatar":"","neve_post_elements_order":"","neve_meta_disable_header":"","neve_meta_disable_footer":"","neve_meta_disable_title":"","jetpack_post_was_ever_published":false,"_jetpack_newsletter_access":"","_jetpack_dont_email_post_to_subs":true,"_jetpack_newsletter_tier_id":0,"_jetpack_memberships_contains_paywalled_content":false,"_jetpack_memberships_contains_paid_content":false,"footnotes":"","jetpack_publicize_message":"","jetpack_publicize_feature_enabled":true,"jetpack_social_post_already_shared":true,"jetpack_social_options":{"image_generator_settings":{"template":"highway","default_image_id":0,"font":"","enabled":false},"version":2}},"categories":[15496],"tags":[],"class_list":["post-25443","post","type-post","status-publish","format-standard","hentry","category-sumar"],"views":3147,"jetpack_publicize_connections":[],"jetpack_featured_media_url":"","jetpack_sharing_enabled":true,"jetpack-related-posts":[],"_links":{"self":[{"href":"https:\/\/revistacultura.ro\/nou\/wp-json\/wp\/v2\/posts\/25443","targetHints":{"allow":["GET"]}}],"collection":[{"href":"https:\/\/revistacultura.ro\/nou\/wp-json\/wp\/v2\/posts"}],"about":[{"href":"https:\/\/revistacultura.ro\/nou\/wp-json\/wp\/v2\/types\/post"}],"author":[{"embeddable":true,"href":"https:\/\/revistacultura.ro\/nou\/wp-json\/wp\/v2\/users\/2"}],"replies":[{"embeddable":true,"href":"https:\/\/revistacultura.ro\/nou\/wp-json\/wp\/v2\/comments?post=25443"}],"version-history":[{"count":4,"href":"https:\/\/revistacultura.ro\/nou\/wp-json\/wp\/v2\/posts\/25443\/revisions"}],"predecessor-version":[{"id":25455,"href":"https:\/\/revistacultura.ro\/nou\/wp-json\/wp\/v2\/posts\/25443\/revisions\/25455"}],"wp:attachment":[{"href":"https:\/\/revistacultura.ro\/nou\/wp-json\/wp\/v2\/media?parent=25443"}],"wp:term":[{"taxonomy":"category","embeddable":true,"href":"https:\/\/revistacultura.ro\/nou\/wp-json\/wp\/v2\/categories?post=25443"},{"taxonomy":"post_tag","embeddable":true,"href":"https:\/\/revistacultura.ro\/nou\/wp-json\/wp\/v2\/tags?post=25443"}],"curies":[{"name":"wp","href":"https:\/\/api.w.org\/{rel}","templated":true}]}}