{"id":24926,"date":"2015-11-06T13:41:14","date_gmt":"2015-11-06T11:41:14","guid":{"rendered":"http:\/\/revistacultura.ro\/nou\/?p=24926"},"modified":"2015-11-06T13:41:14","modified_gmt":"2015-11-06T11:41:14","slug":"fnt-pasari-lati-lungila","status":"publish","type":"post","link":"https:\/\/revistacultura.ro\/nou\/fnt-pasari-lati-lungila\/","title":{"rendered":"FNT, P\u0103s\u0103ri-L\u0103\u0163i-Lungil\u0103"},"content":{"rendered":"<p>An de an am militat ca spectacolele din Festivalul Na\u0163ional de Teatru, cele montate \u00een spa\u0163ii mici, \u00een care intr\u0103 doar o m\u00e2n\u0103 de oameni, s\u0103 fie jucate de mai multe ori. Numero\u015fi erau cei ce voiau s\u0103 vad\u0103 c\u00e2te o montare despre care auziser\u0103 numai de bine sau una \u00een care juca vreun actor pe care \u00eel iubeau, dar sf\u00e2r\u015feau prin a pierde lupta corp la corp cu bodyguarzii z\u0103d\u0103r\u00e2\u0163i de la intrare. Prilej de cr\u00e2ncene frustr\u0103ri! Le-a luat ceva organizatorilor p\u00e2n\u0103 s\u0103 le dea m\u0103car o \u015fans\u0103 celor ce voiau s\u0103 vad\u0103 un spectacol \u2013 s\u0103 zicem \u2013, de la UnTeatru. De anul trecut, \u00eens\u0103, lucrurile par s\u0103 se fi normalizat. Spectacolele din s\u0103li mici au fost programate de mai multe ori, astfel \u00eenc\u00e2t o bun\u0103 parte din frustrarea de a nu putea intra s-a risipit. Un punct c\u00e2\u015ftigat de c\u0103tre organizare! Mai este unul despre care va fi vorba \u00eentr-un articol de fond despre FNT. Anul acesta, festivalul pare s\u0103 bat\u0103 recordul la num\u0103rul de spectacole selec\u0163ionate. \u00cen sf\u00e2r\u015fit, am sc\u0103pat de lunga perioad\u0103 \u00een care \u00een FNT se puteau vedea doar mont\u0103rile marilor clasici ai regiei, plus vreo dou\u0103-trei ale unora de v\u00e2rst\u0103 medie, ca s\u0103 nu se spun\u0103 c\u0103 nu-i promov\u0103m \u015fi pe ceilal\u0163i. La edi\u0163ia aceasta \u015fi-au g\u0103sit loc toate v\u00e2rstele de creatori, ca \u015fi multe dintre direc\u0163iile spre care scena rom\u00e2neasc\u0103 se \u00eendreapt\u0103. FNT merit\u0103 toate felicit\u0103rile pentru c\u0103 a reu\u015fit s\u0103 se extind\u0103 p\u00e2n\u0103 la aproape o sut\u0103 (a\u0163i citit bine!) de reprezenta\u0163ii. Eforturile echipei sunt de tot respectul. E de ajuns s\u0103 m\u0103 uit la fe\u0163ele din zi \u00een zi mai pierite ale fetelor din staff, la ochii din ce \u00een ce mai \u00eencerc\u0103na\u0163i, \u00een ciuda impecabilei lor bun\u0103voin\u0163e, ca s\u0103-mi dau seama prin ce zguduire trece fizicul lor \u00een perioada festivalului. Plus lunile de preg\u0103tire! \u015ei asta \u00een condi\u0163iile \u00een care fiecare mai are \u015fi alt job c\u0103, din c\u00e2te pot s\u0103 presupun, FNT nu are, ca alte mari festivaluri din lume, propriii s\u0103i angaja\u0163i.<br \/>\n\u015ei totu\u015fi&#8230; victoriile vin la pachet \u015fi cu neajunsuri. Fiind prima edi\u0163ie at\u00e2t de bogat\u0103, pesemne organizatorii nu au prev\u0103zut consecin\u0163ele acestei diversit\u0103\u0163i. Sau pur \u015fi simplu nu au g\u0103sit solu\u0163ia tehnic\u0103. Cum s-au g\u00e2ndit ei c\u0103 spectatorii interesa\u0163i \u2013 \u015fi sunt mul\u0163i, dup\u0103 c\u00e2te arat\u0103 gradul de ocupare a s\u0103lilor \u2013 vor putea acoperi mare parte din spectacolele programate? Las\u0103 c\u0103 dup\u0103 festival ai mintea r\u0103sucit\u0103 de c\u00e2t teatru, c\u00e2te situa\u0163ii, c\u00e2te personaje, c\u00e2te interpret\u0103ri s-au aglomerat \u00een tine! S\u0103 zicem c\u0103 aceasta \u0163ine de condi\u0163ia oric\u0103rui festival. Dar lua\u0163i la \u00eent\u00e2mplare orice zi din cele zece \u015fi citi\u0163i programul: minimum \u015fapte spectacole, iar \u00een zilele \u201ebune\u201c, chiar \u015fi unsprezece. \u015ei acum pune\u0163i-v\u0103 \u00een pielea iubitorului de teatru, fie el \u201ecivil\u201c sau specialist. \u015etie c\u0103 \u00een Capital\u0103 FNT este s\u0103rb\u0103toarea artei pe care o iube\u015fte \u015fi c\u0103 se num\u0103r\u0103 printre pu\u0163inele lui \u015fanse de a vedea mont\u0103ri valoroase din alte ora\u015fe, de a se \u00eent\u00e2lni cu regizorii sau actorii care \u00eei plac. Drept pentru care vrea s\u0103 mearg\u0103 la c\u00e2t mai multe. Dar are \u015fi job, c\u0103 altfel nu ar putea s\u0103-\u015fi cumpere bilete. Sau facultate. Iar s\u0103 te mi\u015fti de colo p\u00e2n\u0103 colo prin Bucure\u015fti, \u00een traficul de aici, \u015ftim cu to\u0163ii c\u0103 ia ore. Pe de alt\u0103 parte, oric\u00e2te combina\u0163ii ai face, nu po\u0163i vedea mai mult de dou\u0103 spectacole pe zi. S\u0103 zicem c\u0103 spectatorul nostru face parte din specia fericit\u0103 care sacrific\u0103 orice alte treburi, alearg\u0103 de la un teatru la altul, se freac\u0103 bine la ochi \u015fi vede c\u00e2te dou\u0103 spectacole pe zi. Asta \u00eenseamn\u0103 dou\u0103zeci, deci mai pu\u0163in de jum\u0103tate din num\u0103rul celor selectate. Am s\u0103 m\u0103 fac din nou avocatul poporului iubitor de teatru \u015fi am s\u0103 sus\u0163in c\u0103 num\u0103rul zilelor de festival ar trebui s\u0103 creasc\u0103. \u00cen multe ora\u015fe din lume, festivalul se \u00eentinde pe o lun\u0103. Este \u015fi cazul Festivalului Enescu care acoper\u0103 \u00eentreaga lun\u0103 septembrie. De ce nu ar putea \u015fi FNT s\u0103 se expandeze pe o lun\u0103 calendaristic\u0103? Mai pot fi \u015fi zile de pauz\u0103 \u015fi astfel ritmul s-ar transforma mai mult \u00een pl\u0103cere dec\u00e2t \u00een pedeaps\u0103. Lumea ar avea timp s\u0103 se bucure de ceea ce vede, nu doar s\u0103 alerge buimac\u0103 dintr-un loc \u00een altul ca s\u0103 acopere c\u00e2t mai mult din selec\u0163ie. Ce zice\u0163i? Nu sun\u0103 bine?<\/p>\n","protected":false},"excerpt":{"rendered":"<p>An de an am militat ca spectacolele din Festivalul Na\u0163ional de Teatru, cele montate \u00een spa\u0163ii mici, \u00een care intr\u0103 doar o m\u00e2n\u0103 de oameni, s\u0103 fie jucate de mai multe ori. Numero\u015fi erau cei ce voiau s\u0103 vad\u0103 c\u00e2te o montare despre care auziser\u0103 numai de bine sau una \u00een care juca vreun actor&hellip;&nbsp;<a href=\"https:\/\/revistacultura.ro\/nou\/fnt-pasari-lati-lungila\/\" rel=\"bookmark\">Cite\u0219te mai mult &raquo;<span class=\"screen-reader-text\">FNT, P\u0103s\u0103ri-L\u0103\u0163i-Lungil\u0103<\/span><\/a><\/p>\n","protected":false},"author":3,"featured_media":0,"comment_status":"open","ping_status":"open","sticky":false,"template":"","format":"standard","meta":{"neve_meta_sidebar":"","neve_meta_container":"","neve_meta_enable_content_width":"","neve_meta_content_width":0,"neve_meta_title_alignment":"","neve_meta_author_avatar":"","neve_post_elements_order":"","neve_meta_disable_header":"","neve_meta_disable_footer":"","neve_meta_disable_title":"","jetpack_post_was_ever_published":false,"_jetpack_newsletter_access":"","_jetpack_dont_email_post_to_subs":false,"_jetpack_newsletter_tier_id":0,"_jetpack_memberships_contains_paywalled_content":false,"_jetpack_memberships_contains_paid_content":false,"footnotes":"","jetpack_publicize_message":"","jetpack_publicize_feature_enabled":true,"jetpack_social_post_already_shared":true,"jetpack_social_options":{"image_generator_settings":{"template":"highway","default_image_id":0,"font":"","enabled":false},"version":2}},"categories":[11318],"tags":[4007,4006],"class_list":["post-24926","post","type-post","status-publish","format-standard","hentry","category-cultura-spectacolului","tag-festivalul-national-de-teatru","tag-spectacolele-fnt"],"views":2587,"jetpack_publicize_connections":[],"jetpack_featured_media_url":"","jetpack_sharing_enabled":true,"jetpack-related-posts":[],"_links":{"self":[{"href":"https:\/\/revistacultura.ro\/nou\/wp-json\/wp\/v2\/posts\/24926","targetHints":{"allow":["GET"]}}],"collection":[{"href":"https:\/\/revistacultura.ro\/nou\/wp-json\/wp\/v2\/posts"}],"about":[{"href":"https:\/\/revistacultura.ro\/nou\/wp-json\/wp\/v2\/types\/post"}],"author":[{"embeddable":true,"href":"https:\/\/revistacultura.ro\/nou\/wp-json\/wp\/v2\/users\/3"}],"replies":[{"embeddable":true,"href":"https:\/\/revistacultura.ro\/nou\/wp-json\/wp\/v2\/comments?post=24926"}],"version-history":[{"count":1,"href":"https:\/\/revistacultura.ro\/nou\/wp-json\/wp\/v2\/posts\/24926\/revisions"}],"predecessor-version":[{"id":24927,"href":"https:\/\/revistacultura.ro\/nou\/wp-json\/wp\/v2\/posts\/24926\/revisions\/24927"}],"wp:attachment":[{"href":"https:\/\/revistacultura.ro\/nou\/wp-json\/wp\/v2\/media?parent=24926"}],"wp:term":[{"taxonomy":"category","embeddable":true,"href":"https:\/\/revistacultura.ro\/nou\/wp-json\/wp\/v2\/categories?post=24926"},{"taxonomy":"post_tag","embeddable":true,"href":"https:\/\/revistacultura.ro\/nou\/wp-json\/wp\/v2\/tags?post=24926"}],"curies":[{"name":"wp","href":"https:\/\/api.w.org\/{rel}","templated":true}]}}