{"id":24918,"date":"2015-11-06T13:35:53","date_gmt":"2015-11-06T11:35:53","guid":{"rendered":"http:\/\/revistacultura.ro\/nou\/?p=24918"},"modified":"2015-11-06T13:35:53","modified_gmt":"2015-11-06T11:35:53","slug":"ce-ne-mai-recomandam-singuri-ca-membri-ai-unesco","status":"publish","type":"post","link":"https:\/\/revistacultura.ro\/nou\/ce-ne-mai-recomandam-singuri-ca-membri-ai-unesco\/","title":{"rendered":"Ce ne mai recomand\u0103m singuri (ca membri ai UNESCO)"},"content":{"rendered":"<p>C\u00e2nd credem c\u0103 invent\u0103m ceva, e bine s\u0103 ne uit\u0103m prin c\u0103r\u0163ile de istorie, ca s\u0103 vedem dac\u0103 nu cumva s-au mai g\u00e2ndit \u015fi al\u0163ii, cu mult \u00eenaintea noastr\u0103, la acela\u015fi lucru. Acum, de exemplu, se discut\u0103 intens despre cre\u015fterea gradului de acces al publicului la muzee \u015fi la patrimoniul administrat de acestea. \u00cen urm\u0103 cu jum\u0103tate de secol ar fi existat o perfect\u0103 echivalen\u0163\u0103 \u00eentre muzee \u015fi patrimoniul lor. Acum, de c\u00e2nd au ap\u0103rut muzeele f\u0103r\u0103 patrimoniu \u015fi mai ales de c\u00e2nd autorii expozi\u0163iilor \u00eencearc\u0103 s\u0103 \u201erarefieze\u201c c\u00e2t mai mult expunerea, lucrurile sunt diferite. Dar nu asta doream s\u0103 discut.<br \/>\nAnul acesta se \u00eemplinesc \u015fapte decenii de la \u00eenfiin\u0163area UNESCO. Aniversarea este s\u0103rb\u0103torit\u0103 cu fast la Paris, prin sesiuni omagiale \u015fi cuv\u00e2nt\u0103ri bine lustruite, prilej pentru mine s\u0103 readuc \u00een memorie un document din secolul trecut: Recomandarea cu privire la mijloacele cele mai eficace pentru a face muzeele accesibile tuturor, adoptat\u0103 la 14 decembrie 1960, la cea de-a unsprezecea sesiune a Conferin\u0163ei generale a organiza\u0163iei (Rom\u00e2nia era membr\u0103 UNESCO de doar patru ani pe vremea aceea). Documentul a fost adoptat inclusiv prin votul \u0163\u0103rii noastre \u015fi se adreseaz\u0103 \u015fi Guvernului Rom\u00e2niei chiar \u015fi \u00een momentul de fa\u0163\u0103, fie c\u0103 Guvernul este sau nu con\u015ftient de acest lucru.<br \/>\nCitirea Recomand\u0103rii, \u00een ziua de ast\u0103zi, ar face s\u0103 z\u00e2mbeasc\u0103 pe mul\u0163i dintre noi, pentru c\u0103 unele dintre sfaturi par nu doar naive, ci chiar demodate. De exemplu, se recomand\u0103 ca \u00een expozi\u0163iile muzeale s\u0103 fie prezente etichete cu un grad suficient de \u00eenalt de explicitare a patrimoniului expus; expunerea trebuie s\u0103 fie clar\u0103 pentru toat\u0103 lumea, iar institu\u0163ia s\u0103 publice cataloage (nu trebuie s\u0103 uit\u0103m c\u0103 \u00een 1960 muzeele se aflau \u00eenaintea marelui val al democratiz\u0103rii care le-a cuprins abia la sf\u00e2r\u015fitul deceniului \u015fapte \u015fi chiar ICOM p\u0103rea o organiza\u0163ie orientat\u0103 mai degrab\u0103 c\u0103tre speciali\u015fti dec\u00e2t c\u0103tre public). Cu alte cuvinte, UNESCO milita pentru un muzeu accesibil tuturor \u015fi din punct de vedere intelectual. Dincolo de aceste recomand\u0103ri care, \u00een contextul actual, dominat de subtilit\u0103\u0163ile tehnologiilor de ultim\u0103 or\u0103 (m\u0103 refer, evident, la muzeele din avangarda muzeotehnicii, nu \u015fi la cele majoritare \u00een Rom\u00e2nia, de exemplu), \u00ee\u015fi arat\u0103 clar v\u00e2rsta, textul vine \u015fi cu ni\u015fte propuneri care nu au fost \u015fi nici nu sunt aplicate mai pe nic\u0103ieri \u00een lume, dar care, din punctul meu de vedere, ar fi extrem de binevenite pentru public. Astfel, muzeele ar trebui s\u0103 fie deschise \u00een fiecare zi din an, iar orarele s\u0103 fie adaptate la necesit\u0103\u0163ile tuturor categoriilor de vizitatori, astfel \u00eenc\u00e2t s\u0103 fac\u0103 fa\u0163\u0103 nevoilor de petrecere a timpului liber a celor care muncesc (poate p\u0103rea curios, dar UNESCO este chiar interesat de oamenii care muncesc). Am mai avut ocazia s\u0103 pomenesc \u00een paginile acestei reviste despre ciud\u0103\u0163enia pe care muzeele \u015fi arhivele (uneori \u015fi bibliotecile) o \u00eenregistreaz\u0103 \u00een ceea ce prive\u015fte orarele de lucru pentru public: ele sunt deschise atunci c\u00e2nd majoritatea poten\u0163ialilor vizitatori se afl\u0103 la munc\u0103. Este inexplicabil de ce teatrele (mai ales), dar \u015fi unele dintre cinematografe sunt preg\u0103tite s\u0103 \u00ee\u015fi \u00eent\u00e2mpine publicul dup\u0103 orele de program normal de lucru al celor mai mul\u0163i dintre beneficiari, \u00een timp ce muzeele tocmai atunci \u00ee\u015fi \u00eenchid por\u0163ile. Explica\u0163ia nu st\u0103 dec\u00e2t \u00een ni\u015fte cutume culturale. Acele institu\u0163ii muzeale care au \u00eencercat s\u0103 r\u0103m\u00e2n\u0103 deschise p\u00e2n\u0103 seara t\u00e2rziu cel pu\u0163in o dat\u0103 pe s\u0103pt\u0103m\u00e2n\u0103 au avut parte de surpriza unui mare aflux de public.<br \/>\nEvident, autorii Recomand\u0103rii sunt con\u015ftien\u0163i de urm\u0103rile unor asemenea decizii, motiv pentru care \u015fi adaug\u0103 c\u0103 muzeele trebuie s\u0103 dispun\u0103 de un personal de supraveghere suficient de numeros. Exist\u0103, desigur, destule muzee (nu \u00een Rom\u00e2nia, cu excep\u0163ia c\u00e2torva muzee \u00een aer liber) care sunt deschise cam 350 de zile pe an sau chiar 360 (de regul\u0103, sunt exceptate zilele considerate mari s\u0103rb\u0103tori de familie \u00een care este de presupus c\u0103 oamenii prefer\u0103 s\u0103 \u00ee\u015fi petreac\u0103 timpul \u00een cas\u0103, \u00een jurul mesei). \u00cemi este greu s\u0103 \u00eemi imaginez impactul unei asemenea m\u0103suri \u00een Rom\u00e2nia \u00een actualul context economic, \u00een care orice suplimentare de posturi bugetate este considerat\u0103 o adev\u0103rat\u0103 nebunie (pe motiv de ce o s\u0103 zic\u0103 presa, FMI-ul \u015fi Ministerul Finan\u0163elor \u2013 care nu are bani pentru bugetul de asigur\u0103ri sociale). \u00cen plus, deoarece Recomandarea pretinde, \u00een mod explicit, ca muzeele s\u0103 fie deschise \u00een timpul serii, este men\u0163ionat\u0103 dotarea acestora cu sisteme potrivite pentru iluminat \u015fi pentru \u00eenc\u0103lzire (ast\u0103zi am ad\u0103uga \u015fi aerul condi\u0163ionat, strict necesar nu doar pentru confortul vizitatorilor, ci mai ales pentru conservarea bunurilor culturale). Totodat\u0103, g\u00e2ndindu-se \u015fi la pl\u0103cerea vizitatorilor, autorii textului solicit\u0103 ca muzeele s\u0103 beneficieze, \u00een mod fizic, de acces facil \u015fi s\u0103 fie dotate cu s\u0103li de odihn\u0103, restaurante \u015fi cafenele \u2013 acestea din urm\u0103 trebuind s\u0103 fie amenajate, de preferin\u0163\u0103, \u00een incinta muzeelor (gr\u0103dini, terase, subsoluri) sau, \u00een cel mai r\u0103u caz, \u00een imediata lor apropiere. Din nou m\u0103 g\u00e2ndesc la numero\u015fii directori de muzee din Rom\u00e2nia care \u00eencearc\u0103 s\u0103 \u00eenfiin\u0163eze cel pu\u0163in ni\u015fte am\u0103r\u00e2te de \u201ebufete\u201c \u00een care s\u0103 se poat\u0103 bea m\u0103car o ap\u0103 \u015fi o cafea \u015fi se lovesc de \u00eend\u0103r\u0103tnicia contabililor, juri\u015ftilor \u015fi, \u00een general, a \u015fefilor care nu g\u0103sesc nici utilitatea \u015fi nici \u201ebaza legal\u0103\u201c pentru asemenea investi\u0163ii (c\u0103 doar e muzeu, nu c\u00e2rcium\u0103!).<br \/>\n\u015ei, ca s\u0103 vede\u0163i c\u0103 lucrurile nu se opresc aici, Recomandarea vorbe\u015fte despre asigurarea accesului gratuit \u00een muzee sau, dac\u0103 acest lucru nu este posibil, cel pu\u0163in despre stabilirea unui tarif de intrare c\u00e2t mai mic \u015fi alegerea unei zile \u00een fiecare s\u0103pt\u0103m\u00e2n\u0103 \u00een care intrarea s\u0103 fie liber\u0103. \u00cen orice caz, chiar dac\u0103 se pretinde achitarea unui bilet de acces, acesta ar trebui s\u0103 fie oferit gratuit pentru persoanele s\u0103race \u015fi pentru membrii familiilor numeroase. Desigur, nu se ofer\u0103 solu\u0163ii pentru aplicarea unor asemenea prevederi, dar ele ar putea fi puse \u00een practic\u0103, cel pu\u0163in par\u0163ial, dac\u0103 ar exista interes \u015fi \u00een Rom\u00e2nia. De asemenea \u2013 recomand\u0103 Conferin\u0163a general\u0103 a organiza\u0163iei \u2013, \u00een cazul \u00een care exist\u0103 un tarif de intrare, ar trebui introduse abonamente care s\u0103 permit\u0103 accesul repetat al celor doritori \u00een muzee, la un pre\u0163 mai mic pentru fiecare vizit\u0103 \u00een parte. Se men\u0163ioneaz\u0103, de asemenea, posibilitatea introducerii unor legitima\u0163ii de acces, la un pre\u0163 convenabil, pentru mai multe muzee.<br \/>\nAm \u00eencercat acum c\u00e2\u0163iva ani s\u0103 \u00eentorc pe mai multe p\u0103r\u0163i problema tarifelor de intrare \u00een muzeele din Rom\u00e2nia, pornind de la experien\u0163ele din alte \u0163\u0103ri. A\u015fa dup\u0103 cum \u015fti\u0163i, \u00een multe muzee din Regatul Unit \u015fi din Suedia nu exist\u0103 tarife de intrare. \u00cen muzee din alte \u0163\u0103ri (Fran\u0163a, de exemplu) acestea sunt aproape prohibitive pentru cei mai s\u0103raci dintre vizitatori. Nu exist\u0103 o solu\u0163ie universal\u0103, dar este cert c\u0103 \u00een Rom\u00e2nia nici nu a existat vreodat\u0103 o dezbatere public\u0103 \u00een aceast\u0103 privin\u0163\u0103. Prin \u201epublic\u0103\u201c \u00een\u0163eleg o discu\u0163ie la care s\u0103 participe \u00een mod activ nu doar directorii de muzee, sociologii, educatorii, arti\u015ftii \u015fi alte asemenea categorii de intelectuali, ci \u015fi persoane interesate, vizitatori obi\u015fnui\u0163i ai muzeelor \u015fi mai ales reprezentan\u0163i ai autorit\u0103\u0163ilor publice, at\u00e2t cele centrale, c\u00e2t \u015fi cele locale, care s\u0103 aib\u0103 \u015fi puterea de a lua ni\u015fte decizii la sf\u00e2r\u015fitul acestor dezbateri. Spun asta pentru c\u0103 la noi multe dezbateri publice sunt ini\u0163iate de autorit\u0103\u0163i la presiunea unor organiza\u0163ii neguvernamentale, sunt deschise cu mare pomp\u0103 \u015fi discursuri mai mult sau mai pu\u0163in docte, dup\u0103 care sunt abandonate pe vecie: se uit\u0103 problema, moare subiectul. Nu spun c\u0103 ar trebui neap\u0103rat s\u0103 punem \u00een aplicare Recomandarea UNESCO \u00een privin\u0163a accesului gratuit, dar ar trebui cel pu\u0163in s\u0103 o lu\u0103m \u00een discu\u0163ie!<br \/>\n\u015ei, ca s\u0103 vede\u0163i c\u0103 nu invent\u0103m roata \u00een secolul XXI, acum 55 de ani se recomanda muzeelor s\u0103 permit\u0103 accesul gratuit grupurilor constituite care vin la muzeu pentru a participa la programe educa\u0163ionale.<br \/>\nExist\u0103 mai multe sfaturi adresate direct muzeelor, cum ar fi acela de a se \u00eenscrie \u00een c\u00e2t mai multe organiza\u0163ii profesionale \u015fi de a \u00eent\u0103ri rela\u0163iile cu mijloacele de informare \u00een mas\u0103 (nu era \u00eenc\u0103 imaginat internetul \u00een acea vreme).<br \/>\n\u00cen fine, Recomandarea solicit\u0103 statelor membre ale UNESCO s\u0103 creeze muzee cu deosebire \u00een micile localit\u0103\u0163i lipsite de alte institu\u0163ii culturale. Acelea\u015fi autorit\u0103\u0163i ar trebui s\u0103 \u00eenfiin\u0163eze \u00een muzee sec\u0163ii de educa\u0163ie muzeal\u0103 care s\u0103 se afle \u00eentr-un contact permanent cu institu\u0163iile de \u00eenv\u0103\u0163\u0103m\u00e2nt. Tot statele membre ar trebui s\u0103 \u00eencurajeze apari\u0163ia, \u00een jurul muzeelor, a unor asocia\u0163ii de \u201eprieteni ai muzeelor\u201c \u015fi a unor cluburi pentru tineri.<br \/>\nVe\u0163i spune, poate, c\u0103 toate acestea sunt, de mult\u0103 vreme, banalit\u0103\u0163i. \u00cen teorie, a\u015fa este. \u00cen practic\u0103, cel pu\u0163in \u00een Rom\u00e2nia (dar \u015fi \u00een multe alte \u0163\u0103ri europene, ca s\u0103 nu mai vorbim despre ce se \u00eent\u00e2mpl\u0103 \u00een Africa), situa\u0163ia nu este la fel de roz\u0103. \u015etiu o mul\u0163ime de muzee care nu sunt membre \u00een nici o asocia\u0163ie profesional\u0103, pe motiv c\u0103 nu le las\u0103 Curtea de Conturi (cu siguran\u0163\u0103, una dintre cele mai retrograde institu\u0163ii de care are parte societatea rom\u00e2neasc\u0103!). \u015ei v\u0103 mai spun c\u0103 legal nu este posibil s\u0103 \u00eenfiin\u0163ezi o asocia\u0163ie de prieteni ai institu\u0163iei care s\u0103 aib\u0103 sediul \u00een muzeu, pentru c\u0103 trebuie s\u0103 sco\u0163i spa\u0163iul la licita\u0163ie public\u0103 (da, ave\u0163i dreptate: prostia nu are limite \u00een scumpa noastr\u0103 Rom\u00e2nie!). \u015ei a\u015f putea continua la nesf\u00e2r\u015fit cu exemplele.<br \/>\nCe am pus \u00een aplicare, a\u015fadar, din prevederile Recomand\u0103rii UNESCO de acum peste o jum\u0103tate de secol? V\u0103 las pe dumneavoastr\u0103 s\u0103 aprecia\u0163i. \u015ei c\u00e2nd ajunge\u0163i la o concluzie, v\u0103 rog s\u0103 o comunica\u0163i \u015fi celor \u015faptesprezece membri ai Comisiei permanente comune a Camerei Deputa\u0163ilor \u015fi Senatului pentru rela\u0163ia cu UNESCO (Rom\u00e2nia fiind singura \u0163ar\u0103 din lume \u00een care \u00een Parlament exist\u0103 o comisie care \u201ese ocup\u0103\u201c de rela\u0163ia \u0163\u0103rii cu aceast\u0103 organiza\u0163ie mondial\u0103 interguvernamental\u0103). Probabil c\u0103 vor fi foarte interesa\u0163i!<\/p>\n","protected":false},"excerpt":{"rendered":"<p>C\u00e2nd credem c\u0103 invent\u0103m ceva, e bine s\u0103 ne uit\u0103m prin c\u0103r\u0163ile de istorie, ca s\u0103 vedem dac\u0103 nu cumva s-au mai g\u00e2ndit \u015fi al\u0163ii, cu mult \u00eenaintea noastr\u0103, la acela\u015fi lucru. Acum, de exemplu, se discut\u0103 intens despre cre\u015fterea gradului de acces al publicului la muzee \u015fi la patrimoniul administrat de acestea. \u00cen urm\u0103&hellip;&nbsp;<a href=\"https:\/\/revistacultura.ro\/nou\/ce-ne-mai-recomandam-singuri-ca-membri-ai-unesco\/\" rel=\"bookmark\">Cite\u0219te mai mult &raquo;<span class=\"screen-reader-text\">Ce ne mai recomand\u0103m singuri (ca membri ai UNESCO)<\/span><\/a><\/p>\n","protected":false},"author":3,"featured_media":0,"comment_status":"open","ping_status":"open","sticky":false,"template":"","format":"standard","meta":{"neve_meta_sidebar":"","neve_meta_container":"","neve_meta_enable_content_width":"","neve_meta_content_width":0,"neve_meta_title_alignment":"","neve_meta_author_avatar":"","neve_post_elements_order":"","neve_meta_disable_header":"","neve_meta_disable_footer":"","neve_meta_disable_title":"","jetpack_post_was_ever_published":false,"_jetpack_newsletter_access":"","_jetpack_dont_email_post_to_subs":false,"_jetpack_newsletter_tier_id":0,"_jetpack_memberships_contains_paywalled_content":false,"_jetpack_memberships_contains_paid_content":false,"footnotes":"","jetpack_publicize_message":"","jetpack_publicize_feature_enabled":true,"jetpack_social_post_already_shared":true,"jetpack_social_options":{"image_generator_settings":{"template":"highway","default_image_id":0,"font":"","enabled":false},"version":2}},"categories":[11237],"tags":[15363,15365,15364],"class_list":["post-24918","post","type-post","status-publish","format-standard","hentry","category-cultura-societate","tag-eticheta-in-expozitiile-muzeale","tag-orogramul-muzeelor","tag-petrecerea-timpului-liber-in-muzee"],"views":2765,"jetpack_publicize_connections":[],"jetpack_featured_media_url":"","jetpack_sharing_enabled":true,"jetpack-related-posts":[],"_links":{"self":[{"href":"https:\/\/revistacultura.ro\/nou\/wp-json\/wp\/v2\/posts\/24918","targetHints":{"allow":["GET"]}}],"collection":[{"href":"https:\/\/revistacultura.ro\/nou\/wp-json\/wp\/v2\/posts"}],"about":[{"href":"https:\/\/revistacultura.ro\/nou\/wp-json\/wp\/v2\/types\/post"}],"author":[{"embeddable":true,"href":"https:\/\/revistacultura.ro\/nou\/wp-json\/wp\/v2\/users\/3"}],"replies":[{"embeddable":true,"href":"https:\/\/revistacultura.ro\/nou\/wp-json\/wp\/v2\/comments?post=24918"}],"version-history":[{"count":1,"href":"https:\/\/revistacultura.ro\/nou\/wp-json\/wp\/v2\/posts\/24918\/revisions"}],"predecessor-version":[{"id":24919,"href":"https:\/\/revistacultura.ro\/nou\/wp-json\/wp\/v2\/posts\/24918\/revisions\/24919"}],"wp:attachment":[{"href":"https:\/\/revistacultura.ro\/nou\/wp-json\/wp\/v2\/media?parent=24918"}],"wp:term":[{"taxonomy":"category","embeddable":true,"href":"https:\/\/revistacultura.ro\/nou\/wp-json\/wp\/v2\/categories?post=24918"},{"taxonomy":"post_tag","embeddable":true,"href":"https:\/\/revistacultura.ro\/nou\/wp-json\/wp\/v2\/tags?post=24918"}],"curies":[{"name":"wp","href":"https:\/\/api.w.org\/{rel}","templated":true}]}}