{"id":24896,"date":"2015-10-30T02:51:32","date_gmt":"2015-10-30T00:51:32","guid":{"rendered":"http:\/\/revistacultura.ro\/nou\/?p=24896"},"modified":"2015-10-30T02:51:32","modified_gmt":"2015-10-30T00:51:32","slug":"teritorii-ale-umbrei","status":"publish","type":"post","link":"https:\/\/revistacultura.ro\/nou\/teritorii-ale-umbrei\/","title":{"rendered":"Teritorii ale umbrei"},"content":{"rendered":"<blockquote><p><strong>Dan Anghelescu, <em>Excomunic\u0103rile Ma\u015finului de scris<\/em>, Editura Eikon, Cluj-Napoca, 2014<\/strong><\/p><\/blockquote>\n<p>Volumul de poeme al lui Dan Anghelescu, Excomunic\u0103rile Ma\u015finului de scris, propune o misterioas\u0103 ideatic\u0103 determin\u00e2nd plan\u0103ri evanescente printre st\u0103ri \u015fi sintagme atipice. Poetul clameaz\u0103 for\u0163a neb\u0103nuit\u0103 a cuvintelor, cov\u00e2r\u015fitoarea lor capacitate de interven\u0163ie \u00eentr-un veac supus multiplelor fr\u0103m\u00e2nt\u0103ri. Memoria poate aduce cu ea regimul propriu toamnelor f\u0103r\u0103 sf\u00e2r\u015fit. Persist\u0103 imaginea specialelor ipostaze \u201einteligibile\u201d, p\u0103str\u0103toare ale tainelor, pentru c\u0103 \u201e\u00een toate oglinzile lumii se deschid \u00eenc\u0103peri clandestine\u201d (\u00een sf\u00e2r\u015fit iat\u0103 noaptea care \u015fi ea va trece&#8230;). Dan Anghelescu p\u0103trunde cu asiduitate complexele teritorii ale umbrei, acolo unde abstractiz\u0103rile confer\u0103 discursului poetic dimensiuni hipertrofiate. Sunt tribula\u0163ii \u00een cheie dramatic\u0103, picturale sintetiz\u0103ri declarat \u201epatafizice\u201d: \u201ecu harul risipirii pe v\u00e2ntoase\/ cu pa\u015fii gr\u0103bi\u0163i\/ peste frunze de bronz \u015fi de piatr\u0103\/ prin buc\u0103t\u0103rii\/ de campanie\/ prin omenescul \u00eenc\u0103 necunoscut\/ al dezesper\u0103rilor de zi \u015fi de noapte\/\/ la punctul de fierbere al lumilor\/ tot mai fix rotitoare\/ se aud zvonuri de clopot&#8230;\/\/ pe l\u00e2ng\u0103 vreo nevinovat\u0103 fiin\u0163\u0103\/ &#8230;tu de ce taci\/ o \u00eentrebi\/ dar ea nu r\u0103spunde\/ nimic niciodat\u0103&#8230; poemul\/ dac\u0103 cineva o s\u0103-l scrie\/ r\u0103m\u00e2ne f\u0103r\u0103 titlu&#8230; \/ ergo\/\/ cum ar mai putea s\u0103 se-n\u0163eleag\u0103 fiin\u0163a\/ \u00een toate r\u0103m\u00e2ne o form\u0103 l\u0103untric\u0103\/ o patafizic\u0103 devastatoare\/\/ eschil \u015fi shakespeare spun\/ \u00een \u015foapt\u0103\/ much to cast down\/ much\/ to build, much to restore&#8230; \/ ceva ce nu se \u00eent\u00e2mpl\u0103 nicic\u00e2nd&#8230; \/\/ dar asta o afli doar sub punctul\/ de fierbere\/ al risipirii\/ prin abatoarele veacului\/ cu omenescul de-ne-recunoscut al\/ dezesper\u0103rilor de zi \u015fi de noapte&#8230;\/\/ qui donc reconnais-tu sur ces vieilles photographies&#8230;\u201d (\u00eeng\u0103duie-m\u0103\/ m\u0103car pentru o vreme). C\u0103ile poetice, unele integrate \u00een siajul lui Mazilescu, sunt \u00eenv\u0103luite \u00een taine profunde ce rezoneaz\u0103 amplu cu semnele unui timp d\u0103ruit ocult\u0103rii. Iubirea se adecveaz\u0103 rigorilor acestui cadru cumva abstractizant, nelipsind de aici tu\u015fantele formul\u0103ri caracteristice marilor pasiuni. Astfel, \u201elucrurile \u00eenva\u0163\u0103 o alt\u0103 realitate\u201d apropiat\u0103 unei paradigme eminamente saturniene, ceea ce eviden\u0163iaz\u0103 deosebitul elan al introspect\u0103rii. Atmosfera poemelor lui Dan Anghelescu prezint\u0103 unele esen\u0163iale adecv\u0103ri \u00een raport cu instan\u0163a divin\u0103: \u201eDumnezeu e un componist genial\/ numele meu\/ numele\/ Lui\/ sau Ne-numele&#8230; alunec\u0103 \u00een combina\u0163ii\/ poli-modale&#8230;a\u015fteptatul leitmotiv&#8230; se aude&#8230;\/ desigur vine t\u00e2rziu doar spre coda&#8230;pe urm\u0103\/ moarte-ndelung am\u00e2nat\u0103\/ nu se \u015ftie\/ de ce&#8230; \u00een passacaglia Obiecto-Fiin\u0163ul se stinge\/ \u00een tragicul pianississimo&#8230;\/\/ quod major sit quam cogitari possit\u201d (sunt un Obiecto-Fiin\u0163). Inser\u0163iile de realitate par cumva stinghere \u00een cadrul acestei veritabile cavalcade a transfigur\u0103rilor. Primeaz\u0103 registrul psihedelic, situare existen\u0163ial\u0103 care predispune la generoase desf\u0103\u015fur\u0103ri existen\u0163iale av\u00e2nd \u00een prim-plan omniprezente accep\u0163iuni metafizice. Poetul apeleaz\u0103 la ingenioase experimente lingvistice sau la versuri \u00een diverse limbi, parte integrant\u0103 din substan\u0163a abstractizant\u0103 pl\u0103smuit\u0103. Vibra\u0163iile abisale reprezint\u0103 aici un statornic element. \u201eVocile poeziei\u201d sunt disimulate printre faldurile unor ingenioase reprezent\u0103ri plurivalente: \u201emomentul devine brusc \u00eenc\u00e2nt\u0103tor&#8230;\/\/ pulberea drumurilor piatra \u015fi iarba\/ te \u015ftiu\/ te-au citit\/ \u015fi te-au prins\/\/ \u00een tine tace\/ \u00eensu\u015fi destinul\/ de funingini \u015fi de cearc\u0103n zidit\/ el tace\/ desigur\/ \u015fi nu spune de ce&#8230;\/\/ nu voisem s\u0103 fiu eu acolo\/ nici nu am fost \u00eentrebat\/ m\u0103 n\u0103\u015fteam din continente de iarn\u0103\/\/ doar at\u00e2ta dovad\u0103-am avut\/ c\u0103 r\u0103m\u00e2nem\/ departe\/ unde vorbele se ascut \u00eentre sloiuri de ghea\u0163\u0103&#8230;\/\/ necunoscutelor ceruri\/ ce-am s\u0103 le spun&#8230;?\/\/ vitele albe ale cuvintelor mele se pierd\/ \u00een pustia\/ unde \u00eenc\u0103 crezusem c\u0103 \u00eenchipuirea chiar schimb\u0103 \u015fi rupe\/ \u0163\u00e2\u015fnirea din lucruri&#8230;\/ atunci\/\/ p\u0103durile ar putea s\u0103 se-aprind\u0103 cu un preludiu\/ \u015fi-o fug\u0103 de Bach\u201d (\u015ftiind c\u0103 odat\u0103 ce ai trecut strada\/ c\u0103 odat\u0103 ce ai r\u0103mas). Prezen\u0163a spectralului \u201eArcheus\u201d consolideaz\u0103 programaticul \u201eprincipiu al incertitudinii\u201d. \u00cen poezia lui Dan Anghelescu se distinge dorin\u0163a de a revela noi \u015fi noi sensuri, pe fondul absolut generos al unei ideatici ce are menirea de a-l individualiza \u00een contextul liricii actuale.<\/p>\n","protected":false},"excerpt":{"rendered":"<p>Dan Anghelescu, Excomunic\u0103rile Ma\u015finului de scris, Editura Eikon, Cluj-Napoca, 2014 Volumul de poeme al lui Dan Anghelescu, Excomunic\u0103rile Ma\u015finului de scris, propune o misterioas\u0103 ideatic\u0103 determin\u00e2nd plan\u0103ri evanescente printre st\u0103ri \u015fi sintagme atipice. Poetul clameaz\u0103 for\u0163a neb\u0103nuit\u0103 a cuvintelor, cov\u00e2r\u015fitoarea lor capacitate de interven\u0163ie \u00eentr-un veac supus multiplelor fr\u0103m\u00e2nt\u0103ri. Memoria poate aduce cu ea regimul&hellip;&nbsp;<a href=\"https:\/\/revistacultura.ro\/nou\/teritorii-ale-umbrei\/\" rel=\"bookmark\">Cite\u0219te mai mult &raquo;<span class=\"screen-reader-text\">Teritorii ale umbrei<\/span><\/a><\/p>\n","protected":false},"author":3,"featured_media":0,"comment_status":"open","ping_status":"open","sticky":false,"template":"","format":"standard","meta":{"neve_meta_sidebar":"","neve_meta_container":"","neve_meta_enable_content_width":"","neve_meta_content_width":0,"neve_meta_title_alignment":"","neve_meta_author_avatar":"","neve_post_elements_order":"","neve_meta_disable_header":"","neve_meta_disable_footer":"","neve_meta_disable_title":"","jetpack_post_was_ever_published":false,"_jetpack_newsletter_access":"","_jetpack_dont_email_post_to_subs":false,"_jetpack_newsletter_tier_id":0,"_jetpack_memberships_contains_paywalled_content":false,"_jetpack_memberships_contains_paid_content":false,"footnotes":"","jetpack_publicize_message":"","jetpack_publicize_feature_enabled":true,"jetpack_social_post_already_shared":true,"jetpack_social_options":{"image_generator_settings":{"template":"highway","default_image_id":0,"font":"","enabled":false},"version":2}},"categories":[8],"tags":[15351,15350],"class_list":["post-24896","post","type-post","status-publish","format-standard","hentry","category-cultura-literara","tag-excomunicarile-masinului-de-scris","tag-poeme-dan-anghelescu"],"views":1395,"jetpack_publicize_connections":[],"jetpack_featured_media_url":"","jetpack_sharing_enabled":true,"jetpack-related-posts":[],"_links":{"self":[{"href":"https:\/\/revistacultura.ro\/nou\/wp-json\/wp\/v2\/posts\/24896","targetHints":{"allow":["GET"]}}],"collection":[{"href":"https:\/\/revistacultura.ro\/nou\/wp-json\/wp\/v2\/posts"}],"about":[{"href":"https:\/\/revistacultura.ro\/nou\/wp-json\/wp\/v2\/types\/post"}],"author":[{"embeddable":true,"href":"https:\/\/revistacultura.ro\/nou\/wp-json\/wp\/v2\/users\/3"}],"replies":[{"embeddable":true,"href":"https:\/\/revistacultura.ro\/nou\/wp-json\/wp\/v2\/comments?post=24896"}],"version-history":[{"count":1,"href":"https:\/\/revistacultura.ro\/nou\/wp-json\/wp\/v2\/posts\/24896\/revisions"}],"predecessor-version":[{"id":24897,"href":"https:\/\/revistacultura.ro\/nou\/wp-json\/wp\/v2\/posts\/24896\/revisions\/24897"}],"wp:attachment":[{"href":"https:\/\/revistacultura.ro\/nou\/wp-json\/wp\/v2\/media?parent=24896"}],"wp:term":[{"taxonomy":"category","embeddable":true,"href":"https:\/\/revistacultura.ro\/nou\/wp-json\/wp\/v2\/categories?post=24896"},{"taxonomy":"post_tag","embeddable":true,"href":"https:\/\/revistacultura.ro\/nou\/wp-json\/wp\/v2\/tags?post=24896"}],"curies":[{"name":"wp","href":"https:\/\/api.w.org\/{rel}","templated":true}]}}