{"id":24243,"date":"2015-09-09T15:17:16","date_gmt":"2015-09-09T13:17:16","guid":{"rendered":"http:\/\/revistacultura.ro\/nou\/?p=24243"},"modified":"2015-09-09T15:18:16","modified_gmt":"2015-09-09T13:18:16","slug":"hop-ca-vine","status":"publish","type":"post","link":"https:\/\/revistacultura.ro\/nou\/hop-ca-vine\/","title":{"rendered":"HOP c\u0103 vine!"},"content":{"rendered":"<p>Tinere\u0163e, bucurie, poft\u0103 de via\u0163\u0103 \u015fi mai ales de joc. Pe scen\u0103, desigur. Tinerii actori se concentreaz\u0103 \u015fi se etaleaz\u0103. \u00cen c\u00e2teva zile, dau tot ce au mai bun. Mai bine spus, \u00een c\u00e2teva zile \u015fi nop\u0163i, pentru c\u0103 nu de pu\u0163ine ori programul Galei HOP se prelunge\u015fte p\u00e2n\u0103 la miezul nop\u0163ii. De c\u00e2nd director artistic e Radu Afrim, probele sunt multe \u015fi candida\u0163ii asemenea. La preselec\u0163ie vin sute de actori pe care s\u0103-i vad\u0103 regizorul-vedet\u0103, acela care \u00eei pune \u00een valoare pe tineri cum numai el \u015ftie s\u0103 o fac\u0103. Dar vin \u015fi ca s\u0103 \u00eenve\u0163e. Radu Afrim mai face o glum\u0103, le mai d\u0103 c\u00e2te un sfat, le mai spune o propozi\u0163ie, dou\u0103. \u015ei numai ce-i vezi c\u0103 se lumineaz\u0103. Se simt liberi \u015fi fac ce le place. Cele c\u00e2teva cuvinte scrise de regizor pe FB dup\u0103 preselec\u0163ie arat\u0103 c\u0103 \u015fi \u00een 2015 a fost impresionat de c\u00e2te talente a v\u0103zut: \u201eAnul acesta am riscat mult cu tema DADA la Gala Hop. Mul\u0163i s-au speriat mai ales pentru c\u0103 trendul pe actorie \u00een Rom\u00e2nia \u00eenc\u0103 e micul realism din spatele blocului. Am v\u0103zut \u00eens\u0103 ni\u015fte exerci\u0163ii care ne-au t\u0103iat respira\u0163ia! Ni\u015fte actori tineri care nu numai c\u0103 au CITIT literatura dadaist\u0103 (lucru \u00een sine de premiat!), dar care \u015fi-au petrecut s\u0103pt\u0103m\u00e2ni din var\u0103 lucr\u00e2nd minunate momente de actorie pe tema dat\u0103. \u00cei felicit pe to\u0163i\u201c.<br \/>\n\u00centre 8 \u015fi 11 septembrie se va desf\u0103\u015fura la Vox Maris Grand Resort Costine\u015fti cea de-a XVIII-a edi\u0163ie a Galei T\u00e2n\u0103rului Actor \u2013 HOP. Anul acesta, cei dou\u0103zeci \u015fi \u015fapte de tineri concuren\u0163i care aspir\u0103 la titlul de \u201eCel mai bun t\u00e2n\u0103r actor\u201c vor fi privi\u0163i \u015fi nota\u0163i de actorul, muzicianul \u015fi compozitorul Tudor Chiril\u0103, regizorul \u015fi scenaristul Radu Jude, actri\u0163a \u015fi directorul Teatrului Evreiesc de Stat Maia Morgenstern, scenografa Iuliana V\u00eelsan \u015fi c\u00e2nt\u0103rea\u0163a \u015fi profesoara de jazz Luiza Zan.<br \/>\nA\u015fa c\u0103 cei dou\u0103zeci \u015fi \u015fapte de tineri actori selecta\u0163i trebuie s\u0103-\u015fi \u00eencarce bateriile, s\u0103 trag\u0103 aer incandescent \u00een piept \u015fi s\u0103 cucereasc\u0103 juriul \u015fi publicul. Programul, de c\u00e2nd director artistic e Radu Afrim, este zdrobitor: probe \u015fi workshop, iar probe, iar workshop. Anul acesta, cu Florin Fieroiu. O alt\u0103 vedet\u0103 iubit\u0103 de to\u0163i actori! Pe pariu c\u0103 la sf\u00e2r\u015fit, premia\u0163i sau nu, tinerii vor fi slei\u0163i \u015fi ferici\u0163i. Vor sim\u0163i c\u0103 \u00een c\u00e2teva zile au \u00eenv\u0103\u0163at c\u00e2t \u00eentr-un an. Exact ca \u015fi colegii lor de la edi\u0163iile precedente care nu au contenit s\u0103-\u015fi formuleze entuziasmul \u00een fel \u015fi chip. \u201eHOP este un s\u0103rut pasional urmat de o palm\u0103 peste fa\u0163\u0103!\u201c (Alexandru \u015etef\u0103nescu, 2014), \u201eHOP e un hazard verde cu buline roz. O oportunitate de a fura din arta aceasta, \u00eentr-un cadru organizat\u201c (George Dometi, 2013) sau \u201eHOP e un salt \u00een neant f\u0103r\u0103 para\u015fut\u0103\u201c (Cristian But, 2013). Cam a\u015fa sun\u0103 declara\u0163iile participan\u0163ilor. At\u00e2t de expresiv, \u00eenc\u00e2t TVR a realizat un film documentar care prezint\u0103 \u00een 52 de minute drumul Galei HOP, o istorie vie redat\u0103 \u00een interviuri cu participan\u0163ii, cu critici de teatru, regizori \u015fi produc\u0103tori.<br \/>\nS\u0103 a\u015ftept\u0103m 8 septembrie cu convingerea c\u0103 \u015fi anul acesta Gala HOP va fi o saraband\u0103 de talente \u00een desf\u0103\u015furare. \u015ei o bucurie! C\u0103ci ce loc de bucurie poate fi mai cald dec\u00e2t al\u0103turi de cei afla\u0163i la \u00eenceput de drum? Din partea mea, baft\u0103 maximal\u0103! S\u0103 auzim de voi de mii \u015fi mii de ori de acum \u00eenainte!<\/p>\n","protected":false},"excerpt":{"rendered":"<p>Tinere\u0163e, bucurie, poft\u0103 de via\u0163\u0103 \u015fi mai ales de joc. Pe scen\u0103, desigur. Tinerii actori se concentreaz\u0103 \u015fi se etaleaz\u0103. \u00cen c\u00e2teva zile, dau tot ce au mai bun. Mai bine spus, \u00een c\u00e2teva zile \u015fi nop\u0163i, pentru c\u0103 nu de pu\u0163ine ori programul Galei HOP se prelunge\u015fte p\u00e2n\u0103 la miezul nop\u0163ii. De c\u00e2nd director&hellip;&nbsp;<a href=\"https:\/\/revistacultura.ro\/nou\/hop-ca-vine\/\" rel=\"bookmark\">Cite\u0219te mai mult &raquo;<span class=\"screen-reader-text\">HOP c\u0103 vine!<\/span><\/a><\/p>\n","protected":false},"author":3,"featured_media":0,"comment_status":"open","ping_status":"open","sticky":false,"template":"","format":"standard","meta":{"neve_meta_sidebar":"","neve_meta_container":"","neve_meta_enable_content_width":"","neve_meta_content_width":0,"neve_meta_title_alignment":"","neve_meta_author_avatar":"","neve_post_elements_order":"","neve_meta_disable_header":"","neve_meta_disable_footer":"","neve_meta_disable_title":"","jetpack_post_was_ever_published":false,"_jetpack_newsletter_access":"","_jetpack_dont_email_post_to_subs":false,"_jetpack_newsletter_tier_id":0,"_jetpack_memberships_contains_paywalled_content":false,"_jetpack_memberships_contains_paid_content":false,"footnotes":"","jetpack_publicize_message":"","jetpack_publicize_feature_enabled":true,"jetpack_social_post_already_shared":true,"jetpack_social_options":{"image_generator_settings":{"template":"highway","default_image_id":0,"font":"","enabled":false},"version":2}},"categories":[66],"tags":[14990,12316,2322],"class_list":["post-24243","post","type-post","status-publish","format-standard","hentry","category-arte-media","tag-costinesti","tag-gala-hop","tag-radu-afrim"],"views":1107,"jetpack_publicize_connections":[],"jetpack_featured_media_url":"","jetpack_sharing_enabled":true,"jetpack-related-posts":[],"_links":{"self":[{"href":"https:\/\/revistacultura.ro\/nou\/wp-json\/wp\/v2\/posts\/24243","targetHints":{"allow":["GET"]}}],"collection":[{"href":"https:\/\/revistacultura.ro\/nou\/wp-json\/wp\/v2\/posts"}],"about":[{"href":"https:\/\/revistacultura.ro\/nou\/wp-json\/wp\/v2\/types\/post"}],"author":[{"embeddable":true,"href":"https:\/\/revistacultura.ro\/nou\/wp-json\/wp\/v2\/users\/3"}],"replies":[{"embeddable":true,"href":"https:\/\/revistacultura.ro\/nou\/wp-json\/wp\/v2\/comments?post=24243"}],"version-history":[{"count":1,"href":"https:\/\/revistacultura.ro\/nou\/wp-json\/wp\/v2\/posts\/24243\/revisions"}],"predecessor-version":[{"id":24244,"href":"https:\/\/revistacultura.ro\/nou\/wp-json\/wp\/v2\/posts\/24243\/revisions\/24244"}],"wp:attachment":[{"href":"https:\/\/revistacultura.ro\/nou\/wp-json\/wp\/v2\/media?parent=24243"}],"wp:term":[{"taxonomy":"category","embeddable":true,"href":"https:\/\/revistacultura.ro\/nou\/wp-json\/wp\/v2\/categories?post=24243"},{"taxonomy":"post_tag","embeddable":true,"href":"https:\/\/revistacultura.ro\/nou\/wp-json\/wp\/v2\/tags?post=24243"}],"curies":[{"name":"wp","href":"https:\/\/api.w.org\/{rel}","templated":true}]}}