{"id":24013,"date":"2015-07-18T18:35:40","date_gmt":"2015-07-18T16:35:40","guid":{"rendered":"http:\/\/revistacultura.ro\/nou\/?p=24013"},"modified":"2015-07-18T18:35:40","modified_gmt":"2015-07-18T16:35:40","slug":"noua-artisti-plastici-din-transilvania-expun-in-germania","status":"publish","type":"post","link":"https:\/\/revistacultura.ro\/nou\/noua-artisti-plastici-din-transilvania-expun-in-germania\/","title":{"rendered":"Nou\u0103 arti\u015fti plastici din Transilvania expun \u00een Germania"},"content":{"rendered":"<p>Expozi\u0163ia de grup Arti\u015fti din Transilvania III, organizat\u0103 \u00een cadrul proiectului cu acela\u015fi nume, a fost deschis\u0103 oficial \u00een Galeria RADUART din F\u00fcrstenfeldbruck, la data de 12 iunie 2015. Cuv\u00e2ntul introductiv a fost rostit de pictorul Radu-Anton Maier, posesorul \u015fi \u00eentemeietorul galeriei, care s-a referit \u00een continuare la crea\u0163ia fiec\u0103rui artist, oferind astfel publicului larg diverse chei de interpretare a celor treizeci \u015fi \u015fase de picturi, sculpturi \u015fi tapiserii din expozi\u0163ie.<br \/>\nVernisajul s-a desf\u0103\u015furat \u00een prezen\u0163a Excelen\u0163ei-Sale Anton Niculescu \u2013 Consul General al Rom\u00e2niei la M\u00fcnchen, a dr. Carmen Agoutin \u2013 consul, a domnului Dan Costina\u015f \u2013 referent principal rela\u0163ii din cadrul aceluia\u015fi consulat, a domnului Klaus Pleil \u2013 Primarul General al regiunii F\u00fcrstenfeldbruck, a doamnei Barbara K\u00f6hnlein \u2013 1. Vorsitzende des Bundes der Vertriebenen, Kreisverband FFB \u015fi a domnului Hans-Werner Schuster \u2013 reprezentant general al Comunit\u0103\u0163ii Sa\u015filor din Ardeal.<br \/>\n\u00cembucur\u0103tor este nu numai faptul c\u0103 acestui proiect i s-a acordat, la fel ca \u015fi la precedentele edi\u0163ii, o aten\u0163ie deosebit\u0103 din partea personalit\u0103\u0163ilor din domeniul cultural-artistic \u015fi a reprezentan\u0163ilor administra\u0163iei locale, ci \u015fi c\u0103 a fost consemnat\u0103 \u015fi o participare numeroas\u0103, at\u00e2t din partea publicului, c\u00e2t \u015fi a reprezentan\u0163ilor mass-media.<br \/>\nConceput ca un ansamblu de evenimente cultural-artistice, proiectul Arti\u015fti din Transilvania se axeaz\u0103 at\u00e2t pe descoperirea \u015fi promovarea artei transilvane \u00een toat\u0103 complexitatea ei, accentu\u00e2nd multitudinea direc\u0163iilor creative pe care arti\u015ftii le-au aprofundat de-a lungul anilor, c\u00e2t \u015fi pe intensificarea conexiunilor \u015fi descoperirea similitudinilor \u00eentre comunitatea sa\u015filor, a ungurilor, a \u015fvabilor \u015fi, bine\u00een\u0163eles, a rom\u00e2nilor din Transilvania.<br \/>\nDeja la a treia edi\u0163ie, expozi\u0163ia vizeaz\u0103 at\u00e2t continuitatea, c\u00e2t \u015fi concretizarea unor inten\u0163ii semnalate deja odat\u0103 cu ini\u0163ierea \u00eentregului complex expozi\u0163ional care \u00eencearc\u0103 s\u0103 treac\u0103 \u00een revist\u0103 pictori, sculptori \u015fi graficieni a c\u0103ror origine etnic\u0103 divers\u0103 prezint\u0103 un numitor comun de factura geografic\u0103: locul lor de na\u015ftere.<br \/>\nAceast\u0103 expozi\u0163ie reune\u015fte lucr\u0103rile pictorilor Iustinian Ghi\u0163\u0103, Hildegard Klepper-Paar, Gy\u00f6ngyver Mengel-Gall, Valentin Zoltan Nagy, Heide Roth, Detlef-Torsten von Steinburg \u015fi Radu-Anton Maier. Lor li s-au al\u0103turat sculptori\u0163a Marianne Ganea \u015fi textilista Annam\u00e1ria M\u00f3r\u00e9-S\u00e1ghi. \u00cen marea lor majoritate, arti\u015ftii au p\u0103r\u0103sit locul lor de na\u015ftere pentru a se stabili \u00een Germania, a\u015fa cum remarca cunoscutul critic de art\u0103 G\u00fcnther Ott, \u201ein Siebenb\u00fcrgen geboren \u2013 in Deutschland Wurzel geschlagen\u201c.<br \/>\nDiversitatea de stiluri, maniere \u015fi multitudinea posibilit\u0103\u0163ilor de tratare a p\u00e2nzei, a h\u00e2rtiei, a cartonului \u015fi a lutului ofer\u0103 spectatorului desf\u0103\u015furarea complex\u0103 a ideilor creatoare ca fundament al crea\u0163iei. Ceea ce deosebe\u015fte actuala edi\u0163ie de precedentele este asocierea unei textiliste \u00een r\u00e2ndul pictorilor, graficienilor \u015fi sculptorilor, ramur\u0103 care apar\u0163ine unui segment tot mai restr\u00e2ns al crea\u0163iei a\u015fa-ziselor \u201earte aplicate\u201c.<br \/>\nLa limita dintre un pronun\u0163at suprarealism al iluziilor optice, cumulate cu suprafe\u0163e acvatice, contrapuse unor lumi vizionare, axate pe elemente arhitecturale sau arheologice, erup\u0163iile cromatice confer\u0103 lucr\u0103rilor expuse valen\u0163\u0103 plastic\u0103, \u00eencordare, caracter ambiguu, dirijat de o permanent\u0103 dinamic\u0103 proprie. Descoperirea detaliilor, a similitudinilor sau a elementelor contrastante din fiecare lucrare expus\u0103 r\u0103m\u00e2ne la discre\u0163ia iubitorului de art\u0103 care este invitat s\u0103 participe la un dialog artistic interactiv. Expozi\u0163ia va r\u0103m\u00e2ne deschis\u0103 publicului larg p\u00e2n\u0103 la data de 18 iulie 2015.<\/p>\n","protected":false},"excerpt":{"rendered":"<p>Expozi\u0163ia de grup Arti\u015fti din Transilvania III, organizat\u0103 \u00een cadrul proiectului cu acela\u015fi nume, a fost deschis\u0103 oficial \u00een Galeria RADUART din F\u00fcrstenfeldbruck, la data de 12 iunie 2015. Cuv\u00e2ntul introductiv a fost rostit de pictorul Radu-Anton Maier, posesorul \u015fi \u00eentemeietorul galeriei, care s-a referit \u00een continuare la crea\u0163ia fiec\u0103rui artist, oferind astfel publicului larg&hellip;&nbsp;<a href=\"https:\/\/revistacultura.ro\/nou\/noua-artisti-plastici-din-transilvania-expun-in-germania\/\" rel=\"bookmark\">Cite\u0219te mai mult &raquo;<span class=\"screen-reader-text\">Nou\u0103 arti\u015fti plastici din Transilvania expun \u00een Germania<\/span><\/a><\/p>\n","protected":false},"author":3,"featured_media":0,"comment_status":"open","ping_status":"open","sticky":false,"template":"","format":"standard","meta":{"neve_meta_sidebar":"","neve_meta_container":"","neve_meta_enable_content_width":"","neve_meta_content_width":0,"neve_meta_title_alignment":"","neve_meta_author_avatar":"","neve_post_elements_order":"","neve_meta_disable_header":"","neve_meta_disable_footer":"","neve_meta_disable_title":"","jetpack_post_was_ever_published":false,"_jetpack_newsletter_access":"","_jetpack_dont_email_post_to_subs":false,"_jetpack_newsletter_tier_id":0,"_jetpack_memberships_contains_paywalled_content":false,"_jetpack_memberships_contains_paid_content":false,"footnotes":"","jetpack_publicize_message":"","jetpack_publicize_feature_enabled":true,"jetpack_social_post_already_shared":true,"jetpack_social_options":{"image_generator_settings":{"template":"highway","default_image_id":0,"font":"","enabled":false},"version":2}},"categories":[11317],"tags":[14803,14804],"class_list":["post-24013","post","type-post","status-publish","format-standard","hentry","category-cultura-vizuala","tag-artisti-din-transilvania-iii","tag-galeria-raduart"],"views":1985,"jetpack_publicize_connections":[],"jetpack_featured_media_url":"","jetpack_sharing_enabled":true,"jetpack-related-posts":[],"_links":{"self":[{"href":"https:\/\/revistacultura.ro\/nou\/wp-json\/wp\/v2\/posts\/24013","targetHints":{"allow":["GET"]}}],"collection":[{"href":"https:\/\/revistacultura.ro\/nou\/wp-json\/wp\/v2\/posts"}],"about":[{"href":"https:\/\/revistacultura.ro\/nou\/wp-json\/wp\/v2\/types\/post"}],"author":[{"embeddable":true,"href":"https:\/\/revistacultura.ro\/nou\/wp-json\/wp\/v2\/users\/3"}],"replies":[{"embeddable":true,"href":"https:\/\/revistacultura.ro\/nou\/wp-json\/wp\/v2\/comments?post=24013"}],"version-history":[{"count":1,"href":"https:\/\/revistacultura.ro\/nou\/wp-json\/wp\/v2\/posts\/24013\/revisions"}],"predecessor-version":[{"id":24014,"href":"https:\/\/revistacultura.ro\/nou\/wp-json\/wp\/v2\/posts\/24013\/revisions\/24014"}],"wp:attachment":[{"href":"https:\/\/revistacultura.ro\/nou\/wp-json\/wp\/v2\/media?parent=24013"}],"wp:term":[{"taxonomy":"category","embeddable":true,"href":"https:\/\/revistacultura.ro\/nou\/wp-json\/wp\/v2\/categories?post=24013"},{"taxonomy":"post_tag","embeddable":true,"href":"https:\/\/revistacultura.ro\/nou\/wp-json\/wp\/v2\/tags?post=24013"}],"curies":[{"name":"wp","href":"https:\/\/api.w.org\/{rel}","templated":true}]}}