{"id":23163,"date":"2015-05-01T15:01:12","date_gmt":"2015-05-01T13:01:12","guid":{"rendered":"http:\/\/revistacultura.ro\/nou\/?p=23163"},"modified":"2015-05-01T15:01:12","modified_gmt":"2015-05-01T13:01:12","slug":"de-la-faptul-divers-la-propriul-univers","status":"publish","type":"post","link":"https:\/\/revistacultura.ro\/nou\/de-la-faptul-divers-la-propriul-univers\/","title":{"rendered":"De la faptul divers la propriul univers"},"content":{"rendered":"<blockquote><p><strong>Ioan Gro\u015fescu, <em>Iluzii. Antologie de versuri,<\/em> Editura Karta Graphic, Ploie\u015fti, 2015<\/strong><\/p><\/blockquote>\n<p>Ioan Gro\u015fescu este unul dintre cei mai prolifici scriitori ploie\u015fteni contemporani. \u015ei cel mai citit. Dac\u0103 judec\u0103m dup\u0103 num\u0103rul volumelor de versuri publicate, opera sa poetic\u0103 nu este prea \u00eentins\u0103.<br \/>\nJurnalismul s\u0103u ofensiv l-a impus ca un reper.<br \/>\nDup\u0103 absolvirea Facult\u0103\u0163ii de Filologie a Universit\u0103\u0163ii din Bucure\u015fti a fost, scurt timp, profesor, dup\u0103 care a lucrat \u00een pres\u0103. Din 1972 a preluat directoratul Casei de Cultur\u0103 a Sindicatelor, care tocmai fusese dat\u0103 \u00een folosin\u0163\u0103, fiind cel care a pus bazele conceptuale ale activit\u0103\u0163ii ei.<br \/>\nDup\u0103 1990 revine \u00een pres\u0103, ca director \u015fi coproprietar al ziarului Ploie\u015ftii, primul cotidian privat al ora\u015fului \u015fi jude\u0163ului Prahova de dup\u0103 Revolu\u0163ie.<br \/>\nDin 2001 se afirm\u0103 ca membru fondator \u015fi secretar al Societ\u0103\u0163ii Culturale Ploie\u015fti \u2013 Mileniul III, al c\u0103rui membru este \u015fi \u00een prezent. Aici, se implic\u0103 \u00een redactarea unor pagini din Marea Carte a Ploie\u015ftilor, o monografie monumental\u0103, asumat\u0103 ca obiectiv principal al acestei societ\u0103\u0163i.<br \/>\nEliberat de corvoada conducerii unui ziar privat, Ioan Gro\u015fescu va \u00eencepe s\u0103 publice. Vor ap\u0103rea, sub semn\u0103tura sa, mai multe studii monografice, ampla monografie Mahalalele Ploie\u015ftilor, aceasta din urm\u0103 ap\u0103r\u00e2nd \u00een trei edi\u0163ii, fapt unic \u00een peisajul editorial din Prahova. Romanul Trecutul continuu \u00eel confirm\u0103 ca pe un prozator cu o puternic\u0103 v\u00e2n\u0103 narativ\u0103.<br \/>\nAcum, \u00eei va publica criticului literar Mircea Iorgulescu, coleg de facultate \u015fi bun prieten, volumul de publicistic\u0103 Po\u015ftalionul cu boi \u015fi, postum, Panait Istrati \u2013 nomadul statornic, edi\u0163ie definitiv\u0103. Tot acum, ca omagiu adus prietenului, public\u0103 volumul Ultima tr\u0103nc\u0103neal\u0103, \u00een care reconstituie din scrisori ultimii doi ani de via\u0163\u0103 ai lui Mircea Iorgulescu, aduc\u00e2nd \u00een aten\u0163ie demnitatea \u015fi b\u0103rb\u0103\u0163ia cu care acesta \u015fi-a \u00eenfruntat sf\u00e2r\u015fitul.<br \/>\nVolumul Iluzii, o antologie de autor ap\u0103rut\u0103 \u00een martie 2015, la Editura Karta Graphic, \u00eembog\u0103\u0163e\u015fte scrisul s\u0103u. Maturitatea \u015fi spiritul critic viu al poetului asigur\u0103 o bun\u0103 selec\u0163ie din cele trei volume ap\u0103rute.<br \/>\nCuvintele, ca banii este prima. Poetul consider\u0103 c\u0103 materialul s\u0103u de lucru \u2013 cuv\u00e2ntul \u2013 trebuie croit astfel \u00eenc\u00e2t s\u0103 comunice, s\u0103 transmit\u0103 st\u0103ri, emo\u0163ii, sentimente, idei, mesaje, raport\u00e2ndu-se la sine \u015fi la lumea \u00een care tr\u0103ie\u015fte. \u201eM\u0103 ascund \u00een cuvinte,\/ pip\u0103-i drum de \u00eentoarceri,\/ l\u0103trat de c\u00e2ini, f\u0103r\u0103 vestminte,\/ buzelor las de silabe contururi (&#8230;)\/ Din r\u0103d\u0103cini, umbre frunzoase, cuvintele, m-ascund de vedere\/ ca \u015fi cum mi-ar pl\u0103ti, generoase,\/ timpul c\u00e2t le-am dat loc de \u015federe\u201c (Cuvintele, p. 82).<br \/>\nPentru antologie, el alege din fiecare volum circa 60 de poeme, la care adaug\u0103 un num\u0103r similar de inedite. O face cu con\u015ftiin\u0163a c\u0103-\u015fi face iluzia c\u0103 ar fi necesar s-o fac\u0103 \u2013 \u201e\u00cen poezie,\/ de mine cum sunt\/ s\u0103 se mai \u015ftie aproximativ\u201c \u2013, fiindc\u0103, m\u0103rturise\u015fte, \u201ePoezia nu se mai cite\u015fte\/ nimeni nu mai \u00een\u0163elege\/ mare lucru din ea.\/ E o bun\u0103 ascunz\u0103toare pentru zdren\u0163\u0103roasa,\/ l\u0103l\u00e2ia, uscata proz\u0103\/ pe um\u0103rul c\u0103reia\/ po\u0163i pl\u00e2nge p\u00e2n\u0103 nu mai po\u0163i\u201c. (Ascuns, p. 199).<br \/>\nNu o dat\u0103, Ploie\u015ftiul este, fie \u015fi aluziv, prezent: Castanii merg c\u0103tre gar\u0103\/ doi c\u00e2te doi, din castan \u00een castan.\/ Duh ploie\u015ftean, tol\u0103nit pe alei,\/ p\u0103ienjeni\u015f \u2013 r\u0103d\u0103cini \u00eentre ei.\/ Nu se duc pa\u015fii, trec, se petrec\/ anii t\u00e2r\u00e2\u015f \u2013 zbur\u0103tori, vie\u0163ile-n cerc\/ doi c\u00e2te doi, din und\u0103-n secund\u0103,\/ din Capricorn p\u00e2n\u0103 la var\u0103.\/ Doi c\u00e2te doi, trec\u0103torii la por\u0163i\/ deschise la drum, deschise spre mor\u0163i,\/ os ploie\u015ftean, cu trup din castani,\/ \u00eenr\u0103d\u0103cina\u0163i zbur\u0103tori (Duh ploie\u015ftean, p. 139).<br \/>\nSunt aici \u015fi nume de oameni care-l definesc. Nichita este unul dintre ei. De ziua na\u015fterii sale, la c\u00e2teva luni de la moarte, prin asocierea c\u00e2torva dintre titlurile operei poetului ploie\u015ftean, suger\u00e2nd impresia de joc peste timp \u00eentre cei doi: \u201eHai s\u0103 ne juc\u0103m de-a poetul.\/ De dor.\/ Eu eram marele somn\/ zburat din timpul s\u0103u afar\u0103,\/ tu, pururea fecioar\u0103,\/ te despleteai \u00een trupul t\u0103u de om (&#8230;) \u00cen R\u00e2su\u2019-pl\u00e2nsu\u2019 hai s\u0103 ne juc\u0103m.\/ De-a via\u0163a \u015fi Poetul\u201c (De-a poetul, martie 1984, la trei luni de la moartea lui Nichita St\u0103nescu).<br \/>\nAntologia este echilibrat\u0103 \u00een con\u0163inut, divers\u0103 ca abordare \u015fi stil. Poemele selectate vorbesc despre lume, l\u0103s\u00e2nd impresia unei cronici vii, multicolore \u015fi nealterate, pe care jurnalistul-poet o consemneaz\u0103 febril. Uneori, versurile sale sunt simple respir\u0103ri spuse pe ner\u0103suflate, alteori stau sub semnul \u00eentreb\u0103rii sau al dialogului l\u0103sat \u00een suspensie. Antinomiile, oximoroanele, dialogurile \u00eenchipuite, madrigalele r\u0103sturnate sunt moduri de reprezentare formal\u0103, care reflect\u0103 natura sa de rebel statornic. Poezia lui este, pare a fi, una a atitudinii deschise fa\u0163\u0103 de mediul \u00een care tr\u0103ie\u015fte, un amestec de via\u0163\u0103 efectiv\u0103 \u015fi iluzie. Tonurile folosite sunt \u015fi ele diverse \u2013 vesele, ironice, elegiace, contestatare, meditativ-romantice, cu iz folcloric, rug\u0103tor-cre\u015ftine etc., etc. Multe poart\u0103 amprenta jurnalistului aflat la fa\u0163a locului. De aceea cadrele sunt perfect conturate, unele oferind sugestii plastice, pastelate, asociind comic, p\u00e2n\u0103 la confuzie, t\u0103r\u00e2murile, precum \u00een acest frumos poem: \u201ePe uli\u0163ele cerului azi e t\u0103cere.\/ Sfin\u0163ii to\u0163i sunt la cules de mere.\/ \u00ceneca\u0163i \u00een verdele crud al livezii\/ uit\u0103 c\u0103-s sfin\u0163i \u015fi zburd\u0103 ca iezii.\/ Din panere grele, trupul p\u0103m\u00e2ntului, ars de soare, ia min\u0163ile sf\u00e2ntului\/ ame\u0163it de parfumuri, de soare,\/ poruncile calc\u0103-n picioare.\/ Dinspre apus, asfin\u0163itul mu\u015fc\u0103 lumina.\/ Uit\u0103 sfin\u0163ii drumul spre cas\u0103 \u015fi cina\/ leg\u0103na\u0163i \u00een blestem, prin iarba despletit\u0103,\/ \u00een trup de m\u0103r \u00ee\u015fi caut\u0103 iubit\u0103\u201c (La cules de mere, p. 14).<br \/>\nMicile crochiuri urbane sunt frecvente, conjug\u00e2nd fericit starea cu sentimentul, \u00eentr-o uimitoare economie de cuvinte. Ca \u00een poezia Tu, nu, care poate sugera o \u00eent\u00e2lnire ratat\u0103 sau o desp\u0103r\u0163ire iremediabil\u0103: \u201eAcela\u015fi este parcul\/ aceea\u015fi lumea.\/ Mare.\/ Tu lipse\u015fti. P\u0103m\u00e2ntul\/ \u015fi-a luat o-nf\u0103\u0163i\u015fare\/ necunoscut\u0103 mie (&#8230;)\/ Lipse\u015fti. Aceia\u015fi arbori\/ ziua \u00een noapte-mbrac\u0103\/ fereastra sub ninsori, n\u0103luci colind\u0103 parc\u0103.\/ Felinarul aprins.\/ Destine sub furtun\u0103.\/ Vis troienit. \u015ei-at\u00e2t\u201c (p. 26).<br \/>\nUneori, asemenea st\u0103ri sunt tr\u0103ite \u00een tonuri de roman\u0163\u0103 sau de elegie. Nu lipsesc din antologie nici subiecte de anvergur\u0103 social-politic\u0103, precum revolu\u0163ia rom\u00e2n\u0103 din decembrie 1989. Ele sunt tratate \u00een tu\u015fe reci \u015fi groase, mocnind de am\u0103r\u0103ciuni ironico-dezam\u0103gitoare. \u201eLi-ber-ta-te! scandau puradeii \u015fi mo\u015fii\/ g\u0103urind tricolorul, arz\u00e2nd steaguri ro\u015fii.\/ Sub\u0163irii, de o parte, a\u015fteptau ca golanii\/ s\u0103-\u015fi ia glon\u0163ul \u00een carne, s\u0103 dibuie banii.\/ Se lipise uimirea de om ca r\u00e2ia de piele.\/ Dinspre castani, salopete rebele\/ carbonizau tribune, fanfare,\/ c\u0103lcau defil\u0103ri \u00een picioare.\/ La portavoce respira glon\u0163ul pe \u0163eav\u0103.\/ \u015emenarii \u015futeau odiosul trecut. Cu pleav\u0103,\/ malaxorul omogeniza omul nou.\/ Azi se fura, vindicativ, primul ou\/ de sub clo\u015fti desp\u0103nate.\/ Li-ber-ta-te! Li-ber-ta-te!\u201c (Se fura odiosul trecut, p. 118).<br \/>\n\u00cen ultima parte a antologiei Ioan Gro\u015fescu a\u015faz\u0103 un num\u0103r de 54 de poeme inedite, al c\u0103ror con\u0163inut \u00eel \u00eentoarce spre propriul univers. Sunt consemnate \u00een exprim\u0103ri directe multe referiri la amintirile copil\u0103riei (\u201eM\u0103-nso\u0163esc\/ p\u00e2n\u0103 la gar\u0103\/ copil\u0103riile prietenilor mei\u201c) la spectrul mor\u0163ii (\u201e\u00eencep s\u0103 mor \/sau s\u0103-n\u0163eleg \/c-am \u00eenceput s\u0103 tr\u0103iesc prea mult sau la mila cre\u015ftin\u0103\u201c), la b\u0103tr\u00e2ne\u0163e \u015fi ceremoniile pascale sau cele ancestrale, ori, distinct, la tat\u0103: \u201eTat\u0103, r\u0103spunde, norule, adiere, \u00ee\u0163i zic,\/ de ce pleci noaptea pe cea\u0163\u0103 de-acas\u0103?\/ S\u00e2ngelui nostru nu-i st\u0103-n cale nimic,\/ nici securea-ndoielii, nici vreme v\u00e2ntoas\u0103,\/ caii frunzo\u015fi p\u00e2n\u0103-n z\u0103ri s\u0103-i de\u015fele\/ s-ajung\u0103 acas\u0103\u201c, sau la mam\u0103, cu imaginea c\u0103reia \u00eenchide cartea: \u201eE\u015fti cu mine nefiind,\/ cu chip \u00een frunza ce-o \u00eendep\u0103rteaz\u0103 v\u00e2ntul.\/ Ori eu nu sunt cine m\u0103 cred\/ \u015fi-mi arde sufletul \u015fi buza\/ s\u0103 fiu aievea,\/ chiar frunz\u0103-n v\u00e2nt de-am fi, p\u00e2ndi\u0163i de soart\u0103,\/ dar pe p\u0103m\u00e2nt\u201c (Mama, p. 243).<br \/>\n\u201eIluziile\u201c sunt \u00een cuprinsul acestei antologii, care vine s\u0103 recalibreze personalitatea jurnalistului pamfletar. Aceast\u0103 \u00eenc\u00e2nt\u0103toare relevare la zi a zestrei poetului impune, credem, \u015fi o reconsiderare a contribu\u0163iilor omului de cultur\u0103, a c\u0103rui fiin\u0163\u0103 s-a contopit cu fiin\u0163a acestui ora\u015f, c\u0103ruia s-a obstinat s\u0103 cread\u0103 c\u0103-i poate fi de folos \u015fi pe aceast\u0103 cale.<\/p>\n<p>&nbsp;<\/p>\n","protected":false},"excerpt":{"rendered":"<p>Ioan Gro\u015fescu, Iluzii. Antologie de versuri, Editura Karta Graphic, Ploie\u015fti, 2015 Ioan Gro\u015fescu este unul dintre cei mai prolifici scriitori ploie\u015fteni contemporani. \u015ei cel mai citit. Dac\u0103 judec\u0103m dup\u0103 num\u0103rul volumelor de versuri publicate, opera sa poetic\u0103 nu este prea \u00eentins\u0103. Jurnalismul s\u0103u ofensiv l-a impus ca un reper. Dup\u0103 absolvirea Facult\u0103\u0163ii de Filologie a&hellip;&nbsp;<a href=\"https:\/\/revistacultura.ro\/nou\/de-la-faptul-divers-la-propriul-univers\/\" rel=\"bookmark\">Cite\u0219te mai mult &raquo;<span class=\"screen-reader-text\">De la faptul divers la propriul univers<\/span><\/a><\/p>\n","protected":false},"author":3,"featured_media":0,"comment_status":"open","ping_status":"open","sticky":false,"template":"","format":"standard","meta":{"neve_meta_sidebar":"","neve_meta_container":"","neve_meta_enable_content_width":"","neve_meta_content_width":0,"neve_meta_title_alignment":"","neve_meta_author_avatar":"","neve_post_elements_order":"","neve_meta_disable_header":"","neve_meta_disable_footer":"","neve_meta_disable_title":"","jetpack_post_was_ever_published":false,"_jetpack_newsletter_access":"","_jetpack_dont_email_post_to_subs":false,"_jetpack_newsletter_tier_id":0,"_jetpack_memberships_contains_paywalled_content":false,"_jetpack_memberships_contains_paid_content":false,"footnotes":"","jetpack_publicize_message":"","jetpack_publicize_feature_enabled":true,"jetpack_social_post_already_shared":false,"jetpack_social_options":{"image_generator_settings":{"template":"highway","default_image_id":0,"font":"","enabled":false},"version":2}},"categories":[8],"tags":[14091,4365],"class_list":["post-23163","post","type-post","status-publish","format-standard","hentry","category-cultura-literara","tag-iluzii-antologie-de-versuri","tag-ioan-grosescu"],"views":918,"jetpack_publicize_connections":[],"jetpack_featured_media_url":"","jetpack_sharing_enabled":true,"jetpack-related-posts":[],"_links":{"self":[{"href":"https:\/\/revistacultura.ro\/nou\/wp-json\/wp\/v2\/posts\/23163","targetHints":{"allow":["GET"]}}],"collection":[{"href":"https:\/\/revistacultura.ro\/nou\/wp-json\/wp\/v2\/posts"}],"about":[{"href":"https:\/\/revistacultura.ro\/nou\/wp-json\/wp\/v2\/types\/post"}],"author":[{"embeddable":true,"href":"https:\/\/revistacultura.ro\/nou\/wp-json\/wp\/v2\/users\/3"}],"replies":[{"embeddable":true,"href":"https:\/\/revistacultura.ro\/nou\/wp-json\/wp\/v2\/comments?post=23163"}],"version-history":[{"count":0,"href":"https:\/\/revistacultura.ro\/nou\/wp-json\/wp\/v2\/posts\/23163\/revisions"}],"wp:attachment":[{"href":"https:\/\/revistacultura.ro\/nou\/wp-json\/wp\/v2\/media?parent=23163"}],"wp:term":[{"taxonomy":"category","embeddable":true,"href":"https:\/\/revistacultura.ro\/nou\/wp-json\/wp\/v2\/categories?post=23163"},{"taxonomy":"post_tag","embeddable":true,"href":"https:\/\/revistacultura.ro\/nou\/wp-json\/wp\/v2\/tags?post=23163"}],"curies":[{"name":"wp","href":"https:\/\/api.w.org\/{rel}","templated":true}]}}