{"id":22977,"date":"2015-04-04T13:11:06","date_gmt":"2015-04-04T11:11:06","guid":{"rendered":"http:\/\/revistacultura.ro\/nou\/?p=22977"},"modified":"2015-04-04T13:12:49","modified_gmt":"2015-04-04T11:12:49","slug":"ilustratie-de-coperta-nr-510","status":"publish","type":"post","link":"https:\/\/revistacultura.ro\/nou\/ilustratie-de-coperta-nr-510\/","title":{"rendered":"Ilustra\u0163ie de copert\u0103 Nr. 510"},"content":{"rendered":"<p>Ernst Ludwig Kirchner, Dans cu m\u0103\u015fti (1929)<\/p>\n<p><a href=\"http:\/\/revistacultura.ro\/nou\/wp-content\/uploads\/2015\/04\/mask-dance-1929.jpg\"><img loading=\"lazy\" decoding=\"async\" class=\"aligncenter size-large wp-image-22978\" src=\"http:\/\/revistacultura.ro\/nou\/wp-content\/uploads\/2015\/04\/mask-dance-1929-448x513.jpg\" alt=\"mask-dance-1929\" width=\"448\" height=\"513\" srcset=\"https:\/\/revistacultura.ro\/nou\/wp-content\/uploads\/2015\/04\/mask-dance-1929-448x513.jpg 448w, https:\/\/revistacultura.ro\/nou\/wp-content\/uploads\/2015\/04\/mask-dance-1929-262x300.jpg 262w, https:\/\/revistacultura.ro\/nou\/wp-content\/uploads\/2015\/04\/mask-dance-1929-175x200.jpg 175w, https:\/\/revistacultura.ro\/nou\/wp-content\/uploads\/2015\/04\/mask-dance-1929.jpg 600w\" sizes=\"auto, (max-width: 448px) 100vw, 448px\" \/><\/a><\/p>\n","protected":false},"excerpt":{"rendered":"<p>Ernst Ludwig Kirchner, Dans cu m\u0103\u015fti (1929)<\/p>\n","protected":false},"author":3,"featured_media":0,"comment_status":"open","ping_status":"open","sticky":false,"template":"","format":"standard","meta":{"neve_meta_sidebar":"","neve_meta_container":"","neve_meta_enable_content_width":"","neve_meta_content_width":0,"neve_meta_title_alignment":"","neve_meta_author_avatar":"","neve_post_elements_order":"","neve_meta_disable_header":"","neve_meta_disable_footer":"","neve_meta_disable_title":"","jetpack_post_was_ever_published":false,"_jetpack_newsletter_access":"","_jetpack_dont_email_post_to_subs":false,"_jetpack_newsletter_tier_id":0,"_jetpack_memberships_contains_paywalled_content":false,"_jetpack_memberships_contains_paid_content":false,"footnotes":"","jetpack_publicize_message":"","jetpack_publicize_feature_enabled":true,"jetpack_social_post_already_shared":true,"jetpack_social_options":{"image_generator_settings":{"template":"highway","default_image_id":0,"font":"","enabled":false},"version":2}},"categories":[11304],"tags":[13950,13949,13948,13951],"class_list":["post-22977","post","type-post","status-publish","format-standard","hentry","category-ilustratie","tag-dans-cu-masti","tag-ernst-ludwig-kirchner","tag-lucrari-de-ernst-ludwig-kirchner","tag-mask-dance"],"views":856,"jetpack_publicize_connections":[],"jetpack_featured_media_url":"","jetpack_sharing_enabled":true,"jetpack-related-posts":[],"_links":{"self":[{"href":"https:\/\/revistacultura.ro\/nou\/wp-json\/wp\/v2\/posts\/22977","targetHints":{"allow":["GET"]}}],"collection":[{"href":"https:\/\/revistacultura.ro\/nou\/wp-json\/wp\/v2\/posts"}],"about":[{"href":"https:\/\/revistacultura.ro\/nou\/wp-json\/wp\/v2\/types\/post"}],"author":[{"embeddable":true,"href":"https:\/\/revistacultura.ro\/nou\/wp-json\/wp\/v2\/users\/3"}],"replies":[{"embeddable":true,"href":"https:\/\/revistacultura.ro\/nou\/wp-json\/wp\/v2\/comments?post=22977"}],"version-history":[{"count":0,"href":"https:\/\/revistacultura.ro\/nou\/wp-json\/wp\/v2\/posts\/22977\/revisions"}],"wp:attachment":[{"href":"https:\/\/revistacultura.ro\/nou\/wp-json\/wp\/v2\/media?parent=22977"}],"wp:term":[{"taxonomy":"category","embeddable":true,"href":"https:\/\/revistacultura.ro\/nou\/wp-json\/wp\/v2\/categories?post=22977"},{"taxonomy":"post_tag","embeddable":true,"href":"https:\/\/revistacultura.ro\/nou\/wp-json\/wp\/v2\/tags?post=22977"}],"curies":[{"name":"wp","href":"https:\/\/api.w.org\/{rel}","templated":true}]}}