{"id":22697,"date":"2015-03-11T21:25:02","date_gmt":"2015-03-11T19:25:02","guid":{"rendered":"http:\/\/revistacultura.ro\/nou\/?p=22697"},"modified":"2015-03-11T21:25:02","modified_gmt":"2015-03-11T19:25:02","slug":"metamorfoze-poetice","status":"publish","type":"post","link":"https:\/\/revistacultura.ro\/nou\/metamorfoze-poetice\/","title":{"rendered":"Metamorfoze poetice"},"content":{"rendered":"<blockquote><p><strong>Ioan Es. Pop, <em>1983. Mar\u015f<\/em>; <em>2013. Xanax<\/em>, Editura Charmides, Bistri\u0163a, 2013, 49 pp.<\/strong><\/p><\/blockquote>\n<p>&nbsp;<\/p>\n<p>&nbsp;<\/p>\n<p>\u00centr-un volum cu accentuate valen\u0163e simbolice, 1983. Mar\u015f; 2013. Xanax (Editura Charmides, Bistri\u0163a, 2013), Ioan Es. Pop eviden\u0163iaz\u0103 dou\u0103 momente esen\u0163iale pentru un parcurs liric de excep\u0163ie. Primul ciclu al c\u0103r\u0163ii, revelator remember, cuprinde poezii publicate acum 30 de ani \u00een revista Nord. Impresioneaz\u0103 angoasanta imagine a pianelor ce \u201evor fi aduse \u00een fa\u0163a plutonului de execu\u0163ie\u201c (\u00cent\u00e2i s\u0103 amu\u0163easc\u0103 gr\u0103dinile. Un trandafir). O permanent\u0103 culpabilizare a trecutului apropie teroarea obscurit\u0103\u0163ii. Spiritul alienant al vremurilor arat\u0103 implacabila direc\u0163ie de urmat. Este o p\u0103r\u0103sire, adev\u0103rat\u0103 smulgere dintre cele uzuale, glacial\u0103 descindere \u201em\u0103r\u015f\u0103luind cu pas egal prin cele patru anotimpuri,\/ ie\u015find \u00een afara lor cu pas egal,\/ ziua \u015fi noaptea, f\u0103r\u0103 oprire,\/ pe ploaie \u015fi pe frig, numai lovind cu bocancii\/ tare \u00een caldar\u00e2m,\/\/ ie\u015find din ora\u015fe, din orizont,\/ din locurile \u00eenscrise pe h\u0103r\u0163i, din limbajele cunoscute,\/ din ordinea timpului \u2013 rap-rap -, din\/ succesiunea genera\u0163iilor,\/ cu pas egal, din memoria p\u0103rin\u0163ilor,\/\/ mar\u015f care nu ne abate de la vreo\/ direc\u0163ie, mar\u015f h\u0103r\u0103zit\/ \u00een loc de c\u0103l\u0103torie.\/ mar\u015f \u015fi at\u00e2t.\u201c (Magnetofoanele anun\u0163\u0103 ora dou\u0103zeci). Mar\u015ful, sau paradoxala certitudine a stagn\u0103rii care \u00eenstr\u0103ineaz\u0103. Cvasi-permanen\u0163a de\u015fertului conduce la o gam\u0103 extins\u0103 de oprim\u0103ri. Un apocaliptic elan fluid love\u015fte, criogenizant, dar totu\u015fi calofil, ambientul existen\u0163ial. Este invocat\u0103 evaziunea: \u201eplaj\u0103. Tulpina plaiului a \u00eenghe\u0163at.\/ din alpii degetelor cineva r\u0103stoarn\u0103 z\u0103pezile peste clape.\/ naufragiul \u00een cuv\u00e2nt se cerea celebrat.\/ noi \u00eens\u0103 am sosit mai t\u00e2rziu. am r\u00e2s.\/ am d\u0103n\u0163uit dan\u0163uri reci a\u015ftept\u00e2nd\/ ca la un gest al lui s\u0103 se sting\u0103 \u00eentreaga \u00eentunecime.\u201c (O mare a ars. Cenu\u015fa ei n\u0103v\u0103le\u015fte peste). Solitudinea creeaz\u0103 identit\u0103\u0163i morganatice. Au loc spectaculoase alunec\u0103ri printre multiple entit\u0103\u0163i din zona transfigur\u0103rilor, mereu aflate \u00een c\u0103utarea idealului: \u201efr\u00e2nturi \/ dintr-o biografie a altcuiva ne asalteaz\u0103 \u015fi brusc\/ podi\u015ful prin care goneam se \u00eentrerupe \u015fi ne trezim\/ \u00een mijlocul oceanului, cu ochii degera\u0163i de \u00eentuneric\/ \u015fi c\u0103m\u0103\u015file \u00eenghe\u0163ate. prizonieri ai unei\/ cor\u0103bii. sau \u00een t\u00e2rgul medieval, \u00een amurg, abia sosi\u0163i\/ dinspre stepe, ne \u00eent\u00e2mpin\u0103 inchizitori deghiza\u0163i\/ \u00een haine de cer\u015fetorie \u015fi pe cel din frunte,\/ cel care \u015ftia ie\u015firile din trecut,\/ \u00eel \u00eenjunghie. prizonieri ai acelui t\u00e2rg\/ \u015fi ai acelei \u00eenser\u0103ri. sau ajun\u015fi pe\/ muntele iluminat de m\u0103slini\/ afl\u0103m morm\u00e2ntul gol \u015fi nimeni care s\u0103 \u015ftie\/ despre cine vorbim \u015fi pe cine c\u0103ut\u0103m.\/ prizonieri ai absen\u0163ei Sale.\u201c (\u00cen acest decor nici personajele, nici gesturile lor). Tenta\u0163ia extinc\u0163iei se impune cu acuitate: \u201evoi da foc decorurilor \u015fi cu asta aventura va lua sf\u00e2r\u015fit.\u201c (Am \u00eencercat atunci un dialog cu personajul. N-a p\u0103rut). Suntem c\u0103l\u0103uzi\u0163i pe fondul cvasi-omniprezentei obscurit\u0103\u0163i \u00eenconjur\u0103toare. O stare ambigu\u0103, plin\u0103 de mister, poate defini aceste problematizante incursiuni ce au, c\u00e2teodat\u0103, diafane certitudini: \u201ene fusese destul s\u0103 vedem\/ trandafirul urmei sale pe nisip.\u201c (El c\u0103l\u0103torea \u00eenainte \u015fi numai el). Eliptica versurilor determin\u0103 ample ecouri evanescente: \u201edar ei sunt ad\u00e2nci ca rozele toamna.\/ frunza m\u00e2inii c\u0103z\u00e2nd suspin\u0103\/ ca o pas\u0103re pe mediterana -\/ obositoare a apei lumin\u0103.\u201c (Ei sunt ad\u00e2nci ca rozele. Ca pe ni\u015fte frunze). Volumul, beneficiind de elocventele ilustra\u0163ii marca Mihai Zgondoiu, mai cuprinde \u015fi o edificatoare prezentare a lui Ioan Es. Pop realizat\u0103 de R\u0103zvan Voncu, care puncteaz\u0103 subtilele metamorfoze ale acestei importante poetici. Iat\u0103 un pasaj despre 1983. Mar\u015f; 2013. Xanax: \u201eCartea de fa\u0163\u0103 con\u0163ine, a\u015fadar, pe l\u00e2ng\u0103 poezia lui Ioan Es. Pop de-acum \u015fi de alt\u0103dat\u0103, \u015fi o invita\u0163ie la reflec\u0163ie pe tema, at\u00e2t de delicat\u0103 \u015fi fundamental\u0103, a na\u015fterii poetului. Ea ne sugereaz\u0103 c\u0103 nici m\u0103car un poet concret, care nu gust\u0103, \u00een orice caz, fantazia devitalizat\u0103 \u015fi roman\u0163ioas\u0103, nu se na\u015fte spontan. \u00cen spatele poeticii lui Ioan Es. Pop, at\u00e2t de simpl\u0103 (dup\u0103 vorb\u0103, dup\u0103 port&#8230;) se afl\u0103 o transformare spiritual\u0103 ampl\u0103, o transfigurare, ce include \u00een egal\u0103 m\u0103sur\u0103 lecturi \u015fi gesturi existen\u0163iale \u015fi mai ales o aspr\u0103 ucenicie a cuv\u00e2ntului. C\u0103ci Ioan Es. Pop se na\u015fte din Ioan Pop prin rescriere.\u201c Al doilea ciclu liric, 2013. Xanax, debuteaz\u0103 cu un poem selenar al noilor orizonturi, revelatorii \u00eentru tainice introspect\u0103ri. Astfel \u00eenc\u00e2t \u201ecel care pleac\u0103 nu pleac\u0103\/ niciodat\u0103 singur. vidul tremur\u0103.\/ e perfect. e des\u0103v\u00e2r\u015fit. e\/ dincolo de orice putere de percep\u0163ie.\u201c (\u00centr-o sear\u0103, pe la ora nou\u0103). Intui\u0163iile poetice ating cromatismul regiunii de odinioar\u0103. De undeva r\u0103sare imaginea somnului pe vertical\u0103, generator de spaime \u015fi intense rug\u0103ciuni. Problematica mor\u0163ii e abordat\u0103 \u00eentr-o remarcabil\u0103 cheie ludic\u0103. \u00cen final, dialogul ia valen\u0163e pu\u0163in obi\u015fnuite: \u201edup\u0103 ce mori, pe tine cine-o s\u0103 te-ngroa? p\u0103i da,\/ e o treab\u0103 a dracu\u2019 de grea finc\u0103 to\u0163i to-\/ var\u0103\u015fii mei de lucru s-au dus.\/ da\u2019 poate m\u0103 c\u0103lug\u0103resc \u015fi.\/ s\u0103 nici nu te g\u00e2nde\u015fti, \u0103ia nu te primesc.\/\/ atunci poa\u2019 s\u0103 m\u0103 duc s\u0103 m\u0103 angajez la\/ pompe funebre. vezi-\u0163i de treab\u0103, e\u015fti prea b\u0103tr\u00e2n.\/ p\u0103i atunci ce m\u0103 fac? Pe mine cine m\u0103-ngroa?\/ p\u0103i atunci nu mai ai cum muri.\/ cum adic\u0103, s\u0103 n-am \u015fi eu parte de\/ petrecanie? cam a\u015fa ceva.\/\/ bine, m\u0103, atunci nu, dar dup\u0103 aia ce m\u0103 fac?\u201c (Cu groparul fulgerat la cr\u00e2\u015fm\u0103: tu).<\/p>\n","protected":false},"excerpt":{"rendered":"<p>Ioan Es. Pop, 1983. Mar\u015f; 2013. Xanax, Editura Charmides, Bistri\u0163a, 2013, 49 pp. &nbsp; &nbsp; \u00centr-un volum cu accentuate valen\u0163e simbolice, 1983. Mar\u015f; 2013. Xanax (Editura Charmides, Bistri\u0163a, 2013), Ioan Es. Pop eviden\u0163iaz\u0103 dou\u0103 momente esen\u0163iale pentru un parcurs liric de excep\u0163ie. Primul ciclu al c\u0103r\u0163ii, revelator remember, cuprinde poezii publicate acum 30 de ani&hellip;&nbsp;<a href=\"https:\/\/revistacultura.ro\/nou\/metamorfoze-poetice\/\" rel=\"bookmark\">Cite\u0219te mai mult &raquo;<span class=\"screen-reader-text\">Metamorfoze poetice<\/span><\/a><\/p>\n","protected":false},"author":3,"featured_media":0,"comment_status":"open","ping_status":"open","sticky":false,"template":"","format":"standard","meta":{"neve_meta_sidebar":"","neve_meta_container":"","neve_meta_enable_content_width":"","neve_meta_content_width":0,"neve_meta_title_alignment":"","neve_meta_author_avatar":"","neve_post_elements_order":"","neve_meta_disable_header":"","neve_meta_disable_footer":"","neve_meta_disable_title":"","jetpack_post_was_ever_published":false,"_jetpack_newsletter_access":"","_jetpack_dont_email_post_to_subs":false,"_jetpack_newsletter_tier_id":0,"_jetpack_memberships_contains_paywalled_content":false,"_jetpack_memberships_contains_paid_content":false,"footnotes":"","jetpack_publicize_message":"","jetpack_publicize_feature_enabled":true,"jetpack_social_post_already_shared":true,"jetpack_social_options":{"image_generator_settings":{"template":"highway","default_image_id":0,"font":"","enabled":false},"version":2}},"categories":[8],"tags":[5896,13729],"class_list":["post-22697","post","type-post","status-publish","format-standard","hentry","category-cultura-literara","tag-ioan-es-pop","tag-xanax"],"views":1142,"jetpack_publicize_connections":[],"jetpack_featured_media_url":"","jetpack_sharing_enabled":true,"jetpack-related-posts":[],"_links":{"self":[{"href":"https:\/\/revistacultura.ro\/nou\/wp-json\/wp\/v2\/posts\/22697","targetHints":{"allow":["GET"]}}],"collection":[{"href":"https:\/\/revistacultura.ro\/nou\/wp-json\/wp\/v2\/posts"}],"about":[{"href":"https:\/\/revistacultura.ro\/nou\/wp-json\/wp\/v2\/types\/post"}],"author":[{"embeddable":true,"href":"https:\/\/revistacultura.ro\/nou\/wp-json\/wp\/v2\/users\/3"}],"replies":[{"embeddable":true,"href":"https:\/\/revistacultura.ro\/nou\/wp-json\/wp\/v2\/comments?post=22697"}],"version-history":[{"count":0,"href":"https:\/\/revistacultura.ro\/nou\/wp-json\/wp\/v2\/posts\/22697\/revisions"}],"wp:attachment":[{"href":"https:\/\/revistacultura.ro\/nou\/wp-json\/wp\/v2\/media?parent=22697"}],"wp:term":[{"taxonomy":"category","embeddable":true,"href":"https:\/\/revistacultura.ro\/nou\/wp-json\/wp\/v2\/categories?post=22697"},{"taxonomy":"post_tag","embeddable":true,"href":"https:\/\/revistacultura.ro\/nou\/wp-json\/wp\/v2\/tags?post=22697"}],"curies":[{"name":"wp","href":"https:\/\/api.w.org\/{rel}","templated":true}]}}