{"id":22658,"date":"2015-03-05T13:35:48","date_gmt":"2015-03-05T11:35:48","guid":{"rendered":"http:\/\/revistacultura.ro\/nou\/?p=22658"},"modified":"2015-03-05T14:39:35","modified_gmt":"2015-03-05T12:39:35","slug":"de-ce-noi-noi-toti-romanii","status":"publish","type":"post","link":"https:\/\/revistacultura.ro\/nou\/de-ce-noi-noi-toti-romanii\/","title":{"rendered":"De ce noi? Noi, to\u0163i rom\u00e2nii&#8230;"},"content":{"rendered":"<p>Covor ro\u015fu ca la carte. Camerele de televiziune fo\u015fg\u0103ie inund\u00e2nd cu lumin\u0103 intrarea de la Palatul Copiilor. Tudor Giurgiu \u00ee\u015fi \u00eent\u00e2mpin\u0103 invita\u0163ii. Afabil, relaxat, cu impecabilul s\u0103u savoir-faire pe care i-l \u015ftiu dintotdeauna. Mul\u0163i actori \u015fi actri\u0163e, fe\u0163e luminoase \u015fi z\u00e2mbitoare. Fiecare \u00eel pup\u0103. Oare c\u00e2te sute de pup\u0103turi \u201eo s\u0103 \u00eencaseze\u201d azi? M\u0103 g\u00e2ndesc \u201eDoamne, ce bine-ar fi s\u0103 v\u0103d un film bun, ca s\u0103-l pot felicita din tot sufletul!\u201d. Dar nu apuc s\u0103 duc g\u00e2ndul p\u00e2n\u0103 la cap\u0103t, c\u0103 toate camerele se n\u0103pustesc \u00een josul sc\u0103rilor. Ce le-o fi st\u00e2rnit at\u00e2ta interes? C\u0103 doar regizorul filmului se afl\u0103 \u00eenc\u0103 pe covor. Dar \u015fi el se repliaz\u0103 pentru a-i \u00eent\u00e2mpina pe fostul pre\u015fedinte, Traian B\u0103sescu, \u015fi pe doamna lui. R\u00e2nd pe r\u00e2nd, intr\u0103 Augustin Zegrean, Daniel Morar, Cristi Danile\u0163. Zici c\u0103 e\u015fti la Balul magistra\u0163ilor, nu la film!<br \/>\nTudor Giurgiu urc\u0103 pe scen\u0103. Ca \u00eentotdeauna, vorbe\u015fte limpede, concis, cald, cu alura aia de onestitate pe care i-o \u015ftiu \u00eenc\u0103 din studen\u0163ie. F\u0103r\u0103 morg\u0103 \u015fi f\u0103r\u0103 fasoane. Ne supune aten\u0163iei trei puncte, dintre care cel mai important \u0163ine de pledoaria pentru recondi\u0163ionarea s\u0103lilor de cinema. Acum, c\u0103 refacerea TNB st\u0103 s\u0103 se termine, c\u0103 Opereta are, \u00een sf\u00e2r\u015fit, o sal\u0103 nou\u0103, potenta\u0163ii vremii se vor g\u00e2ndi oare \u015fi la cinematografe, azi, pe cale de dispari\u0163ie? Pentru c\u0103 filmul rom\u00e2nesc merit\u0103 s\u0103 se \u00eent\u00e2lneasc\u0103 cu publicul s\u0103u.<br \/>\n\u00cen sf\u00e2r\u015fit, De ce eu? \u00eencepe. Din c\u00e2nd \u00een c\u00e2nd, ambian\u0163a acoper\u0103 vocile actorilor. \u201eCe-a zis, ce-a zis?\u201d, \u00eemi tot vine s-o \u00eentreb pe prietena de l\u00e2ng\u0103 mine. M\u0103 o\u0163\u0103r\u0103sc \u00een g\u00e2nd la ve\u015fnicul sunet din filmul rom\u00e2nesc. Pe nedrept, c\u0103ci un actor avea s\u0103 m\u0103 lumineze: a fost numai din cauza aparaturii improvizate pentru sala respectiv\u0103. La Berlin se auzea perfect. \u00cencet-\u00eencet, intr\u0103m \u00een atmosfer\u0103. Dup\u0103 vreo jum\u0103tate de or\u0103, filmul se \u00eennegre\u015fte. Nu se mai vede nimic. Proiec\u0163ia se \u00eentrerupe. Publicul se foie\u015fte. Cineva din echip\u0103 ne asigur\u0103 c\u0103 situa\u0163ia se va remedia \u00een urm\u0103toarele dou\u0103 minute. A\u015fa e, dar nu dureaz\u0103 mult. Se \u00eentrerupe din nou. Ne-om fi \u00eentors \u00een timp, la \u00eenceputurile filmului? Mai lipsea pianul de pe scen\u0103. Acela\u015fi tip face apel la r\u0103bdarea noastr\u0103: urmeaz\u0103 s\u0103 schimbe generatorul. M\u0103 g\u00e2ndesc ce-o fi \u00een sufletul regizorului. Numa-n pielea lui s\u0103 nu fii \u00een clipa asta!<br \/>\nFilmul re\u00eencepe. De acum, f\u0103r\u0103 accidente. Situa\u0163ia procurorului se construie\u015fte infinitezimal, pe nesim\u0163ite, prin sugestii \u015fi acumul\u0103ri subtile, p\u00e2n\u0103 c\u00e2nd personajul se confrunt\u0103 \u015fi se afund\u0103 \u00een m\u00e2lul uman din jur. Prietenii \u015fi colegii sunt duplicitari. Fiecare pune piatr\u0103 pe piatr\u0103 la m\u00e2zga sistemului, d\u00e2ndu-\u015fi \u00eentreaga m\u0103sur\u0103 a ignobilului. Cu toat\u0103 corectitudinea \u015fi cu tot setul lui de valori, t\u00e2n\u0103rul procuror nu are nici o \u015fans\u0103 \u00een fa\u0163a cancerului din justi\u0163ie. Stomacul mi se str\u00e2nge. Poate c\u0103 sunt eu mai sensibil\u0103 la subiectul acesta, dar nu mi-aduc aminte s\u0103 fi v\u0103zut vreun film rom\u00e2nesc sau vreun spectacol de teatru social care s\u0103 trateze o asemenea miz\u0103 important\u0103: valorile \u015fi principiile \u00eentemeietoare ale unei societ\u0103\u0163i. Respectiv, a noastr\u0103! Chiar dac\u0103 aici e vorba despre reversul lor. De obicei, produc\u0163iile rom\u00e2ne\u015fti se opresc la cotidianul meschin. Acum, senza\u0163ia e cople\u015fitoare. Fiin\u0163a \u0163i se \u00eembib\u0103 de noroi p\u00e2n\u0103 \u00een m\u0103duv\u0103. Nu-i vorb\u0103, \u015fi scenariul e construit la milimetru, \u015fi actorii joac\u0103 impecabil. M\u0103 uit la ei \u015fi m\u0103 minunez. Pe cei mai mul\u0163i \u00eei \u015ftiu de la primele roluri. Ba, pe majoritatea, chiar de la debut! Emilian Oprea, Mihai Constantin, Andreea Vasile, Alin Florea, Liviu Pintileasa, Mihai Smarandache, M\u0103d\u0103lina Ciotea. C\u00e2nd or fi avut timp s\u0103 acumuleze at\u00e2ta valoare? C\u0103 talent \u015ftiam c\u0103 au. Pe drept cuv\u00e2nt, sunt m\u00e2ndr\u0103 de ei. Ba chiar recunosc\u0103toare pentru norocul de a le fi contemporan\u0103.<br \/>\nLa sf\u00e2r\u015fit, regizorul \u00ee\u015fi prezint\u0103 echipa. Aplauzele curg ca la nici un alt film. Cel pu\u0163in, din c\u00e2te am v\u0103zut eu! Tudor Giurgiu mul\u0163ume\u015fte presei f\u0103r\u0103 de care cazul procurorului Panait nu ar fi fost cunoscut. Ies din sal\u0103 cu stomacul \u00eenc\u0103 zv\u00e2rcolindu-se. \u00cen foaier, Mihai Smarandache poveste\u015fte despre Berlin. Liviu Pintileasa m\u0103rturise\u015fte c\u0103 acolo, la a patra vizionare, pentru o clip\u0103, sperase c\u0103 filmul se va termina altfel. C\u0103 dreptatea va \u00eenvinge. C\u0103 va fi cu happy-end. Aici, dup\u0103 proiec\u0163ie, se \u00eent\u00e2lne\u015fte cu procurorii care \u00eel ajutaser\u0103 la documentare: \u201eCe bine c\u0103 a f\u0103cut cineva un film \u015fi despre noi!\u201d. Nu pot s\u0103 nu z\u00e2mbesc. Cine s-ar fi g\u00e2ndit c\u0103 \u015fi pe tipii \u0103\u015ftia duri \u015fi fermi, a c\u0103ror meserie bag\u0103 oamenii-n sperie\u0163i, \u00eei chinuie nevoia de reprezentare \u00een art\u0103? Camerele urm\u0103resc \u00een continuare magistra\u0163ii. Daniel Morar recunoa\u015fte: \u201eNu \u015ftiu dac\u0103 au existat procurori ca personajul principal, dar \u015ftiu \u00eenc\u0103 mul\u0163i ca aceia din jurul lui\u201d. Reporterii forfotesc dup\u0103 vedetele justi\u0163iei \u015fi ale presei. C\u00e2t\u0103 nedreptate! Excelen\u0163ii actori, a c\u0103ror munc\u0103 nu e deloc mai pu\u0163in prestigioas\u0103, nu reu\u015fesc s\u0103 le st\u00e2rneasc\u0103 aten\u0163ia. Nici m\u0103car la filmul lor!<br \/>\nDup\u0103 ce a mai tras o tur\u0103 de pup\u0103turi (oare c\u00e2te locuri o avea sala?, ca s\u0103 nu gre\u015fesc la calcule), ajung \u015fi eu s\u0103-l felicit pe Tudor Giurgiu. Da, din tot sufletul! Am fost cople\u015fit\u0103. \u00cel \u00eentreb cum a fost cu \u00eentreruperile. Pe scurt: infern, nu alta! Dar, solar ca totdeauna, Tudor \u00ee\u015fi revine: \u201e\u015etii ce? Las\u0103 c\u0103 nu-i r\u0103u: ia s\u0103 mai vad\u0103 \u015fi toate m\u0103rimile astea \u00een ce condi\u0163ii se zbate filmul rom\u00e2nesc!\u201d.<\/p>\n","protected":false},"excerpt":{"rendered":"<p>Covor ro\u015fu ca la carte. Camerele de televiziune fo\u015fg\u0103ie inund\u00e2nd cu lumin\u0103 intrarea de la Palatul Copiilor. Tudor Giurgiu \u00ee\u015fi \u00eent\u00e2mpin\u0103 invita\u0163ii. Afabil, relaxat, cu impecabilul s\u0103u savoir-faire pe care i-l \u015ftiu dintotdeauna. Mul\u0163i actori \u015fi actri\u0163e, fe\u0163e luminoase \u015fi z\u00e2mbitoare. Fiecare \u00eel pup\u0103. Oare c\u00e2te sute de pup\u0103turi \u201eo s\u0103 \u00eencaseze\u201d azi? M\u0103 g\u00e2ndesc&hellip;&nbsp;<a href=\"https:\/\/revistacultura.ro\/nou\/de-ce-noi-noi-toti-romanii\/\" rel=\"bookmark\">Cite\u0219te mai mult &raquo;<span class=\"screen-reader-text\">De ce noi? Noi, to\u0163i rom\u00e2nii&#8230;<\/span><\/a><\/p>\n","protected":false},"author":3,"featured_media":0,"comment_status":"open","ping_status":"open","sticky":false,"template":"","format":"standard","meta":{"neve_meta_sidebar":"","neve_meta_container":"","neve_meta_enable_content_width":"","neve_meta_content_width":0,"neve_meta_title_alignment":"","neve_meta_author_avatar":"","neve_post_elements_order":"","neve_meta_disable_header":"","neve_meta_disable_footer":"","neve_meta_disable_title":"","jetpack_post_was_ever_published":false,"_jetpack_newsletter_access":"","_jetpack_dont_email_post_to_subs":false,"_jetpack_newsletter_tier_id":0,"_jetpack_memberships_contains_paywalled_content":false,"_jetpack_memberships_contains_paid_content":false,"footnotes":"","jetpack_publicize_message":"","jetpack_publicize_feature_enabled":true,"jetpack_social_post_already_shared":true,"jetpack_social_options":{"image_generator_settings":{"template":"highway","default_image_id":0,"font":"","enabled":false},"version":2}},"categories":[66],"tags":[83,13702,13701],"class_list":["post-22658","post","type-post","status-publish","format-standard","hentry","category-arte-media","tag-film","tag-premiera-film-de-ce-eu","tag-tudor-giurgiu"],"views":2356,"jetpack_publicize_connections":[],"jetpack_featured_media_url":"","jetpack_sharing_enabled":true,"jetpack-related-posts":[],"_links":{"self":[{"href":"https:\/\/revistacultura.ro\/nou\/wp-json\/wp\/v2\/posts\/22658","targetHints":{"allow":["GET"]}}],"collection":[{"href":"https:\/\/revistacultura.ro\/nou\/wp-json\/wp\/v2\/posts"}],"about":[{"href":"https:\/\/revistacultura.ro\/nou\/wp-json\/wp\/v2\/types\/post"}],"author":[{"embeddable":true,"href":"https:\/\/revistacultura.ro\/nou\/wp-json\/wp\/v2\/users\/3"}],"replies":[{"embeddable":true,"href":"https:\/\/revistacultura.ro\/nou\/wp-json\/wp\/v2\/comments?post=22658"}],"version-history":[{"count":0,"href":"https:\/\/revistacultura.ro\/nou\/wp-json\/wp\/v2\/posts\/22658\/revisions"}],"wp:attachment":[{"href":"https:\/\/revistacultura.ro\/nou\/wp-json\/wp\/v2\/media?parent=22658"}],"wp:term":[{"taxonomy":"category","embeddable":true,"href":"https:\/\/revistacultura.ro\/nou\/wp-json\/wp\/v2\/categories?post=22658"},{"taxonomy":"post_tag","embeddable":true,"href":"https:\/\/revistacultura.ro\/nou\/wp-json\/wp\/v2\/tags?post=22658"}],"curies":[{"name":"wp","href":"https:\/\/api.w.org\/{rel}","templated":true}]}}