{"id":21660,"date":"2014-12-18T16:10:27","date_gmt":"2014-12-18T14:10:27","guid":{"rendered":"http:\/\/revistacultura.ro\/nou\/?p=21660"},"modified":"2014-12-18T16:10:53","modified_gmt":"2014-12-18T14:10:53","slug":"ilustratie-de-coperta-nr-498","status":"publish","type":"post","link":"https:\/\/revistacultura.ro\/nou\/ilustratie-de-coperta-nr-498\/","title":{"rendered":"Ilustra\u0163ie de copert\u0103 Nr. 498"},"content":{"rendered":"<p>Pieter Bruegel cel B\u0103tr\u00e2n, Recens\u0103m\u00e2nt la Betleem, 1566 (detaliu)<\/p>\n<p><a href=\"http:\/\/revistacultura.ro\/nou\/wp-content\/uploads\/2014\/12\/Pieter-Bruegel-cel-Batran.jpg\"><img loading=\"lazy\" decoding=\"async\" class=\"aligncenter size-large wp-image-21661\" src=\"http:\/\/revistacultura.ro\/nou\/wp-content\/uploads\/2014\/12\/Pieter-Bruegel-cel-Batran-448x438.jpg\" alt=\"Pieter-Bruegel-cel-Batran\" width=\"448\" height=\"438\" srcset=\"https:\/\/revistacultura.ro\/nou\/wp-content\/uploads\/2014\/12\/Pieter-Bruegel-cel-Batran-448x438.jpg 448w, https:\/\/revistacultura.ro\/nou\/wp-content\/uploads\/2014\/12\/Pieter-Bruegel-cel-Batran-300x293.jpg 300w, https:\/\/revistacultura.ro\/nou\/wp-content\/uploads\/2014\/12\/Pieter-Bruegel-cel-Batran-200x195.jpg 200w, https:\/\/revistacultura.ro\/nou\/wp-content\/uploads\/2014\/12\/Pieter-Bruegel-cel-Batran.jpg 600w\" sizes=\"auto, (max-width: 448px) 100vw, 448px\" \/><\/a><\/p>\n<p>&nbsp;<\/p>\n<p>&nbsp;<\/p>\n","protected":false},"excerpt":{"rendered":"<p>Pieter Bruegel cel B\u0103tr\u00e2n, Recens\u0103m\u00e2nt la Betleem, 1566 (detaliu) &nbsp; &nbsp;<\/p>\n","protected":false},"author":3,"featured_media":0,"comment_status":"open","ping_status":"open","sticky":false,"template":"","format":"standard","meta":{"neve_meta_sidebar":"","neve_meta_container":"","neve_meta_enable_content_width":"","neve_meta_content_width":0,"neve_meta_title_alignment":"","neve_meta_author_avatar":"","neve_post_elements_order":"","neve_meta_disable_header":"","neve_meta_disable_footer":"","neve_meta_disable_title":"","jetpack_post_was_ever_published":false,"_jetpack_newsletter_access":"","_jetpack_dont_email_post_to_subs":false,"_jetpack_newsletter_tier_id":0,"_jetpack_memberships_contains_paywalled_content":false,"_jetpack_memberships_contains_paid_content":false,"footnotes":"","jetpack_publicize_message":"","jetpack_publicize_feature_enabled":true,"jetpack_social_post_already_shared":true,"jetpack_social_options":{"image_generator_settings":{"template":"highway","default_image_id":0,"font":"","enabled":false},"version":2}},"categories":[11304],"tags":[13153,13152,13154,13151],"class_list":["post-21660","post","type-post","status-publish","format-standard","hentry","category-ilustratie","tag-lucrari-pieter-bruegel-cel-batran","tag-pieter-bruegel-cel-batran","tag-pieter-bruegel-cel-batran-pictura","tag-recensamant-la-betleem"],"views":2503,"jetpack_publicize_connections":[],"jetpack_featured_media_url":"","jetpack_sharing_enabled":true,"jetpack-related-posts":[],"_links":{"self":[{"href":"https:\/\/revistacultura.ro\/nou\/wp-json\/wp\/v2\/posts\/21660","targetHints":{"allow":["GET"]}}],"collection":[{"href":"https:\/\/revistacultura.ro\/nou\/wp-json\/wp\/v2\/posts"}],"about":[{"href":"https:\/\/revistacultura.ro\/nou\/wp-json\/wp\/v2\/types\/post"}],"author":[{"embeddable":true,"href":"https:\/\/revistacultura.ro\/nou\/wp-json\/wp\/v2\/users\/3"}],"replies":[{"embeddable":true,"href":"https:\/\/revistacultura.ro\/nou\/wp-json\/wp\/v2\/comments?post=21660"}],"version-history":[{"count":0,"href":"https:\/\/revistacultura.ro\/nou\/wp-json\/wp\/v2\/posts\/21660\/revisions"}],"wp:attachment":[{"href":"https:\/\/revistacultura.ro\/nou\/wp-json\/wp\/v2\/media?parent=21660"}],"wp:term":[{"taxonomy":"category","embeddable":true,"href":"https:\/\/revistacultura.ro\/nou\/wp-json\/wp\/v2\/categories?post=21660"},{"taxonomy":"post_tag","embeddable":true,"href":"https:\/\/revistacultura.ro\/nou\/wp-json\/wp\/v2\/tags?post=21660"}],"curies":[{"name":"wp","href":"https:\/\/api.w.org\/{rel}","templated":true}]}}