{"id":20788,"date":"2014-10-04T19:29:49","date_gmt":"2014-10-04T17:29:49","guid":{"rendered":"http:\/\/revistacultura.ro\/nou\/?p=20788"},"modified":"2014-10-04T19:29:49","modified_gmt":"2014-10-04T17:29:49","slug":"aprecieri-tardive","status":"publish","type":"post","link":"https:\/\/revistacultura.ro\/nou\/aprecieri-tardive\/","title":{"rendered":"Aprecieri tardive&#8230;"},"content":{"rendered":"<p><em><strong>Am notat, \u00een paginile acestei reviste, cu nem\u0103rginit regret, dispari\u0163ia lui Victor Gorduza \u2013 cel care pe bun\u0103 dreptate este unanim considerat \u00eentemeietorul Muzeului de Mineralogie din Baia Mare. Nu \u015ftiu cum se face, dar, de regul\u0103, recuno\u015ftin\u0163a oamenilor apare dup\u0103 ce omul pe care \u00eel apreciem nu mai este. Poate c\u0103 a avut dreptate Salvador Dal\u00ed s\u0103 decid\u0103 realizarea teatrului-muzeului de la Figueras \u00eenc\u0103 din timpul vie\u0163ii; a fost taxat de contemporani drept un artist atacat de delirul megalomaniei, dar, dup\u0103 cum spunea el, nu era sigur c\u0103 urma\u015fii vor \u015fti s\u0103 \u00eel aprecieze la justa lui valoare. De obicei, oamenii mode\u015fti, care nu sufer\u0103 nici de megalomanie, nu beneficiaz\u0103 de recunoa\u015fterile meritate din timpul vie\u0163ii.<\/strong><\/em><br \/>\nVictor Gorduza face parte dintre acei muzeografi care sunt sco\u015fi la pensie cu ocazia anivers\u0103rii zilei de na\u015ftere, f\u0103r\u0103 fast \u015fi mul\u0163umiri. Cu ocazia \u00eemplinirii v\u00e2rstei de 70 de ani, un grup de prieteni, la ini\u0163iativa unei colege de breasl\u0103, Janeta Ciocan, s-a g\u00e2ndit s\u0103 alc\u0103tuiasc\u0103 un volum omagial, la doi ani dup\u0103 ie\u015firea lui Victor la pensie. Ceea ce se dorea a fi o s\u0103rb\u0103torire a unui om plin de via\u0163\u0103 \u015fi de energie a sf\u00e2r\u015fit prin a fi un volum-ferpar. Cartea a ap\u0103rut prea t\u00e2rziu pentru a-l mai prinde \u00een via\u0163\u0103 pe Victor. Aflat pe patul de suferin\u0163\u0103, a reu\u015fit, totu\u015fi, s\u0103 citeasc\u0103 unele dintre paginile care \u00eei erau \u00eenchinate. Altele au sosit la Baia Mare dup\u0103 ce el se s\u0103v\u00e2r\u015fise deja din via\u0163\u0103.<br \/>\nVictor Gorduza s-a n\u0103scut la 27 aprilie 1942 la Cetatea Alb\u0103. Dup\u0103 r\u0103zboi, familia se stabile\u015fte la Baia Mare, iar Victor absolv\u0103 Facultatea de \u015etiin\u0163e Naturale, specialitatea Geografie, la Cluj, \u00een 1969. Fiind pasionat de activitatea muzeografic\u0103, ajunge s\u0103 lucreze ca \u00eendrum\u0103tor la Muzeul Jude\u0163ean Maramure\u015f \u00eenc\u0103 din 1966. Dup\u0103 un ocol de trei ani la Comitetul Jude\u0163ean de Cultur\u0103 \u015fi Educa\u0163ie Socialist\u0103 (\u201estr\u0103mo\u015ful\u201c actualei Direc\u0163ii jude\u0163ene pentru cultur\u0103), devine directorul adjunct al Muzeului \u00een 1973. A fost momentul \u00een care a putut s\u0103 \u00eenceap\u0103 realizarea visului s\u0103u, acela de a constitui o colec\u0163ie de flori de min\u0103. Colec\u0163ia a crescut \u00een fiecare an, cu toate c\u0103 nu a existat un sediu adecvat pentru ea. Abia \u00een 1988 Muzeului i-a fost repartizat\u0103 o cl\u0103dire care avea ini\u0163ial o alt\u0103 destina\u0163ie \u015fi care ar fi trebuit s\u0103 g\u0103zduiasc\u0103 o expozi\u0163ie dedicat\u0103 dictaturii ceau\u015fiste (o expozi\u0163ia \u201eomagial\u00e3\u201c, cum se spunea pe atunci). Din fericire istoria a luat-o pu\u0163in \u00eenainte, iar expozi\u0163ia pentru \u201eEpoca de Aur\u201c nu a mai fost realizat\u0103. \u00cen schimb, cl\u0103direa a fost utilizat\u0103 pentru a ad\u0103posti colec\u0163ia de mineralogie, care, oricum, nu prea mai avea loc nic\u0103ieri.<br \/>\nMuzeul de Mineralogie s-a \u00eenfiin\u0163at ca institu\u0163ie de sine-st\u0103t\u0103toare abia \u00een 1993. \u00cen mod firesc, Victor Gorduza a fost numit director. Colec\u0163ia de minerale a muzeului a crescut, \u00een 30 de ani, de mai mult de zece ori. Un om rafinat, cultivat, afabil, Gorduza \u015fi-a f\u0103cut rela\u0163ii \u00een lumea bun\u0103 a muzeografiei europene, lucru care a permis institu\u0163iei pe care o conducea s\u0103 organizeze nenum\u0103rate expozi\u0163ii \u00een str\u0103in\u0103tate. Practic, cei 18 ani \u00een care Victor s-a aflat la conducerea Muzeului au constituit o perioad\u0103 de permanent\u0103 dezvoltare a colec\u0163iilor, motiv pentru care \u015fi sediul institu\u0163iei a fost extins. Dincolo de expozi\u0163ii, Victor Gorduza \u015fi-a continuat activitatea de cercetare (a fost, \u00eentre altele, doctorandul lui Emil Constantinescu) \u015fi a reu\u015fit s\u0103 creasc\u0103 o genera\u0163ie \u00eentreag\u0103 de profesioni\u015fti, la el, \u00een muzeu.<br \/>\nA\u015fa cum spuneam, a fost pensionat la 68 de ani, dar nu \u015fi-a g\u0103sit lini\u015ftea, \u00een pofida dovezilor de prietenie pe care le-a primit de la mul\u0163i dintre colegii muzeografi din \u00eentreaga \u0163ar\u0103. Unii dintre ace\u015ftia, ca \u015fi al\u0163i oameni de cultur\u0103 care l-au cunoscut, au acceptat s\u0103 scrie c\u00e2teva r\u00e2nduri \u00een volumul ap\u0103rut acum sub egida Bibliotecii Jude\u0163ene \u201ePetre Dulfu\u201c, condus\u0103 de acela\u015fi neobosit Teodor Ardelean. \u00centre cei 25 de autori, trebuie s\u0103 \u00eei men\u0163ionez pe Ioan Opri\u015f, Mihai D\u0103ncu\u015f, Ion Igna, Ioan Marchi\u015f, Elisabeta Anca Fodor (actualul director al muzeului), Janeta Ciocan, Gheorghe Robescu, Viorel Ciocan, Nicolae Dicu, Lucia Pop, Mihai Musc\u0103 \u015fi Marinel Kov\u00e1cs. Cu siguran\u0163\u0103, mul\u0163i al\u0163ii nu au reu\u015fit s\u0103 afle \u00een timp util de aceast\u0103 ini\u0163iativ\u0103, pentru c\u0103, sunt convins, num\u0103rul prietenilor \u015fi colegilor care l-au pre\u0163uit a fost foarte mare.<br \/>\nVolumul este \u00eentregit de c\u00e2teva savuroase amintiri ale celui omagiat, de mai multe imagini cu flori de min\u0103, cu personalit\u0103\u0163i din Rom\u00e2nia \u015fi din str\u0103in\u0103tate vizit\u00e2nd muzeul, un interviu ceva mai vechi al lui Victor Gorduza \u015fi de un scurt documentar bio-bibliografic.<br \/>\nA\u015fa cum spuneam, ar fi fost frumos ca aceast\u0103 carte s\u0103 \u00eei fie d\u0103ruit\u0103 aniversatului, c\u00e2nd acesta se afla \u00eenc\u0103 \u00een via\u0163\u0103. Ne trezim, mai mereu, prea t\u00e2rziu ca s\u0103 ne apreciem valorile, tot a\u015fa cum nu prea reu\u015fim s\u0103 recunoa\u015ftem non-valorile care se strecoar\u0103 printre noi, dec\u00e2t dup\u0103 ce s-au \u00eendep\u0103rtat \u015fi ne afl\u0103m \u00een siguran\u0163\u0103 s\u0103 spunem, cu t\u0103rie, c\u0103 ne-am g\u00e3sit \u00een preajma unor impostori. Oricum o d\u0103m, e prea t\u00e2rziu, \u015fi pentru una, \u015fi pentru alta&#8230;<br \/>\nLa scurt\u0103 vreme dup\u0103 ce am primit \u015fi eu volumul dedicat lui Victor Gorduza, volum la care am contribuit dup\u0103 puterile mele, m-am aflat \u00een juriul Salonului Na\u0163ional de Restaurare organizat, pentru a zecea oar\u0103, la Craiova, de Muzeul Olteniei, aflat sub conducerea directorului Florin Ridiche. Evident, sufletul organiz\u0103rii evenimentului r\u0103m\u00e2ne acela\u015fi remarcabil restaurator \u015fi conservator, \u015eu\u0163u B\u0103rbulescu. Am fost \u00eenc\u00e2ntat s\u0103 v\u0103d, \u00eenc\u0103 o dat\u0103, c\u0103 cei premia\u0163i s-au bucurat nu doar s\u0103 primeasc\u0103 ni\u015fte diplome, pe care s\u0103 le \u00eenr\u0103meze \u015fi s\u0103 le afi\u015feze \u00een laboratoarele lor, ci \u015fi ni\u015fte plicuri cu bani. Pentru ni\u015fte oameni care lucreaz\u0103 pentru salarii aflate la limita de jos a decen\u0163ei, sumele primite \u00eenseamn\u0103 un sprijin real; dar mai \u00eenseamn\u0103 ceva: con\u015ftiin\u0163a faptului c\u0103 munca lor este apreciat\u0103 de comunitatea din care fac parte \u015fi c\u0103 aceast\u0103 apreciere vine acum, \u00een timpul vie\u0163ii. Nu este vorba despre vreo numire \u00een nu \u015ftiu ce func\u0163ie, ci despre recunoa\u015fterea rezultatului unei munci f\u0103cute cu profesionalism \u015fi cu sacrificii. I-am felicitat pe cei afla\u0163i la conducerea Consiliului Jude\u0163ean Dolj pentru faptul c\u0103 au ales s\u0103 bugeteze, cu generozitate, o asemenea activitate, atunci c\u00e2nd pre\u0163uirea ar\u0103tat\u0103 oamenilor de cultur\u0103 se limiteaz\u0103 de regul\u0103 doar la multe vorbe \u015fi la foarte pu\u0163ine fapte. Cum s\u0103 facem ca acest exemplu s\u0103 fie urmat \u015fi de al\u0163i deciden\u0163i politici? \u00a0\u00a0 \u00a0n<\/p>\n<p>P. S. A\u015ftept, c\u00e2t pot de cuminte, rectificarea bugetului Ministerului Culturii, astfel \u00eenc\u00e2t Cumin\u0163enia p\u0103m\u00e2ntului s\u0103 poat\u0103 intra \u00een patrimoniul statului rom\u00e2n. Noi, rom\u00e2nii, avem mult\u0103 r\u0103bdare.<\/p>\n","protected":false},"excerpt":{"rendered":"<p>Am notat, \u00een paginile acestei reviste, cu nem\u0103rginit regret, dispari\u0163ia lui Victor Gorduza \u2013 cel care pe bun\u0103 dreptate este unanim considerat \u00eentemeietorul Muzeului de Mineralogie din Baia Mare. Nu \u015ftiu cum se face, dar, de regul\u0103, recuno\u015ftin\u0163a oamenilor apare dup\u0103 ce omul pe care \u00eel apreciem nu mai este. Poate c\u0103 a avut dreptate&hellip;&nbsp;<a href=\"https:\/\/revistacultura.ro\/nou\/aprecieri-tardive\/\" rel=\"bookmark\">Cite\u0219te mai mult &raquo;<span class=\"screen-reader-text\">Aprecieri tardive&#8230;<\/span><\/a><\/p>\n","protected":false},"author":3,"featured_media":0,"comment_status":"open","ping_status":"open","sticky":false,"template":"","format":"standard","meta":{"neve_meta_sidebar":"","neve_meta_container":"","neve_meta_enable_content_width":"","neve_meta_content_width":0,"neve_meta_title_alignment":"","neve_meta_author_avatar":"","neve_post_elements_order":"","neve_meta_disable_header":"","neve_meta_disable_footer":"","neve_meta_disable_title":"","jetpack_post_was_ever_published":false,"_jetpack_newsletter_access":"","_jetpack_dont_email_post_to_subs":false,"_jetpack_newsletter_tier_id":0,"_jetpack_memberships_contains_paywalled_content":false,"_jetpack_memberships_contains_paid_content":false,"footnotes":"","jetpack_publicize_message":"","jetpack_publicize_feature_enabled":true,"jetpack_social_post_already_shared":true,"jetpack_social_options":{"image_generator_settings":{"template":"highway","default_image_id":0,"font":"","enabled":false},"version":2}},"categories":[11237],"tags":[12388],"class_list":["post-20788","post","type-post","status-publish","format-standard","hentry","category-cultura-societate","tag-victor-gorduza"],"views":1459,"jetpack_publicize_connections":[],"jetpack_featured_media_url":"","jetpack_sharing_enabled":true,"jetpack-related-posts":[],"_links":{"self":[{"href":"https:\/\/revistacultura.ro\/nou\/wp-json\/wp\/v2\/posts\/20788","targetHints":{"allow":["GET"]}}],"collection":[{"href":"https:\/\/revistacultura.ro\/nou\/wp-json\/wp\/v2\/posts"}],"about":[{"href":"https:\/\/revistacultura.ro\/nou\/wp-json\/wp\/v2\/types\/post"}],"author":[{"embeddable":true,"href":"https:\/\/revistacultura.ro\/nou\/wp-json\/wp\/v2\/users\/3"}],"replies":[{"embeddable":true,"href":"https:\/\/revistacultura.ro\/nou\/wp-json\/wp\/v2\/comments?post=20788"}],"version-history":[{"count":0,"href":"https:\/\/revistacultura.ro\/nou\/wp-json\/wp\/v2\/posts\/20788\/revisions"}],"wp:attachment":[{"href":"https:\/\/revistacultura.ro\/nou\/wp-json\/wp\/v2\/media?parent=20788"}],"wp:term":[{"taxonomy":"category","embeddable":true,"href":"https:\/\/revistacultura.ro\/nou\/wp-json\/wp\/v2\/categories?post=20788"},{"taxonomy":"post_tag","embeddable":true,"href":"https:\/\/revistacultura.ro\/nou\/wp-json\/wp\/v2\/tags?post=20788"}],"curies":[{"name":"wp","href":"https:\/\/api.w.org\/{rel}","templated":true}]}}