{"id":20329,"date":"2014-08-13T11:12:50","date_gmt":"2014-08-13T09:12:50","guid":{"rendered":"http:\/\/revistacultura.ro\/nou\/?p=20329"},"modified":"2014-08-13T11:15:42","modified_gmt":"2014-08-13T09:15:42","slug":"romantismul-gotic-si-letrismul-dadaist-maia-stefana-oprea-si-matei-enric-la-galeria-colony-art","status":"publish","type":"post","link":"https:\/\/revistacultura.ro\/nou\/romantismul-gotic-si-letrismul-dadaist-maia-stefana-oprea-si-matei-enric-la-galeria-colony-art\/","title":{"rendered":"Romantismul gotic \u015fi letrismul dadaist. Maia \u015etefana Oprea \u015fi Matei Enric la galeria Colony Art"},"content":{"rendered":"<p><em><strong>Tehnici mai pu\u0163in conven\u0163ionale, suporturi experimentale, un aer bizantin \u00een care se traseaz\u0103 asprimea formelor gotice \u015fi o cruzime expresionist-abstrac\u0163ionist\u0103 a combin\u0103rii desenului cu textul. Este expozi\u0163ia \u201eNe-finisat\u201c g\u0103zduit\u0103 de galeria Colony Art \u015fi semnat\u0103 de tinerii arti\u015fti Maia \u015etefana Oprea \u015fi Matei Enric \u015fi curatoriat\u0103 de Raluca B\u0103loiu. <\/strong><\/em><br \/>\n<em><strong>Cunoscut pentru lucr\u0103rile sale neo-gotice, realizate adeseori pe panouri de lemn, Matei Enric propune o rediscutare a canonului bizantin \u015fi a \u201eprototipului\u201c prin transgresarea bizarului \u015fi a misticului vechi \u00eentr-un fantasy modern. Liniile sunt grave \u015fi sofisticate, de\u015fi emergente grotescului, iar story-ul pare s\u0103 fie despre miraculosul unor timpuri vechi, adus aproape, \u00een cotidian. Maia \u015etefana Oprea lucreaz\u0103 cu un imaginar mult mai actual pe care \u00eel \u015fi trateaz\u0103 ca atare, cre\u00e2nd un context postmodernist pentru acesta. Folose\u015fte creion, c\u0103rbune, tu\u015f, acuarel\u0103, acrilic, cear\u0103 \u015fi r\u00e3\u015fini, \u00een combina\u0163ii care se opresc abia dup\u0103 includerea manipul\u0103rii digitale.<\/strong> <\/em><\/p>\n<p><a href=\"http:\/\/revistacultura.ro\/nou\/wp-content\/uploads\/2014\/08\/MAIA-STEFANA-OPREA.jpg\"><img loading=\"lazy\" decoding=\"async\" class=\"aligncenter size-full wp-image-20334\" src=\"http:\/\/revistacultura.ro\/nou\/wp-content\/uploads\/2014\/08\/MAIA-STEFANA-OPREA.jpg\" alt=\"MAIA-STEFANA-OPREA\" width=\"600\" height=\"419\" srcset=\"https:\/\/revistacultura.ro\/nou\/wp-content\/uploads\/2014\/08\/MAIA-STEFANA-OPREA.jpg 600w, https:\/\/revistacultura.ro\/nou\/wp-content\/uploads\/2014\/08\/MAIA-STEFANA-OPREA-300x209.jpg 300w, https:\/\/revistacultura.ro\/nou\/wp-content\/uploads\/2014\/08\/MAIA-STEFANA-OPREA-448x312.jpg 448w, https:\/\/revistacultura.ro\/nou\/wp-content\/uploads\/2014\/08\/MAIA-STEFANA-OPREA-200x139.jpg 200w\" sizes=\"auto, (max-width: 600px) 100vw, 600px\" \/><\/a><\/p>\n<p>Maia \u015etefana Oprea, Dusk, tehnica mixt\u0103 pe h\u00e2rtie,\u00a0100 x 70 cm, 2013, (c) <span style=\"text-decoration: underline; color: #000080;\"><a href=\"http:\/\/maia-fine-art.com\/\" target=\"_blank\"><span style=\"color: #000080; text-decoration: underline;\">maia-fine-art.com<\/span><\/a><\/span><\/p>\n<p><strong>De la re\u0163etele clasice la manipularea digital\u0103<\/strong><br \/>\nMaia \u015etefana Oprea \u015fi-a definitivat studiile artistice \u00een SUA \u015fi \u00een Fran\u0163a. Primele expozi\u0163ii le-a avut mult \u00eenainte, la 17 ani, la Vene\u0163ia, Londra, Southampton \u015fi Liverpool. Atunci a \u015focat criticii pict\u00e2nd fetu\u015fi \u015fi ferestre. \u00cen CV-ul ei se reg\u0103sesc peste dou\u00e3zeci de expozi\u0163ii. \u201eMaia \u015etefana Oprea amalgameaz\u0103 imagini \u015fi cuvinte, \u00eentr-un context dadaist. Gesturi din copil\u0103rie sunt scoase din osuarul memoriei \u015fi transpuse \u00een realitate, sub form\u0103 de act ritualic. (\u2026) Fragmente din realitate sunt colec\u0163ionate de Maia \u015fi transgresate \u00eentr-o zon\u0103 a imaginarului, astfel \u00eenc\u00e2t imaginea devine epifanie, sinestezie, miez sincretic, substan\u0163\u0103. T\u00e2n\u0103ra artist\u0103 transform\u0103 ceea ce vede \u00eentr-o cazuistic\u0103 fenomenologic\u0103 a imaginii ce prinde via\u0163\u0103 \u00een Kinetolitografii \u015fi Postextrase.\u201c \u2013 Raluca B\u0103loiu, critic de art\u0103, despre lucr\u0103rile expuse de Maia \u015etefana Oprea.<\/p>\n<p><a href=\"http:\/\/revistacultura.ro\/nou\/wp-content\/uploads\/2014\/08\/MAIA-STEFANA-OPREA-2.jpg\"><img loading=\"lazy\" decoding=\"async\" class=\"aligncenter size-full wp-image-20331\" src=\"http:\/\/revistacultura.ro\/nou\/wp-content\/uploads\/2014\/08\/MAIA-STEFANA-OPREA-2.jpg\" alt=\"MAIA STEFANA OPREA 2\" width=\"600\" height=\"756\" srcset=\"https:\/\/revistacultura.ro\/nou\/wp-content\/uploads\/2014\/08\/MAIA-STEFANA-OPREA-2.jpg 600w, https:\/\/revistacultura.ro\/nou\/wp-content\/uploads\/2014\/08\/MAIA-STEFANA-OPREA-2-238x300.jpg 238w, https:\/\/revistacultura.ro\/nou\/wp-content\/uploads\/2014\/08\/MAIA-STEFANA-OPREA-2-448x564.jpg 448w, https:\/\/revistacultura.ro\/nou\/wp-content\/uploads\/2014\/08\/MAIA-STEFANA-OPREA-2-158x200.jpg 158w\" sizes=\"auto, (max-width: 600px) 100vw, 600px\" \/><\/a><\/p>\n<p>Maia \u015etefana Oprea, RMN, tehnica mixt\u0103 pe h\u00e2rtie, 61 x 48,5 cm, 2013 (c) <span style=\"text-decoration: underline; color: #000080;\"><a href=\"http:\/\/maiaoprea.ro\/en\/\" target=\"_blank\"><span style=\"color: #000080; text-decoration: underline;\">maiaoprea.ro<\/span><\/a><\/span><\/p>\n<p><strong>Punk art \u015fi re\u0163etarul pictorilor de icoane<\/strong><br \/>\nAnul trecut, Matei Enric a expus la Metropolis Center, la Galeria Alchemia \u015fi la Palatul Parlamentului. \u00cen 2011, lucr\u0103rile sale au fost expuse la Institutul Francez din Bucure\u015fti, la Ambasada Rom\u00e2n\u0103 din Washington \u015fi, tot \u00een SUA, la Biblioteca din Cleveland Park. Tr\u0103ie\u015fte \u015fi lucreaz\u0103 la Bucure\u015fti \u015fi este licen\u0163iat al Facult\u0103\u0163ii de Teologie Ortodox\u0103 din Bucuresti, sec\u0163ia de Art\u0103 Plastic\u0103 \u015fi Patrimoniu Cultural. \u201eMatei Enric se elibereaz\u0103 de tenta\u0163ia studiului prin gesturi picturale expresioniste \u015fi portretiz\u0103ri viscerale ale sinelui. Lucr\u0103rile lui par a fi pure incanta\u0163ii vizuale peste care se suprapun fragmente de fanzine sau imagini din sfera punk art-ului. Nu este tributar low art-ului, dar \u00eel exploreaz\u0103 ca suprafa\u0163\u0103 vizual\u0103 pentru a experimenta, pentru a se despov\u0103ra de substan\u0163a condensat\u0103 a compozi\u0163iei bine dozate, a personajelor atent studiate, a sintezei. Studiul este datul lui artistic, esen\u0163a lui creatoare, care, dac\u0103 pentru moment este destituit din func\u0163ie, va reveni, dar dup\u0103 ce va l\u0103sa suficient loc intervalului, adic\u0103 experimentului.\u201c \u2013 noua serie de lucr\u0103ri semnate de Matei Enric \u00een descrierea curatoarei Raluca B\u0103loiu.<\/p>\n<p><a href=\"http:\/\/revistacultura.ro\/nou\/wp-content\/uploads\/2014\/08\/MATEI-ENRIC.jpg\"><img loading=\"lazy\" decoding=\"async\" class=\"aligncenter size-full wp-image-20333\" src=\"http:\/\/revistacultura.ro\/nou\/wp-content\/uploads\/2014\/08\/MATEI-ENRIC.jpg\" alt=\"MATEI ENRIC\" width=\"600\" height=\"738\" srcset=\"https:\/\/revistacultura.ro\/nou\/wp-content\/uploads\/2014\/08\/MATEI-ENRIC.jpg 600w, https:\/\/revistacultura.ro\/nou\/wp-content\/uploads\/2014\/08\/MATEI-ENRIC-243x300.jpg 243w, https:\/\/revistacultura.ro\/nou\/wp-content\/uploads\/2014\/08\/MATEI-ENRIC-448x551.jpg 448w, https:\/\/revistacultura.ro\/nou\/wp-content\/uploads\/2014\/08\/MATEI-ENRIC-162x200.jpg 162w\" sizes=\"auto, (max-width: 600px) 100vw, 600px\" \/><\/a><\/p>\n<p>Matei Enric, Arca\u015ful, tempera pe lemn, 260 x 160 cm\u00a0(c)<span style=\"text-decoration: underline; color: #000080;\"> <a href=\"matei-enric.blogspot.ro\" target=\"_blank\"><span style=\"color: #000080; text-decoration: underline;\">matei-enric.blogspot.ro<\/span><\/a><\/span><\/p>\n","protected":false},"excerpt":{"rendered":"<p>Tehnici mai pu\u0163in conven\u0163ionale, suporturi experimentale, un aer bizantin \u00een care se traseaz\u0103 asprimea formelor gotice \u015fi o cruzime expresionist-abstrac\u0163ionist\u0103 a combin\u0103rii desenului cu textul. Este expozi\u0163ia \u201eNe-finisat\u201c g\u0103zduit\u0103 de galeria Colony Art \u015fi semnat\u0103 de tinerii arti\u015fti Maia \u015etefana Oprea \u015fi Matei Enric \u015fi curatoriat\u0103 de Raluca B\u0103loiu. Cunoscut pentru lucr\u0103rile sale neo-gotice, realizate&hellip;&nbsp;<a href=\"https:\/\/revistacultura.ro\/nou\/romantismul-gotic-si-letrismul-dadaist-maia-stefana-oprea-si-matei-enric-la-galeria-colony-art\/\" rel=\"bookmark\">Cite\u0219te mai mult &raquo;<span class=\"screen-reader-text\">Romantismul gotic \u015fi letrismul dadaist. Maia \u015etefana Oprea \u015fi Matei Enric la galeria Colony Art<\/span><\/a><\/p>\n","protected":false},"author":3,"featured_media":0,"comment_status":"open","ping_status":"open","sticky":false,"template":"","format":"standard","meta":{"neve_meta_sidebar":"","neve_meta_container":"","neve_meta_enable_content_width":"","neve_meta_content_width":0,"neve_meta_title_alignment":"","neve_meta_author_avatar":"","neve_post_elements_order":"","neve_meta_disable_header":"","neve_meta_disable_footer":"","neve_meta_disable_title":"","jetpack_post_was_ever_published":false,"_jetpack_newsletter_access":"","_jetpack_dont_email_post_to_subs":false,"_jetpack_newsletter_tier_id":0,"_jetpack_memberships_contains_paywalled_content":false,"_jetpack_memberships_contains_paid_content":false,"footnotes":"","jetpack_publicize_message":"","jetpack_publicize_feature_enabled":true,"jetpack_social_post_already_shared":true,"jetpack_social_options":{"image_generator_settings":{"template":"highway","default_image_id":0,"font":"","enabled":false},"version":2}},"categories":[11317],"tags":[12022,12023,12024],"class_list":["post-20329","post","type-post","status-publish","format-standard","hentry","category-cultura-vizuala","tag-galeria-colony-art","tag-maia-stefana-oprea","tag-matei-enric"],"views":6394,"jetpack_publicize_connections":[],"jetpack_featured_media_url":"","jetpack_sharing_enabled":true,"jetpack-related-posts":[],"_links":{"self":[{"href":"https:\/\/revistacultura.ro\/nou\/wp-json\/wp\/v2\/posts\/20329","targetHints":{"allow":["GET"]}}],"collection":[{"href":"https:\/\/revistacultura.ro\/nou\/wp-json\/wp\/v2\/posts"}],"about":[{"href":"https:\/\/revistacultura.ro\/nou\/wp-json\/wp\/v2\/types\/post"}],"author":[{"embeddable":true,"href":"https:\/\/revistacultura.ro\/nou\/wp-json\/wp\/v2\/users\/3"}],"replies":[{"embeddable":true,"href":"https:\/\/revistacultura.ro\/nou\/wp-json\/wp\/v2\/comments?post=20329"}],"version-history":[{"count":0,"href":"https:\/\/revistacultura.ro\/nou\/wp-json\/wp\/v2\/posts\/20329\/revisions"}],"wp:attachment":[{"href":"https:\/\/revistacultura.ro\/nou\/wp-json\/wp\/v2\/media?parent=20329"}],"wp:term":[{"taxonomy":"category","embeddable":true,"href":"https:\/\/revistacultura.ro\/nou\/wp-json\/wp\/v2\/categories?post=20329"},{"taxonomy":"post_tag","embeddable":true,"href":"https:\/\/revistacultura.ro\/nou\/wp-json\/wp\/v2\/tags?post=20329"}],"curies":[{"name":"wp","href":"https:\/\/api.w.org\/{rel}","templated":true}]}}