{"id":20122,"date":"2014-07-24T12:19:30","date_gmt":"2014-07-24T10:19:30","guid":{"rendered":"http:\/\/revistacultura.ro\/nou\/?p=20122"},"modified":"2014-07-24T12:19:30","modified_gmt":"2014-07-24T10:19:30","slug":"vama-veche-nu-mai-e-ce-a-fost-si-nici-n-a-fost-vreodata","status":"publish","type":"post","link":"https:\/\/revistacultura.ro\/nou\/vama-veche-nu-mai-e-ce-a-fost-si-nici-n-a-fost-vreodata\/","title":{"rendered":"Vama Veche nu mai e ce-a fost. \u015ei nici n-a fost vreodat\u0103"},"content":{"rendered":"<p><em><strong>Dintre toate toponimele \u015fi \u00eentreprinderile (culturale, comerciale) cu blazonul de \u201eveche\u201c la vedere una este tutelar\u0103: Vama Veche. Nu doar c\u0103 \u00eei polarizeaz\u0103 pe nonconformi\u015ftii de toate convingerile, dar a \u015fi consacrat vocabula ce mediaz\u0103 accesul la un trecut mitic, regresie psihosocial\u0103 dinaintea obstacolelor prezentului la o v\u00e2rst\u0103 idilic\u0103 \u2013 nu real\u0103, c\u00e2t fantasmat\u0103, precum scriam alt\u0103 dat\u0103.<\/strong><\/em><br \/>\nVama Veche are coordonatele paradisului pierdut. E(ra) izolat\u0103 \u00eentr-un col\u0163 al \u0163\u0103rii, e(ra) rural\u0103 \u015fi s\u0103lbatic\u0103. Acest Eden ad\u0103poste\u015fte principala colonie de nudi\u015fti a \u0163\u0103rii. R\u0103sun\u0103 de muzic\u0103 bun\u0103, veche sau alternativ\u0103.<br \/>\nDe altfel, locul a fost mereu invocat \u015fi evocat (iar uneori revocat) ca alternativ\u0103. La plajele familiste \u015fi \u201etextiliste\u201c din Mamaia, la cluburile \u015fi distrac\u0163ia \u201edin sta\u0163iuni\u201c. A\u015fa a \u015fi fost inaugurat \u2013 \u00een satul 2 Mai desc\u0103lec\u00e2nd, prin \u201948, pare-se, o m\u00e2n\u0103 de viitori marginali politic: Sergiu Al-George, Al. Paleologu, actorul Dorin Dron, Nicu Steinhardt; dar \u015fi nepersecuta\u0163i, ca Titus Popovici \u015fi Nina Cassian, muza locului \u00eencep\u00e2nd cu anii \u201950. Atunci, 2 Mai era \u201ealtceva\u201c dec\u00e2t turismul muncitoresc abia \u00eenfiripat (la \u00eenceput, mai mult propagandistic) dup\u0103 na\u0163ionalizarea litoralului \u015fi dec\u00e2t complexurile turistice \u201emoderne\u201c ce \u00eencepeau s\u0103 se \u00eenal\u0163e la cump\u0103na dintre deceniile \u015fase \u015fi \u015fapte, la Constan\u0163a, Eforie \u015f.c.l. \u00cen timp, colonia de la<br \/>\n2 Mai s-a \u00eentins spre Vama Veche, mai problematic\u0103 totu\u015fi prin pozi\u0163ia p\u0103zit\u0103 la grani\u0163\u0103. Cele dou\u0103 sate \u00eemp\u0103rt\u0103\u015feau astfel destinul antitezei boeme la turismul de mas\u0103 \u015fi al recluziunii din calea moderniz\u0103rii.<br \/>\nDup\u0103 1990 un refren celebru a devenit \u00eens\u0103, prin repeti\u0163ie, el \u00eensu\u015fi o marc\u0103 a locului, cam paradoxal\u0103: Vama Veche nu mai e ce-a fost. Nici m\u0103car c\u00e2nd campania \u201ede salvare\u201c a V\u0103mii Vechi a notat succese esen\u0163iale \u2013 pentru stoparea abuzului autorit\u0103\u0163ilor, \u00een 2003; pentru conservarea \u201ebio-cultural\u0103\u201c de atunci: salvarea de la \u201emodernizare\u201c, \u201emanelizare\u201c, de \u201ecocalari\u201c \u015fi de \u201epi\u0163i\u201c \u2013 \u00een general de \u201en\u0103vala\u201c unor categorii de turi\u015fti care nu au ce c\u0103uta aici, dar caut\u0103, pentru c\u0103 Vama face azi mod\u0103. Mul\u0163i \u201evamaio\u0163i\u201c \u015fi \u201edoimai\u015fti\u201c \u201eadev\u0103ra\u0163i\u201c v\u0103d cum cele dou\u0103 sate \u201enu mai sunt ce-au fost\u201c, tr\u0103ind drama de a le fi fost \u201eluate\u201c \u2013 cu deosebire Vama (o mutare de accent de la 2 Mai, probabil nou\u0103zecist\u0103 \u015fi dou\u0103miist\u0103). Iar asta din cauza noilor-veni\u0163i\u2026<br \/>\nNu pu\u0163in\u0103 mi-a fost mirarea s\u0103 aflu c\u0103 drama e, de fapt, mult mai veche. Deja \u00een 1975 satul 2 Mai nu mai era \u201eca alt\u0103dat\u0103\u201c, evident, sub asaltul a \u201etot mai mult\u0103 lume str\u0103in\u0103 de specificul, de \u00abspiritul\u00bb locului\u201c, cum scrie Dan Ciachir \u00een cartea de evoc\u0103ri C\u00e2nd moare o epoc\u0103 (de unde luat-am \u015fi datele fond\u0103rii). \u201eAlt\u0103dat\u0103\u201c \u00eensemna 1971, c\u00e2nd \u00eel descoperise cu entuziasm t\u00e2n\u0103rul Ciachir. Dar nici chiar \u00een \u201971 satul nu mai era ca \u201ealt\u0103dat\u0103\u201c! Pentru \u201evechii clien\u0163i ai 2 Mai-ului\u201c ceea ce el \u00eenregistra \u201ecu \u00eenc\u00e2ntare\u201c nu era dec\u00e2t \u201edecaden\u0163\u0103\u201c. Iar ace\u015ftia \u00eei c\u00e2ntau deja locului, de ceva vreme, \u201ec\u00e2ntecul de leb\u0103d\u0103\u201c.<br \/>\nPrezentul nu se compar\u0103 cu trecutul. Nici nu a avut vreo \u015fans\u0103. S\u0103 regresezi geografic la Vama Veche\/ 2 Mai e ceva, da, dar nu-i suficient. Vei afla doar urmele a \u201ece a fost\u201c, chiar dac\u0103 ai sosit \u00eenc\u0103 devreme. Suntem to\u0163i \u201enou-veni\u0163i\u201c. Av\u00e2nd, altfel, prioritate fa\u0163\u0103 de \u201eceilal\u0163i\u201c. Regresia merge mereu mai departe \u00een timp, c\u0103tre o v\u00e2rst\u0103 nealterat\u0103, de aur, \u201ela ce era odat\u0103\u201c. Regresie la infinit, imposibil\u0103 \u015fi de aceea repetitiv\u0103, spre ceea ce nu poate fi aflat niciunde \u00een realitate, dar ne este mereu \u201eluat\u201c \u015fi trebuie \u201esalvat\u201c \u00een ordinea unei istorii personale.<\/p>\n","protected":false},"excerpt":{"rendered":"<p>Dintre toate toponimele \u015fi \u00eentreprinderile (culturale, comerciale) cu blazonul de \u201eveche\u201c la vedere una este tutelar\u0103: Vama Veche. Nu doar c\u0103 \u00eei polarizeaz\u0103 pe nonconformi\u015ftii de toate convingerile, dar a \u015fi consacrat vocabula ce mediaz\u0103 accesul la un trecut mitic, regresie psihosocial\u0103 dinaintea obstacolelor prezentului la o v\u00e2rst\u0103 idilic\u0103 \u2013 nu real\u0103, c\u00e2t fantasmat\u0103, precum&hellip;&nbsp;<a href=\"https:\/\/revistacultura.ro\/nou\/vama-veche-nu-mai-e-ce-a-fost-si-nici-n-a-fost-vreodata\/\" rel=\"bookmark\">Cite\u0219te mai mult &raquo;<span class=\"screen-reader-text\">Vama Veche nu mai e ce-a fost. \u015ei nici n-a fost vreodat\u0103<\/span><\/a><\/p>\n","protected":false},"author":3,"featured_media":0,"comment_status":"open","ping_status":"open","sticky":false,"template":"","format":"standard","meta":{"neve_meta_sidebar":"","neve_meta_container":"","neve_meta_enable_content_width":"","neve_meta_content_width":0,"neve_meta_title_alignment":"","neve_meta_author_avatar":"","neve_post_elements_order":"","neve_meta_disable_header":"","neve_meta_disable_footer":"","neve_meta_disable_title":"","jetpack_post_was_ever_published":false,"_jetpack_newsletter_access":"","_jetpack_dont_email_post_to_subs":false,"_jetpack_newsletter_tier_id":0,"_jetpack_memberships_contains_paywalled_content":false,"_jetpack_memberships_contains_paid_content":false,"footnotes":"","jetpack_publicize_message":"","jetpack_publicize_feature_enabled":true,"jetpack_social_post_already_shared":true,"jetpack_social_options":{"image_generator_settings":{"template":"highway","default_image_id":0,"font":"","enabled":false},"version":2}},"categories":[11237],"tags":[],"class_list":["post-20122","post","type-post","status-publish","format-standard","hentry","category-cultura-societate"],"views":1659,"jetpack_publicize_connections":[],"jetpack_featured_media_url":"","jetpack_sharing_enabled":true,"jetpack-related-posts":[],"_links":{"self":[{"href":"https:\/\/revistacultura.ro\/nou\/wp-json\/wp\/v2\/posts\/20122","targetHints":{"allow":["GET"]}}],"collection":[{"href":"https:\/\/revistacultura.ro\/nou\/wp-json\/wp\/v2\/posts"}],"about":[{"href":"https:\/\/revistacultura.ro\/nou\/wp-json\/wp\/v2\/types\/post"}],"author":[{"embeddable":true,"href":"https:\/\/revistacultura.ro\/nou\/wp-json\/wp\/v2\/users\/3"}],"replies":[{"embeddable":true,"href":"https:\/\/revistacultura.ro\/nou\/wp-json\/wp\/v2\/comments?post=20122"}],"version-history":[{"count":0,"href":"https:\/\/revistacultura.ro\/nou\/wp-json\/wp\/v2\/posts\/20122\/revisions"}],"wp:attachment":[{"href":"https:\/\/revistacultura.ro\/nou\/wp-json\/wp\/v2\/media?parent=20122"}],"wp:term":[{"taxonomy":"category","embeddable":true,"href":"https:\/\/revistacultura.ro\/nou\/wp-json\/wp\/v2\/categories?post=20122"},{"taxonomy":"post_tag","embeddable":true,"href":"https:\/\/revistacultura.ro\/nou\/wp-json\/wp\/v2\/tags?post=20122"}],"curies":[{"name":"wp","href":"https:\/\/api.w.org\/{rel}","templated":true}]}}