{"id":19206,"date":"2014-05-29T10:39:50","date_gmt":"2014-05-29T08:39:50","guid":{"rendered":"http:\/\/revistacultura.ro\/nou\/?p=19206"},"modified":"2014-05-29T10:40:02","modified_gmt":"2014-05-29T08:40:02","slug":"ploaia-din-nou-un-personaj-indezirabil-pe-coasta-de-azur","status":"publish","type":"post","link":"https:\/\/revistacultura.ro\/nou\/ploaia-din-nou-un-personaj-indezirabil-pe-coasta-de-azur\/","title":{"rendered":"Ploaia, din nou, un personaj indezirabil pe Coasta de Azur?"},"content":{"rendered":"<p>Dup\u0103 c\u0103derile catastrofice de ap\u0103 din zilele edi\u0163iei 2013 \u015fi dup\u0103 frigul \u00eendurat, cei mai mul\u0163i dintre ziari\u015ftii \u015fi profesioni\u015ftii stabili\u0163i deja \u00een incintele festivalului se \u00eentreab\u0103 pe bun\u0103 dreptate dac\u0103 nu vom avea din nou parte de o edi\u0163ie lacustr\u0103. Nu e de mirare c\u0103 lumea st\u0103 mai mult cu ochii pe cer dec\u00e2t la afi\u015fele ce \u00eemp\u00e2nzesc localitatea mediteranean\u0103, de\u015fi de peste tot te \u00eent\u00e2mpin\u0103 portretele z\u00e2mbitoare ale nu mai pu\u0163in de \u015faptesprezece staruri interna\u0163ionale de prim\u0103 m\u00e2n\u0103. Sub privirile de deasupra ochelarilor lui Guido din Opt \u015fi jum\u0103tate de Federico Fellini, interpretat antologic de Marcello Mastroianni, trec\u0103torii de pe bulevardul din fa\u0163a Palatului Festivalului se uit\u0103 \u00een sus, la cohortele amenin\u0163\u0103toare de nori negri \u015fi grei, ca \u015fi cum ar cere \u00eendurare. Dimensiunile musonice de anul trecut ne-au f\u0103cut s\u0103 nu ne mai desp\u0103r\u0163im de umbrele. \u00cen ce ne prive\u015fte, dup\u0103 o prim\u0103var\u0103 bucure\u015ftean\u0103 \u00eembibat\u0103 cu stropi din ce \u00een ce mai reci, avem motive \u00een plus s\u0103 dorim dimine\u0163ile senine \u015fi amiezile dr\u0103g\u0103stoase de alt\u0103dat\u0103 ale Cannes-ului.<br \/>\nFestivalul, \u00een schimb, se scald\u0103 \u00eentr-un etern soare interior, eminamente mediatic, de ambian\u0163\u0103 inconfundabil\u0103, f\u0103r\u0103 a-\u015fi interzice un drept c\u00e2\u015ftigat, de mare spectacol al cinematografiei mondiale. Popula\u0163ia ora\u015fului cre\u015fte \u00een aceste zile de la 74.000 la 200.000. De aproape trei ori, ceea ce ne face s\u0103-l \u00een\u0163elegem pe noul primar, David Lisnard, c\u00e2nd se arat\u0103 indignat c\u0103 securitatea turi\u015ftilor, dar nu numai a lor, a fost l\u0103sat\u0103 pe m\u00e2na municipalit\u0103\u0163ii, implor\u00e2nd sprijinul tradi\u0163ional al ministrului de interne. Dincolo de m\u0103rimea fondurilor alocate, se men\u0163ine avertizarea cu privire la apari\u0163ia ho\u0163ilor de tot felul.<br \/>\nProgramul festivalului merge, ca un arm\u0103sar n\u0103r\u0103va\u015f, dar bine strunit, c\u00e2nd la galop, c\u00e2nd \u00eentr-o spumoas\u0103 demonstra\u0163ie de echita\u0163ie. Fiind vorba de prima s\u0103pt\u0103m\u00e2n\u0103, asupra c\u0103reia fac referire \u00een aceast\u0103 coresponden\u0163\u0103, e de remarcat \u2013 p\u00e2n\u0103 la \u015focul primelor filme \u2013, zarva selec\u0163iei, ca \u015fi ambian\u0163a mediatic\u0103.<br \/>\nAu fost unele zvonuri legate, de pild\u0103, de aducerea \u00een festival a filmului lui Abel Ferrara Welcome to New York, inspirat din afacerea DSK. Rolul lui Dominique Strauss-Kahn, fic\u0163ional vorbind, i-a fost \u00eencredin\u0163at lui G\u00e9rard Depardieu, \u00een personajul so\u0163iei acestuia juc\u00e2nd o remarcabil\u0103 actri\u0163\u0103, Jacqueline Bisset. Prima op\u0163iune fusese Isabelle Adjani. S-a lansat \u015fi un promo, dar filmul nu poate ajunge la Cannes \u00een primul r\u00e2nd pentru c\u0103, spre a evita piratarea, produc\u0103torii \u00eel distribuie \u00een formula VOD, ceea ce \u00eenseamn\u0103 video la cerere. Ca s\u0103 se evite perioada de patru luni de programare \u00een s\u0103li \u2013 abia dup\u0103 care ar fi avut dreptul s\u0103 se v\u00e2nd\u0103 \u00een casete \u2013, solu\u0163ia g\u0103sit\u0103 a fost s\u0103 nu se fac\u0103 acest pas, cu risul de a nu fi promovat nici la Cannes. Este o explica\u0163ie. Totu\u015fi s-a luat hot\u0103r\u00e2rea de a fi prezentat \u00een cadrul T\u00e2rgului de filme, \u00eentr-o unic\u0103 proiec\u0163ie, evident evenimen\u0163ial\u0103. Apoi, contra \u015fapte euro ar putea fi comandat \u015fi pe internet.<br \/>\nPoate c\u0103 nu era de ici, de colo angrenajul mediatic st\u00e2rnit de un asemenea film. \u015ei nici intrarea \u00een festival a controversatului G\u00e9rard Depardieu, care va veni totu\u015fi la festival \u00een cadrul promov\u0103rii unui film despre Cupa Mondial\u0103 de fotbal. Marelui actor i s-au pus tot felul de \u00eentreb\u0103ri legate de film, dar \u015fi de via\u0163a lui de ve\u015fnic c\u0103l\u0103tor. Pune punctul pe i c\u00e2nd afirm\u0103 c\u0103 l-a preocupat drama tracas\u0103rii traversat\u0103 de personajul s\u0103u. Despre a\u015fa-zisul prototip nu a vrut s\u0103 \u015ftie prea multe, \u00eentruc\u00e2t, cu complexul c\u0103 a p\u0103r\u0103sit \u015fcoala la treisprezece ani, de care s-a vindecat abia pe la cincizeci \u015fi cinci, nu a g\u0103sit util s\u0103 aprofundeze datele scenariului, ca s\u0103 nu-\u015fi \u00eencarce memoria cu am\u0103nunte. Am sim\u0163it o anumit\u0103 urm\u0103 de triste\u0163e \u00een afirma\u0163ia potrivit c\u0103reia foyerul lui, am zice acas\u0103 a lui, e acolo unde simte c\u0103 oamenii \u00eel iubesc. Nu cred, nicicum, c\u0103 nu este \u00eenc\u0103 iubit \u00een Fran\u0163a, unde pl\u0103te\u015fte taxele pentru cei nou\u0103zeci \u015fi doi de angaja\u0163i. \u015eapte luni pe an se afl\u0103, \u00eens\u0103, \u00een afara \u0163\u0103rii natale. Poate fi \u00eent\u00e2lnit la Saransk, unde are o societate de cinema \u015fi video, la Moscova, ca prieten al lui Putin, ceea ce produce unele suspiciuni, dar \u015fi \u00een Belgia \u015fi Italia. Nu pot s\u0103 nu-mi aduc aminte acei ani frenetici ai Cannes-lui c\u00e2nd venea la Mediteran\u0103, ca amic al lui Jacques Chirac, pre\u015fedintele \u00eensu\u015fi oferindu-\u015fi un r\u0103gaz, poate la Martinez, poate \u00een alt\u0103 loc secret, departe de ochii lumii. Ca un revelator sociologic, festivalul vine s\u0103 arate de fiecare dat\u0103 imaginea emblematic\u0103, dar nu mai pu\u0163in \u015fi de-cadrajul produs de trecerea timpului.<br \/>\nM\u0103 g\u00e2ndesc la gestul de amfitrion generos al unui vizionar mereu \u00een serviciul Cannes-ului. Arpanteurul, topograful, \u015fi-a pus din nou \u00een mi\u015fcare imagina\u0163ia, a\u015fa \u00eenc\u00e2t compasul s\u0103u prefigureaz\u0103 un nou perimetru. Gilles Jacob, venerabil Delegat General \u015fi Pre\u015fedinte al Festivalului, se va instala \u00eentr-o postur\u0103 onorific\u0103 de la edi\u0163ia 2015. Deocamdat\u0103, \u00eens\u0103, cultiv\u0103, sus\u0163ine, promoveaz\u0103 ideea construirii unui nou edificiu pentru festival. \u00cencepem, deja, s\u0103 ne \u00eentreb\u0103m: cum va ar\u0103ta, unde va fi plasat, ce arhitectur\u0103 i se preconizeaz\u0103, ce fel de facilit\u0103\u0163i? Colegialitatea sa exemplar\u0103, generozitatea, distan\u0163a suveran\u0103, dar plin\u0103 de modestie, vor contribui \u00een asocierea cu viitorul pre\u015fedinte, Pierre Lescure, a\u015fa \u00eenc\u00e2t Festivalul s\u0103 fie ceea ce dintotdeauna a fost, o capital\u0103 interna\u0163ional\u0103 a lumii cinematografice. Poate chiar cu mult mai mult, o con\u015ftiin\u0163\u0103 a erei digitale ce se prefigureaz\u0103.<br \/>\nNu-l pot exclude din noua ecua\u0163ie de la v\u00e2rful Cannes-ului pe cel mai activ dintre promotorii s\u0103i principali din toat\u0103 istoria festivalului \u2013 Thierry Fr\u00e9maux. Mereu l-am invidiat, \u015fi asta pentru c\u0103 v\u0103d \u00een domnia sa un critic capabil s\u0103 se implice. D\u00e2nd Cezarului ceea ce i se cuvine, s\u0103-i recuno\u015ftem capacitatea nu doar organizatoric\u0103, ci \u015fi, \u00een primul \u015fi \u00een primul r\u00e2nd, imagina\u0163ia teoretic\u0103 \u015fi estetic\u0103 a construirii spa\u0163iilor poten\u0163iale ale reflec\u0163iei filmologice in actu la scar\u0103 mondial\u0103. C\u00e2ndva va trebui s\u0103-i fie medaliate (palmdorizate) capacit\u0103\u0163ile remarcabile, menite a ve\u015fteji fire\u015ftile invidii ale bran\u015fei, nu spre a se retrage \u00eentr-o sinecur\u0103, ci, cu siguran\u0163\u0103, prelu\u00e2nd modelul lui Gilles Jacob, pentru a conferi o alt\u0103 dimensiune ideii de cinema.<br \/>\nCannes-ul a trecut lejer \u015fi \u00een acest an peste rumoarea inevitabil\u0103 prilejuit\u0103 de filmul de deschidere. Condeiele mai ascu\u0163ite au \u00een\u0163epat amintirea prin\u0163esei Grace. De\u015fi filmul preia doar sugestia unui bioptic, f\u0103r\u0103 a calchia biografia real\u0103, unii \u015fi-au adus aminte de libidoul personajului, ca \u015fi de nelipsitul martini-dry ori de prietenia cu miliardarul Onassis. Toate acestea par s\u0103 se fi stins \u00een privirea de o mobilitate tot mai redus\u0103 parc\u0103 a interpretei Nicole Kidman, unde urmele bisturiului \u015fi ale Botox-ului sunt imprimate ca un artificiu. Dincolo de toate acestea, Nicole Kidman este o floare rar\u0103, o bijuterie, oriunde apare.<br \/>\nPe ultima sut\u0103 de metri a fost convocat Quentin Tarantino, nu neap\u0103rat spre a \u00eenso\u0163i proiec\u0163ia filmului s\u0103u Pulp Fiction, c\u00e2ndva palmdorizat, c\u00e2t mai ales spre a da str\u0103lucire momentului final al devoal\u0103rii palmaresului. A fost \u015fi ocazia de a prefa\u0163a \u2013 ca discipol al celebrului Sergio Leone \u2013, filmul maestrului, titlu born\u0103 al westernului-spaghetti, Pentru un pumn de dolari (1964), ca \u015fi prilejul de a marca trecerea unei jum\u0103t\u0103\u0163i de veac de la premier\u0103, paraf\u00e2nd astfel estetica unui subgen eminamente italian.<br \/>\nLa sec\u0163iunea Hors Comp\u00e9tition, o revedere cu Radu Mih\u0103ileanu, de aceast\u0103 dat\u0103 ca produc\u0103tor al unui documentar menit s\u0103 atrag\u0103 interesul. Titlul acestuia, Caricaturi\u015ftii \u2013 infanteri\u015ftii democra\u0163iei, pare a spune totul despre arma umorului, aici ilustrat prin grafica a doisprezece \u201einfanteri\u015fti\u201c cu condeiul \u00een m\u00e2n\u0103 (nu la picior), aduna\u0163i de prin toate continentele. Filmul este semnat de regizoarea St\u00e9phanie Valloatto, dar se simte, desigur, amprenta dirijorului principal, Radu Mih\u0103ileanu fiind \u015fi ini\u0163iatorul proiectului. \u00cen dosarul de pres\u0103 al noii produc\u0163ii sunt \u00eencondeia\u0163i patru dintre oamenii de stat de ieri-alalt\u0103ieri, dar \u015fi de azi: Putin, G.W. Bush, Sarkozy, Hollande.<br \/>\nSe prefigureaz\u0103 reorientarea c\u0103tre condi\u0163ia \u015fi responsabilitatea de produc\u0103tor. Iat\u0103, \u00eenainte cu c\u00e2teva minute de a trimite coresponden\u0163a, aflu c\u0103 va fi prezent\u0103, \u00een prima s\u00e2mb\u0103t\u0103 a festivalului, \u015fi actri\u0163a Salma Hayek, pentru a \u00eenso\u0163i echipa unui film de anima\u0163ie produs de ea \u00eens\u0103\u015fi.<br \/>\nPrea devreme s\u0103 exprim\u0103m o preferin\u0163\u0103 \u015fi cu at\u00e2t mai devreme spre a contura vreo concluzie relevant\u0103, vom remarca preocuparea pentru filmele biografice. Sunt evocate trei personalit\u0103\u0163i: Grace de Monaco, Yves Saint Laurent, Turner. Asupra acestuia din urm\u0103, britanicul Mike Leigh ne-a propus, \u00een Mr. Turner, o viziune concentrat\u0103, un portret al ultimului sfert de secol din existen\u0163a pictorului, disp\u0103rut la \u015faptezeci \u015fi cinci de ani. Cineastul exprim\u0103 gentile\u0163ea unui monstru, rusticitatea unui imaterialist aproape fantast, pe c\u00e2t de teluric \u015fi de supranatural, pe at\u00e2t de poetic, dar \u015fi de carnal. Trebuie subliniat\u0103 obsesia cinea\u015ftilor legat\u0103 de via\u0163a pictorilor. Lista biopicului picturalist se umple cu un nume nou, dup\u0103 filmele consacrate lui Caravaggio, Van Gogh, Renoir, Toulouse-Lautrec.<br \/>\nFestivitatea palmaresului este devansat\u0103 \u00eentr-o s\u00e2mb\u0103t\u0103, lucru nou \u00een programarea etapelor. Aceasta face ca ultima zi, duminica, s\u0103 fie rezervat\u0103 revizion\u0103rilor, iar seara, proiec\u0163iei de gal\u0103 a filmului \u00eencununat cu Palme d\u2019Or.<br \/>\nRevin la teama de ploaie cu care am \u00eenceput aceste r\u00e2nduri. Se pare c\u0103 am\u0103girea unor zile \u00eensorite este contrazis\u0103 de pronosticul finalului. Se estimeaz\u0103 revenirea norilor furibunzi. A\u015fa c\u0103 s-ar putea s\u0103 avem din nou un palmares intrat la ap\u0103 sau (a)dus cu pluta. \u00a0\u00a0 \u00a0n<\/p>\n","protected":false},"excerpt":{"rendered":"<p>Dup\u0103 c\u0103derile catastrofice de ap\u0103 din zilele edi\u0163iei 2013 \u015fi dup\u0103 frigul \u00eendurat, cei mai mul\u0163i dintre ziari\u015ftii \u015fi profesioni\u015ftii stabili\u0163i deja \u00een incintele festivalului se \u00eentreab\u0103 pe bun\u0103 dreptate dac\u0103 nu vom avea din nou parte de o edi\u0163ie lacustr\u0103. Nu e de mirare c\u0103 lumea st\u0103 mai mult cu ochii pe cer dec\u00e2t&hellip;&nbsp;<a href=\"https:\/\/revistacultura.ro\/nou\/ploaia-din-nou-un-personaj-indezirabil-pe-coasta-de-azur\/\" rel=\"bookmark\">Cite\u0219te mai mult &raquo;<span class=\"screen-reader-text\">Ploaia, din nou, un personaj indezirabil pe Coasta de Azur?<\/span><\/a><\/p>\n","protected":false},"author":3,"featured_media":0,"comment_status":"open","ping_status":"open","sticky":false,"template":"","format":"standard","meta":{"neve_meta_sidebar":"","neve_meta_container":"","neve_meta_enable_content_width":"","neve_meta_content_width":0,"neve_meta_title_alignment":"","neve_meta_author_avatar":"","neve_post_elements_order":"","neve_meta_disable_header":"","neve_meta_disable_footer":"","neve_meta_disable_title":"","jetpack_post_was_ever_published":false,"_jetpack_newsletter_access":"","_jetpack_dont_email_post_to_subs":false,"_jetpack_newsletter_tier_id":0,"_jetpack_memberships_contains_paywalled_content":false,"_jetpack_memberships_contains_paid_content":false,"footnotes":"","jetpack_publicize_message":"","jetpack_publicize_feature_enabled":true,"jetpack_social_post_already_shared":false,"jetpack_social_options":{"image_generator_settings":{"template":"highway","default_image_id":0,"font":"","enabled":false},"version":2}},"categories":[66],"tags":[2328,11352],"class_list":["post-19206","post","type-post","status-publish","format-standard","hentry","category-arte-media","tag-cannes","tag-festival-cannes-2014"],"views":943,"jetpack_publicize_connections":[],"jetpack_featured_media_url":"","jetpack_sharing_enabled":true,"jetpack-related-posts":[],"_links":{"self":[{"href":"https:\/\/revistacultura.ro\/nou\/wp-json\/wp\/v2\/posts\/19206","targetHints":{"allow":["GET"]}}],"collection":[{"href":"https:\/\/revistacultura.ro\/nou\/wp-json\/wp\/v2\/posts"}],"about":[{"href":"https:\/\/revistacultura.ro\/nou\/wp-json\/wp\/v2\/types\/post"}],"author":[{"embeddable":true,"href":"https:\/\/revistacultura.ro\/nou\/wp-json\/wp\/v2\/users\/3"}],"replies":[{"embeddable":true,"href":"https:\/\/revistacultura.ro\/nou\/wp-json\/wp\/v2\/comments?post=19206"}],"version-history":[{"count":0,"href":"https:\/\/revistacultura.ro\/nou\/wp-json\/wp\/v2\/posts\/19206\/revisions"}],"wp:attachment":[{"href":"https:\/\/revistacultura.ro\/nou\/wp-json\/wp\/v2\/media?parent=19206"}],"wp:term":[{"taxonomy":"category","embeddable":true,"href":"https:\/\/revistacultura.ro\/nou\/wp-json\/wp\/v2\/categories?post=19206"},{"taxonomy":"post_tag","embeddable":true,"href":"https:\/\/revistacultura.ro\/nou\/wp-json\/wp\/v2\/tags?post=19206"}],"curies":[{"name":"wp","href":"https:\/\/api.w.org\/{rel}","templated":true}]}}