{"id":18964,"date":"2014-05-15T13:49:16","date_gmt":"2014-05-15T11:49:16","guid":{"rendered":"http:\/\/revistacultura.ro\/nou\/?p=18964"},"modified":"2014-05-15T13:49:16","modified_gmt":"2014-05-15T11:49:16","slug":"va-veni-sau-nu-jean-luc-godard-la-cannes-avanpremiera-marelui-eveniment-cinematografic-al-lunii-mai","status":"publish","type":"post","link":"https:\/\/revistacultura.ro\/nou\/va-veni-sau-nu-jean-luc-godard-la-cannes-avanpremiera-marelui-eveniment-cinematografic-al-lunii-mai\/","title":{"rendered":"Va veni sau nu Jean-Luc Godard la Cannes? Avanpremiera marelui eveniment cinematografic al lunii mai"},"content":{"rendered":"<p><em><strong>\u00centrebarea ar putea fi luat\u0103 cu o anumit\u0103 circumspec\u0163ie, pe c\u00e2t de retoric\u0103, pe at\u00e2t de derutant\u0103. M\u0103 g\u00e2ndesc la presupunerea celor care pun incertitudinea de mai sus pe felul de a fi, capricios, al marelui contestatar al Noului Val, r\u0103mas neschimbat \u015fi la 83 de ani. Voind s\u0103 dea un r\u0103spuns la o asemenea curiozitate \u2013 insistent\u0103, dar evident pe deplin justificat\u0103 \u2013, Thierry Fr\u00e9maux \u00eencerca s\u0103 contureze o asigurare protocolar\u0103, venind din partea celui mai autorizat om \u00een materie de organizare a festivalului. Realizatorul a promis, preciza delegatul general la conferin\u0163a de pres\u0103 parizian\u0103 din 17 aprilie 2014, c\u00e2nd s-a anun\u0163at lista lungmetrajelor concurente la Palme d\u2019Or. Dar, ad\u0103uga el, cu un sur\u00e2s \u00een col\u0163ul buzelor: \u201eC\u00e2nd e vorba de Jean-Luc, aceasta nu \u00eenseamn\u0103 nimic\u201c.<\/strong> <\/em><br \/>\nOmul \u015fi opera fac un tot \u00een cazul lui Godard. Autorul este asemenea filmelor sale: circumspect, iconoclast, imprevizibil, preocupat de esen\u0163e, \u015fi nu de aparen\u0163a monden\u0103 a lucrurilor. Apoi, trecutul lui, de oriunde l-am privi, arat\u0103 c\u0103 este o personalitate cu care nu te po\u0163i juca, de\u015fi, pentru el, jocul cu estetica \u015fi istoria filmului universal reprezint\u0103 o regul\u0103 de crea\u0163ie. \u00cel putem evoca \u00eentr-o serie de ipostaze mai mult dec\u00e2t concludente. Desigur, cinefilii au \u00eenc\u0103 \u00een memorie imaginea regizorului ag\u0103\u0163at de cortina festivalului \u00een 1968, c\u00e2nd edi\u0163ia a fost \u00eentr-adev\u0103r blocat\u0103 de furia tinerilor, revolta\u0163i, \u00eentre altele, de faptul c\u0103 Henri Langlois fusese alungat din fruntea Cinematecii Franceze. Apropiindu-ne \u00een timp, s\u0103 men\u0163ion\u0103m c\u0103 promisese o participare la festival \u015fi \u00een 2010, cu ocazia proiect\u0103rii ultimului s\u0103u titlu de atunci, Film Socialisme, inclus \u00een sec\u0163iunea paralel\u0103 \u201eUn certain regard\u201d. De nou\u0103 ani nu mai intrase \u00een aten\u0163ia Cannes-ului, de la Eloge de l\u2019amour (2001), dar, de venit, nu a venit nici \u00een 2010. Invocase o problem\u0103 de s\u0103n\u0103tate la un picior, ceea ce a st\u00e2rnit unele \u015fu\u015foteli. Depe\u015fa scris\u0103 de m\u00e2n\u0103 pe care i-o trimisese atunci aceluia\u015fi Thierry Fr\u00e9maux ascundea mai mult\u0103 ironie dec\u00e2t orice altceva. Din cauza unor probleme de tip grec, nota el, nu voi putea fi disponibil pentru Cannes. Cu festivalul, continua pe un ton \u015fi mai acid, voi merge p\u00e2n\u0103 la moarte, dar nu voi face nici un pas mai mult.<br \/>\n<strong>Godard, un artist al ideilor <\/strong><br \/>\n<strong>de tot felul<\/strong><br \/>\n\u00cen primul r\u00e2nd ar fi de luat \u00een seam\u0103, cum sugeram, structura novatoare a discursului s\u0103u cinematografic. \u00cen ansamblu, de la debut p\u00e2n\u0103 ast\u0103zi. Nu deschid aici o parantez\u0103 din simplul fapt c\u0103 ne-ar ocupa un spa\u0163iu prea larg. Voi men\u0163iona doar c\u0103 filmul ales s\u0103-l reprezinte \u00een 2014 are el \u00eensu\u015fi un titlu ce ar trebui s\u0103 ne pun\u0103 pe g\u00e2nduri \u2013 Adieu au langage.<br \/>\nMarea \u00eentoarcere, mult a\u015fteptat\u0103 altminteri, a lui Jean-Luc se face cu un film de numai o or\u0103 \u015fi zece minute. \u015ei-a ales, ochi de elve\u0163ian, un distribuitor de clas\u0103 superinterna\u0163ional\u0103 \u2013 Wild Bunch \u2013, iar promovarea \u00een avans a avut grij\u0103 s\u0103 o calculeze \u00een datele maximei ambiguit\u0103\u0163i: un video cu o femeie m\u0103ritat\u0103, un celibatar, un c\u00e2ine migr\u00e2nd de la sat la ora\u015f. Femeia spune c\u0103 moare. Celibatarul \u00eei admir\u0103 goliciunea, iar cadrele cu plimb\u0103re\u0163ul \u015fi prea energicul exemplar canin ne \u00eemping \u00eentr-o idolatrie dubioas\u0103. Godard nu e omul care s\u0103 se sfiiasc\u0103 de prejudec\u0103\u0163i, doar c\u0103, la el, acestea se asociaz\u0103 cu inteligen\u0163a trufa\u015f\u0103. S\u0103 spui hot\u0103r\u00e2t adio limbajului, pe c\u00e2nd al\u0163ii se chinuie s\u0103 declare protocolar goodbye cinema, spre a saluta, cu suspect\u0103 precau\u0163ie, cinefilia, \u00een era tot mai f\u0103r\u00e2mi\u0163at\u0103 \u015fi mai incoerent\u0103 a digitalului, reprezint\u0103 nu doar un simplu gest de reflec\u0163ie teoretic\u0103, ci \u015fi o atitudine alarmant\u0103, dac\u0103 ne g\u00e2ndim c\u0103 vine din partea unui ilustru reprezentant al iconoclastiei cinematografice. Nu a avut, \u00eens\u0103, loc de \u00eentors, a\u015fa c\u0103 a trebuit s\u0103 se acomodeze cu mijloacele noii tehnice, proprii 3D-ului.<br \/>\nCannes-ul acestui an este v\u0103zut de unii \u015fi prin prisma diferen\u0163elor de v\u00e2rst\u0103. Celebrul Godard, aflat la al treizeci \u015fi nou\u00e3lea film, se dovede\u015fte la fel de incitant la 83 de ani, f\u0103r\u0103 a dep\u0103\u015fi ca num\u0103r de ani performan\u0163a matusalemicului portughez Manoel de Oliveira, demn sub acest aspect de Cartea Recordurilor. Godard ne las\u0103 f\u0103r\u0103 glas, \u00een vreme ce montrealezul Xavier Dolan propune, la cei 25 de ani ai s\u0103i, ceva mai temperat de ast\u0103 dat\u0103, cu mai pu\u0163in\u0103 adrenalin\u0103, filmul Mommy. De\u0163in\u0103tor, totu\u015fi, al unei impresionante filmografii (e la al cincilea film, titlul \u015fi anul). Debutase pe cont propriu, pe c\u00e2nd ne propunea un traseu al emo\u0163iei filiale \u00eentr-o variant\u0103 destul de zgomotoas\u0103. \u015eoca o lume \u00eentreag\u0103 cu Am ucis-o pe mama, programat la Quinzaine. \u00centre timp, se zice c\u0103 s-ar mai fi cumin\u0163it, doar a trecut ceva vreme de la majorat. Mai sus numitul Mommy, filmul lui de acum, \u0163ine s\u0103 sublinieze bunele rela\u0163ii cu mama, altminteri func\u0163ionar\u0103 \u00een sistemul Educa\u0163iei Na\u0163ionale Canadiene. Imberbul incorigibil de alt\u0103dat\u0103 \u0163ine s\u0103 ne asigure c\u0103 a ie\u015fit din sfera autobiograficului.<br \/>\nEdi\u0163ia 2014 are, desigur, \u015fi alte puncte de atrac\u0163ie. Vin din nou greii Cannes-ului. Nici nu \u015ftiu cu care s\u0103 \u00eencep. Ar trebui s\u0103-i men\u0163ionez, la \u00eenceput, pe Fra\u0163ii Dardenne, Jean-Pierre \u015fi Luc. Dou\u0103 zile, dou\u0103 nop\u0163i se intituleaz\u0103 noul lor film, \u015fi iat\u0103 c\u0103 nu mai este o cronic\u0103 jurnalier\u0103, ci, curiozitate cresc\u00e2nd\u0103, surpriz\u0103\u2026 Pur \u015fi simplu, un western \u00een manier\u0103 belgian\u0103. Vor bate ei recordul numeric Palme d\u2019Or spre a deveni primii de\u0163in\u0103tori de trei asemenea trofee? R\u0103sf\u0103\u0163atul de acum doi ani, Michel Hazanavicius, revine cu The Search, poveste plasat\u0103 \u00een perimetrul r\u0103zboiului din Cecenia, cu Annette Bening \u015fi B\u00e9r\u00e9nice Bejo capete de afi\u015f. Un alt francez, Olivier Assayas, o readuce la Cannes, \u00een Sils Maria, pe gra\u0163ioasa \u015fi totodat\u0103 placida Juliette Binoche, al\u0103turi de Kristen Stewart. O alt\u0103 actri\u0163\u0103 de efect, L\u00e9a Seydoux, de\u0163in\u0103toare a rolului principal din filmul premiat anul trecut cu Palme d\u2019Or, revine pe Croazet\u0103 \u00een Saint Laurent semnat de Bertrand Bonello. Revin, de asemenea, iat\u0103, cei doi canadieni aplauda\u0163i \u015fi premia\u0163i aproape de fiecare dat\u0103 la Cannes, David Cronenberg \u015fi Atom Egoyan. Nord-americanul Tommy Lee Jones are sus\u0163inerea unui produc\u0103tor \u015fi regizor cu faim\u0103 francez\u0103 \u015fi interna\u0163ional\u0103 \u2013 Luc Besson. Sunt din nou prezen\u0163i cei doi cinea\u015fti englezi de clas\u0103 \u015fi de cas\u0103 cannez\u0103: Mike Leigh \u015fi Ken Loach.<br \/>\nLista e mai lung\u0103 \u015fi, ca de obicei, \u00een cre\u015ftere sau, cine \u015ftie, doar \u00een a\u015fteptare. S-a vorbit despre 17 filme, dar se pare c\u0103 num\u0103rul lor va cre\u015fte p\u00e2n\u0103 spre 19, de\u015fi, la recenta anun\u0163are a completului de jura\u0163i, s-a precizat un num\u0103r de 18 titluri. Reg\u0103sim pe afi\u015f un african cu nume, Abderrahmane Sissako, dar \u015fi un rus, Andrei Zviaghin\u0163ev.<br \/>\n<strong>Nici un rom\u00e2n, din p\u0103cate, \u00een aceast\u0103 principal\u0103 sec\u0163iune<\/strong><br \/>\nLa capitolul proiec\u0163iilor speciale, \u00eel \u00eent\u00e2lnim pe Cristi Puiu \u00een cadrul unui proiect colectiv, sub titlul Podurile din Sarajevo. Grupajul vine s\u0103 marcheze trecerea unui secol de la declan\u015farea Primului R\u0103zboi Mondial. Patronajul ini\u0163iativei este asigurat de criticul Jean-Michel Frodon. Puiu a realizat filmul la Bucure\u015fti, cu Valeria Seciu \u015fi Marian R\u00e2lea. \u00centr-un interior \u015fi \u00een limba rom\u00e2n\u0103, pornind de la cartea lui Hermann Keyserling Das Spektrum Europas. Cunoscutului nostru cineast \u00eei stau al\u0103turi mai multe nume de referen\u0163\u0103, din genera\u0163ii \u015fi spa\u0163ii diferite, de la Jean-Luc Godard la Serghei Lozni\u0163a \u015fi Ursula Meier. La aceea\u015fi sec\u0163iune Sergei Lozni\u0163a ne va prezenta dou\u0103 ore din evenimentele evocate \u00eenc\u0103 din titlu \u2013 Maidan.<br \/>\nLa \u201eQuinzaine des r\u00e9alisateurs\u201d, din nou Radu Jude. Dup\u0103 O umbr\u0103 de nor, vom vedea Trece \u015fi prin zid, o adaptare dup\u0103 povestirea lui A. P. Cehov \u00cen magazie. Re\u00eent\u00e2lnirea cu foarte talentata Sofia Nicolaescu, feti\u0163a din Toat\u0103 lumea din familia noastr\u0103, poate fi un punct de interes, dincolo de surprizele pe care Radu Jude ni le ofer\u0103 de fiecare dat\u0103.<br \/>\nNu st\u0103m prea bine \u00een acest an, dar la Short Film Corner se pare c\u0103 selec\u0163ia este cea mai omogen\u0103 valoric din ultimii ani. O reg\u0103sim pe foarte speciala Ana Ularu \u00een L1-L5, o poveste ce evoc\u0103 urmarea unui accident.<br \/>\nDespre jurii s-a tot vorbit \u015fi scris. De mai multe luni se comenteaz\u0103 instalarea australiencei Jane Campion \u00een fruntea juriului pentru Palme d\u2019Or. Pe c\u00e2nd scriu aceste r\u00e2nduri, tocmai \u00eemi parvine lista complet\u0103 a juriului principal. Nu sunt celebrit\u0103\u0163ile de la alte edi\u0163ii, de aceea nici nu voi extinde aici comentariul. O majoritate feminin\u0103: five women; four men. O revenire de vis. Fragila de acum mai bine de un deceniu, Carole Bouquet, se \u00eentoarce dup\u0103 o bogat\u0103 experien\u0163\u0103 de via\u0163\u0103. Va fi vecin\u0103 de fotoliu cu mult mai t\u00e2n\u0103ra Sofia Coppola. La b\u0103rba\u0163i cap de serie este Willem Dafoe. Regizoarea \u015fi actri\u0163a Nicole Garcia va prezida conclavul care va acorda Camera d\u2019Or.<br \/>\nParc\u0103 nici la Hors Competition nu mai sunt marile atrac\u0163ii de odinioar\u0103. Doar dou\u0103 titluri, dintre care m\u0103rturisesc c\u0103 am v\u0103zut Gui Lai (Coming Home), semnat de Zhang Yimou, at\u00e2t de apreciatul autor al unor produc\u0163ii chineze\u015fti de mare for\u0163\u0103 \u015fi rafinat\u0103 sensibilitate.<br \/>\nEste un gest firesc, \u00een totul meritat, celebrarea a \u015fapte decenii de la apari\u0163ia ziarului Le Monde. Cotidianul a sprijinit an de an festivalul. Suplimentul pe care l-am g\u0103sit de fiecare dat\u0103 \u00een mapa de pres\u0103 a avut valoarea unui ghid mai mult dec\u00e2t necesar pentru oricare dintre jurnali\u015ftii afla\u0163i la fa\u0163a locului.<br \/>\nLa capitolul glamour asist\u0103m la un adev\u0103rat recital. Cannes-ul are grij\u0103 s\u0103 presare ploaia de confetti peste gongul inaugural. Primul film din program \u2013 Grace de Monaco de Olivier Dahan, cu Nicole Kidman \u00een rolul titular.<br \/>\nFestivalul se deschide, a\u015fadar, ca de obicei, \u00eentr-o zi de miercuri (14 mai), \u015fi organizeaz\u0103 gala premiilor \u00eentr-o duminic\u0103, de asemenea ca de fiecare dat\u0103, acum \u00een ziua de 25 a aceleia\u015fi luni.<\/p>\n","protected":false},"excerpt":{"rendered":"<p>\u00centrebarea ar putea fi luat\u0103 cu o anumit\u0103 circumspec\u0163ie, pe c\u00e2t de retoric\u0103, pe at\u00e2t de derutant\u0103. M\u0103 g\u00e2ndesc la presupunerea celor care pun incertitudinea de mai sus pe felul de a fi, capricios, al marelui contestatar al Noului Val, r\u0103mas neschimbat \u015fi la 83 de ani. Voind s\u0103 dea un r\u0103spuns la o asemenea&hellip;&nbsp;<a href=\"https:\/\/revistacultura.ro\/nou\/va-veni-sau-nu-jean-luc-godard-la-cannes-avanpremiera-marelui-eveniment-cinematografic-al-lunii-mai\/\" rel=\"bookmark\">Cite\u0219te mai mult &raquo;<span class=\"screen-reader-text\">Va veni sau nu Jean-Luc Godard la Cannes? Avanpremiera marelui eveniment cinematografic al lunii mai<\/span><\/a><\/p>\n","protected":false},"author":3,"featured_media":0,"comment_status":"open","ping_status":"open","sticky":false,"template":"","format":"standard","meta":{"neve_meta_sidebar":"","neve_meta_container":"","neve_meta_enable_content_width":"","neve_meta_content_width":0,"neve_meta_title_alignment":"","neve_meta_author_avatar":"","neve_post_elements_order":"","neve_meta_disable_header":"","neve_meta_disable_footer":"","neve_meta_disable_title":"","jetpack_post_was_ever_published":false,"_jetpack_newsletter_access":"","_jetpack_dont_email_post_to_subs":false,"_jetpack_newsletter_tier_id":0,"_jetpack_memberships_contains_paywalled_content":false,"_jetpack_memberships_contains_paid_content":false,"footnotes":"","jetpack_publicize_message":"","jetpack_publicize_feature_enabled":true,"jetpack_social_post_already_shared":true,"jetpack_social_options":{"image_generator_settings":{"template":"highway","default_image_id":0,"font":"","enabled":false},"version":2}},"categories":[66],"tags":[2331],"class_list":["post-18964","post","type-post","status-publish","format-standard","hentry","category-arte-media","tag-festivalul-de-la-cannes"],"views":2185,"jetpack_publicize_connections":[],"jetpack_featured_media_url":"","jetpack_sharing_enabled":true,"jetpack-related-posts":[],"_links":{"self":[{"href":"https:\/\/revistacultura.ro\/nou\/wp-json\/wp\/v2\/posts\/18964","targetHints":{"allow":["GET"]}}],"collection":[{"href":"https:\/\/revistacultura.ro\/nou\/wp-json\/wp\/v2\/posts"}],"about":[{"href":"https:\/\/revistacultura.ro\/nou\/wp-json\/wp\/v2\/types\/post"}],"author":[{"embeddable":true,"href":"https:\/\/revistacultura.ro\/nou\/wp-json\/wp\/v2\/users\/3"}],"replies":[{"embeddable":true,"href":"https:\/\/revistacultura.ro\/nou\/wp-json\/wp\/v2\/comments?post=18964"}],"version-history":[{"count":0,"href":"https:\/\/revistacultura.ro\/nou\/wp-json\/wp\/v2\/posts\/18964\/revisions"}],"wp:attachment":[{"href":"https:\/\/revistacultura.ro\/nou\/wp-json\/wp\/v2\/media?parent=18964"}],"wp:term":[{"taxonomy":"category","embeddable":true,"href":"https:\/\/revistacultura.ro\/nou\/wp-json\/wp\/v2\/categories?post=18964"},{"taxonomy":"post_tag","embeddable":true,"href":"https:\/\/revistacultura.ro\/nou\/wp-json\/wp\/v2\/tags?post=18964"}],"curies":[{"name":"wp","href":"https:\/\/api.w.org\/{rel}","templated":true}]}}