{"id":18371,"date":"2014-03-27T10:50:16","date_gmt":"2014-03-27T08:50:16","guid":{"rendered":"http:\/\/revistacultura.ro\/nou\/?p=18371"},"modified":"2026-01-23T21:04:46","modified_gmt":"2026-01-23T19:04:46","slug":"ultimele-stiri-despre-eva-ana-ruxandra-ilfoveanu-in-expozitia-de-primavara-de-la-mtr","status":"publish","type":"post","link":"https:\/\/revistacultura.ro\/nou\/ultimele-stiri-despre-eva-ana-ruxandra-ilfoveanu-in-expozitia-de-primavara-de-la-mtr\/","title":{"rendered":"Ultimele \u015ftiri despre Eva.  Ana Ruxandra Ilfoveanu \u00een Expozi\u0163ia de Prim\u0103var\u0103 de la M\u0162R"},"content":{"rendered":"<p><em><strong>Eva fusese v\u0103zut\u0103 recent trec\u00e2nd prin ora\u015f. Cu un aer destul de absent, preocupat. Avea nevoie, clar, ca nimeni s\u0103 n-o deranjeze dintr-ale ei. Temerea Evei era c\u0103 ar fi putut cineva s\u0103-i cear\u0103 ceva, s\u0103 o \u00eentrebe ceva. Proste\u015fte \u015fi inoportun. Or, ea n-avea chef de asta. De nimicuri, adic\u0103. Lucrurile importante le \u015ftia, nu trebuia s\u0103 \u00eei fie semnalate, le avea deja sub control. Dintotdeauna. Controlul o epuizase oarecum, \u00eei asprise tr\u0103s\u0103turile. \u00cen plus, uite, efortul \u0103sta cu controlul duce la \u00eencovoierea spatelui \u015fi la cobor\u00e2rea s\u00e2nilor. Nici asta n-ar fi fost chiar de dorit pentru Eva, adic\u0103 s\u0103 vad\u0103 \u00een jur vreo privire critic\u0103. De aia, pentru tranzit, \u015fi-a ales sublimarea, planul superior \u015fi supradimensionarea. A\u015fa cum era, cu s\u00e2nii goi, \u00ee\u015fi pusese totu\u015fi o fust\u0103. Avea nevoie de un obiect vestimentar, marc\u0103 a renun\u0163\u0103rii, \u00eentr-o m\u0103sur\u0103, la sine \u00een favoarea imperativului social. Adic\u0103, s\u0103 ne \u00een\u0163elegem, goal\u0103, Eva ar fi fost doar pentru ea, \u00eembr\u0103cat\u0103, \u00ee\u015fi crea un eu secund pentru ceilal\u0163i.<\/strong> <\/em><\/p>\n<div><img loading=\"lazy\" decoding=\"async\" title=\"\" alt=\"Ana Ruxandra Ilfoveanu, Drumul spre paradis, Expozitia de primavaraMTR, 2014, (c)Lucian Muntean\" src=\"https:\/\/graficante.ro\/wp-content\/uploads\/2014\/03\/Ruxandra-Ilfoveanu-Drumul-spre-paradis-220x162.jpg\" width=\"220\" height=\"162\" \/> <span style=\"text-decoration: underline;\"><span style=\"color: \u00e2000080; text-decoration: underline;\">O Eva sub imperativ istoric. \u201cDrumul spre paradis\u201d, Ana Ruxandra Ilfoveanu<\/span><\/span><\/div>\n<p>Lucrarea Anei Ruxandra Ilfoveanu, Drumul spre Paradis, un tablou datat 2012, domin\u0103 energetic expozi\u0163ia de la Muzeul \u0162\u0103ranului Rom\u00e2n. Cromatic\u0103 neutr\u0103 care poten\u0163eaz\u0103 hieratismul, scar\u0103 ireal\u0103 a elementelor, cu supradimensionarea din arta veche oriental\u0103, desen puternic \u015fi particular. \u015ei, dincolo de toate acestea, o reprezentare a acestei \u201eo doamn\u0103 oarecare\u201c (cum \u00ee\u015fi nume\u015fte artista personajul, \u00een textul din lucrare) care o apropie pe Ana Ruxandra Ilfoveanu de maniera \u00een care doar Egon Schiele, la \u00eenceputul secolului trecut, mai privea personajul feminin. Acelea\u015fi multe paliere de lectur\u0103 \u015fi aceea\u015fi lumin\u0103 dur\u0103, for\u0163\u00e2nd limita franche\u0163ii.<br \/>\n<strong>Angoasa din pove\u015ftile \u201eno time, no space\u201c<\/strong><br \/>\nCompozi\u0163ia din Drumul spre Paradis este cea cu care artista lucreaz\u0103 de obicei: cheia figurativ\u0103, narativ parabolic\u0103, elementele de suprarealism \u015fi cele expresioniste. Diferen\u0163a de scar\u0103 e decisiv\u0103: ora\u015ful e mic \u015fi plasat \u00een partea de jos a compozi\u0163iei, elementul antropomorf e\u00a0 supradimensionat \u015fi st\u0103p\u00e2ne\u015fte totul. Jocul de-a finitul \u015fi infinitul se desf\u0103\u015foar\u0103 pe un fundal neutru ca un perete v\u0103ruit de biseric\u0103 veche. Personajul, la fel ca mai toate personajele pictori\u0163ei, este doar un purt\u0103tor de mesaj \u015fi de atribute caracteriale, un c\u0103r\u0103u\u015f de repere fundamentale. Co\u015ful cu legume pe care \u00eel duce e corn al abunden\u0163ei, e icon de supermarket \u015fi e contribu\u0163ia femeii-culeg\u00e3tor. F\u0103r\u0103 o identitate individual\u0103 \u015fi \u00eenc\u0103rcat cu sarcina de a rezuma, personajul acestei \u201eo doamn\u0103 oarecare care mergea g\u00e2ndindu-se\u201c devine esen\u0163\u0103 \u015fi pattern. Universul este acela\u015fi, extras de sub spectrul plas\u0103rii \u00een timp sau \u00een spa\u0163iu. A\u015fa, necantonat\u0103, povestea este expresie a unei universalit\u0103\u0163i experien\u0163iale, a unui imaginar care poate fi corelat unui \u201ec\u00e2ndva\u201c. Artista \u00eens\u0103\u015fi insist\u0103, \u00eentr-un text mai vechi de pe blogul personal, pe importan\u0163a acestui \u201ec\u00e2ndva\u201c, care \u201eare ceva din imagina\u0163ia bogat\u0103 a copilului\u201c, pe c\u00e2nd un \u201eacum\u201c ar avea \u201etriste\u0163ea v\u00e2rstei \u00een fa\u0163a ur\u00e2tului care guverneaz\u0103 adesea lumea\u201c. Capcana pe care pove\u015ftile \u201eno time, no space\u201c o \u00eentind privitorului este \u00eentrebarea dac\u0103 nu cumva, corelat unui \u201ec\u00e2ndva\u201c-\u201ecuiva\u201c, acest imaginar ar putea fi, la fel de bine, corelat unui \u201eoric\u00e2nd\u201c-\u201eoricui\u201c.<br \/>\n<strong>Pia\u0163a de mit \u015fi metafor\u0103<\/strong><br \/>\nLucr\u0103ri semnate de Ana Ruxandra Ilfoveanu se reg\u0103sesc \u00een colec\u0163ii din Rom\u00e2nia, Italia, Fran\u0163a, Statele Unite sau Norvegia. Cu peste dou\u0103zeci de expozi\u0163ii personale desf\u0103\u015furate \u00een \u0163ar\u0103, semn\u0103tura artistei este destul de bine reprezentat\u0103 \u015fi pe pia\u0163a de licita\u0163ii. Cel mai bine v\u00e2ndut tablou semnat de Ana Ruxandra Ilfoveanu este Japonezul \u015fi v\u00e2rtelni\u0163a timpului (115 x 100 cm), o lucrare \u00een vopsea acrilic\u0103 realizat\u0103 \u00een 2003, care a fost adjudecat\u0103 anul trecut la casa de licita\u0163ii Artmark, la o valoare de peste patru mii de euro. Cu \u00eenc\u0103 un an \u00eenainte, lucrarea Don Qijote (ulei pe p\u00e2nz\u0103, 85 x 70 cm) fusese \u015fi ea cump\u0103rat\u0103, \u00eentr-o licita\u0163ie a aceleia\u015fi case, cu peste dou\u0103 mii de euro. Pre\u0163ul mediu pe lucrare r\u0103m\u00e2ne totu\u015fi la un plafon moderat, de 1.300 de euro. Potrivit Indexului pie\u0163ei rom\u00e2ne\u015fti de art\u0103, cota artistei este \u00een cre\u015ftere constant\u0103 \u00eencep\u00e2nd cu anul 2010, chiar dac\u0103 randamentul anual (calculat \u00een 2013 la aproape 60%) a \u00eenregistrat fluctua\u0163ii pe parcursul intervalului.<br \/>\n\u00cen preferin\u0163ele publicului, artista se afl\u0103 pe acela\u015fi culoar cu Sorin Ilfoveanu \u015fi cu \u015etefan C\u00e2l\u0163ia. Chiar dac\u0103 pre\u0163urile pe care le \u00eenregistreaz\u0103 semn\u0103tura lui C\u00e2l\u0163ia sunt semnificativ mai mari (aproximativ dublu la pre\u0163ul mediu pe lucrare), iar lichiditatea lui Sorin Ilfoveanu este mai crescut\u0103 (treisprezece lucr\u0103ri adjudecate \u00een licita\u0163ii \u00een 2013, fa\u0163\u0103 de doar dou\u0103 ale pictori\u0163ei), statisticile arat\u0103 c\u0103 tendin\u0163a de cre\u015ftere a cotei este \u00een favoarea Anei Ruxandra Ilfoveanu: un randament anual de peste 50% fa\u0163\u0103 de unul situat aproape de zero.<\/p>\n<p><strong>Din Expozi\u0163ia de Prim\u0103var\u0103 2014, M\u0162R<\/strong><\/p>\n<div><img loading=\"lazy\" decoding=\"async\" title=\"\" alt=\"Eugen Raportoru, Peisaj Urban, Expozitia de primavara MTR, 2014\" src=\"https:\/\/graficante.ro\/wp-content\/uploads\/2014\/03\/eugen-raportoru-peisaj-urban-220x162.jpg\" width=\"220\" height=\"162\" \/> <span style=\"text-decoration: underline;\"><span style=\"color: \u00e2000080; text-decoration: underline;\">Eugen Raportoru, \u201cPeisaj urban\u201d<\/span><\/span><\/div>\n<div><a href=\"https:\/\/graficante.ro\/25\/ionut-barbu\/\" target=\"_blank\"><img loading=\"lazy\" decoding=\"async\" title=\"\" alt=\"Ionut Barbu, Waiting space resting place, Expozitia de Primavara, M\u0162R, 2014,\" src=\"https:\/\/graficante.ro\/wp-content\/uploads\/2014\/03\/ionut-barbuwaiting-space-resting-place--220x162.jpg\" width=\"220\" height=\"162\" \/> <span style=\"text-decoration: underline;\"><span style=\"color: \u00e2000080; text-decoration: underline;\">Ionu\u0163 Barbu, \u201cWaiting space, resting place\u201d<\/span><\/span><\/a><\/div>\n<div><img loading=\"lazy\" decoding=\"async\" title=\"\" alt=\"Lucian Muntean, Harti Imaginare, Expozitia de Primavara MTR, 2014, (c) Lucian Muntean\" src=\"https:\/\/graficante.ro\/wp-content\/uploads\/2014\/03\/lucian-muntean-harti-imaginare-220x162.jpg\" width=\"220\" height=\"162\" \/> <span style=\"text-decoration: underline;\"><span style=\"color: \u00e2000080; text-decoration: underline;\">Lucian Muntean. \u201cH\u0103r\u0163i imaginare\u201d<\/span><\/span><\/div>\n<div>\n<div><img loading=\"lazy\" decoding=\"async\" title=\"\" alt=\"Gabriela Culic, Singuri impreuna, Expozitia de primavara MTR, 2014, (c)Lucian Muntean\" src=\"https:\/\/graficante.ro\/wp-content\/uploads\/2014\/03\/gabriela-culic-220x162.jpg\" width=\"220\" height=\"162\" \/> <span style=\"text-decoration: underline;\"><span style=\"color: \u00e2000080; text-decoration: underline;\">Gabriela Culic, \u201cSinguri \u00eempreun\u0103\u201d<\/span><\/span><\/div>\n<\/div>\n<p>\u201eExpozi\u0163ia de Prim\u0103var\u0103 (&#8230;) nu inten\u0163ioneaz\u0103 s\u0103 provoace scandal artistic, s\u0103 lanseze curente sau s\u0103 \u00eengroape \u015fcoli de art\u0103. Ea este o sec\u0163iune lucid\u0103 \u015fi exigent\u0103 prin ceea ce constituie ast\u0103zi arta rom\u00e2neasc\u0103. Nu este o expozi\u0163ie monografic\u0103 \u015fi nici una enciclopedic\u0103. Dar, la doar a treia edi\u0163ie, a ajuns s\u0103 constituie un reper sigur pentru ceea ce \u00eenseamn\u0103 crea\u0163ia contemporan\u0103 a arti\u015ftilor din Rom\u00e2nia.\u201c \u2013<strong> Virgil \u015etefan Ni\u0163ulescu, director al Muzeului \u0162\u0103ranului Rom\u00e2n.<\/strong><\/p>\n<p>\u201eNu exist\u0103 nici o \u00eengr\u0103dire de tip stilistic sau tematic, numitorul comun fiind valoarea. (\u2026) Plasticienii participan\u0163i vor fi mereu al\u0163ii de la o edi\u0163ie la alta. \u201cPrimavara 2014\u2033 aduce \u00een aten\u0163ia publicului seniorii: Ruxandra Ilfoveanu, Mircia Dumitrescu, Mihai Marcu, Corneliu Vasilescu, Viorel M\u0103rginean, Mihai Buculei \u015fi Olga M\u0103rginean. V\u00e2rsta de mijloc propune nume acreditate precum: Rare\u015f Pantea, Cristian Tardel, Ion Achi\u0163enie, Vasile Tolan, Ioan Medru\u0163, Dumitru Cojocaru, C\u0103t\u0103lin Gean\u0103, Ion Anghel, Nicolae Stoica, Emilia Kiss, Mariea Petcu \u015fi Carmen Paraschivescu. Afla\u0163i cu 3-4 pa\u015fi f\u0103cu\u0163i pe rampa afirm\u0103rii: mai tinerii Maria R\u0103ducan, Tudor Pl\u0103ie\u015fu, Radu Dragu\u015fin, Lucian Muntean \u015fi Ioan Hohan. Perenizarea \u201cExpozi\u0163iei de Primavar\u0103\u201d depinde de dorin\u0163a plasticienilor de a participa \u015fi de apetitul publicului pentru acest eveniment.\u201d \u2013 <strong>Bogdan Breza, curatorul expozi\u0163iei.<\/strong><\/p>\n<div><a href=\"https:\/\/graficante.ro\/24\/un-salon-de-primavara-marca-mtr-uap\/\" target=\"_blank\"><img loading=\"lazy\" decoding=\"async\" title=\"\" alt=\"vernisaj Expozitia de Primavara MTR 2014, (c) Lucian Muntean\" src=\"https:\/\/graficante.ro\/wp-content\/uploads\/2014\/03\/vernisaj-MTR-2014-220x162.jpg\" width=\"220\" height=\"162\" \/> <span style=\"text-decoration: underline;\"><span style=\"color: \u00e2000080; text-decoration: underline;\">Un salon de prim\u0103var\u0103 marca M\u0162R-UAP<\/span><\/span><\/a><\/div>\n","protected":false},"excerpt":{"rendered":"<p>Eva fusese v\u0103zut\u0103 recent trec\u00e2nd prin ora\u015f. Cu un aer destul de absent, preocupat. Avea nevoie, clar, ca nimeni s\u0103 n-o deranjeze dintr-ale ei. Temerea Evei era c\u0103 ar fi putut cineva s\u0103-i cear\u0103 ceva, s\u0103 o \u00eentrebe ceva. Proste\u015fte \u015fi inoportun. Or, ea n-avea chef de asta. De nimicuri, adic\u0103. Lucrurile importante le \u015ftia,&hellip;&nbsp;<a href=\"https:\/\/revistacultura.ro\/nou\/ultimele-stiri-despre-eva-ana-ruxandra-ilfoveanu-in-expozitia-de-primavara-de-la-mtr\/\" rel=\"bookmark\">Cite\u0219te mai mult &raquo;<span class=\"screen-reader-text\">Ultimele \u015ftiri despre Eva.  Ana Ruxandra Ilfoveanu \u00een Expozi\u0163ia de Prim\u0103var\u0103 de la M\u0162R<\/span><\/a><\/p>\n","protected":false},"author":3,"featured_media":0,"comment_status":"open","ping_status":"open","sticky":false,"template":"","format":"standard","meta":{"neve_meta_sidebar":"","neve_meta_container":"","neve_meta_enable_content_width":"","neve_meta_content_width":0,"neve_meta_title_alignment":"","neve_meta_author_avatar":"","neve_post_elements_order":"","neve_meta_disable_header":"","neve_meta_disable_footer":"","neve_meta_disable_title":"","jetpack_post_was_ever_published":false,"_jetpack_newsletter_access":"","_jetpack_dont_email_post_to_subs":false,"_jetpack_newsletter_tier_id":0,"_jetpack_memberships_contains_paywalled_content":false,"_jetpack_memberships_contains_paid_content":false,"footnotes":"","jetpack_publicize_message":"","jetpack_publicize_feature_enabled":true,"jetpack_social_post_already_shared":false,"jetpack_social_options":{"image_generator_settings":{"template":"highway","default_image_id":0,"font":"","enabled":false},"version":2}},"categories":[66],"tags":[10728,10729,10797,10730,10731,10798,10799,10796,10732,10733,10795],"class_list":["post-18371","post","type-post","status-publish","format-standard","hentry","category-arte-media","tag-ana-ruxandra-ilfoveanu","tag-drumul-spre-paradis","tag-eugen-raportoru","tag-expozitia-de-rpimavara-muzeul-taranului","tag-expozitie-de-pictura-mtr","tag-gabriela-culic","tag-ionut-barbu","tag-lucian-muntean","tag-lucrari-ruxandra-ilfoveanu","tag-preturi-tablouri-ruxandra-ilfoveanu","tag-virgil-stefan-nitulescu"],"views":4026,"jetpack_publicize_connections":[],"jetpack_featured_media_url":"","jetpack_sharing_enabled":true,"jetpack-related-posts":[],"_links":{"self":[{"href":"https:\/\/revistacultura.ro\/nou\/wp-json\/wp\/v2\/posts\/18371","targetHints":{"allow":["GET"]}}],"collection":[{"href":"https:\/\/revistacultura.ro\/nou\/wp-json\/wp\/v2\/posts"}],"about":[{"href":"https:\/\/revistacultura.ro\/nou\/wp-json\/wp\/v2\/types\/post"}],"author":[{"embeddable":true,"href":"https:\/\/revistacultura.ro\/nou\/wp-json\/wp\/v2\/users\/3"}],"replies":[{"embeddable":true,"href":"https:\/\/revistacultura.ro\/nou\/wp-json\/wp\/v2\/comments?post=18371"}],"version-history":[{"count":12,"href":"https:\/\/revistacultura.ro\/nou\/wp-json\/wp\/v2\/posts\/18371\/revisions"}],"predecessor-version":[{"id":28410,"href":"https:\/\/revistacultura.ro\/nou\/wp-json\/wp\/v2\/posts\/18371\/revisions\/28410"}],"wp:attachment":[{"href":"https:\/\/revistacultura.ro\/nou\/wp-json\/wp\/v2\/media?parent=18371"}],"wp:term":[{"taxonomy":"category","embeddable":true,"href":"https:\/\/revistacultura.ro\/nou\/wp-json\/wp\/v2\/categories?post=18371"},{"taxonomy":"post_tag","embeddable":true,"href":"https:\/\/revistacultura.ro\/nou\/wp-json\/wp\/v2\/tags?post=18371"}],"curies":[{"name":"wp","href":"https:\/\/api.w.org\/{rel}","templated":true}]}}