{"id":17569,"date":"2014-01-23T16:03:58","date_gmt":"2014-01-23T14:03:58","guid":{"rendered":"http:\/\/revistacultura.ro\/nou\/?p=17569"},"modified":"2014-01-23T16:03:58","modified_gmt":"2014-01-23T14:03:58","slug":"cui-ii-mai-place-de-eminescu","status":"publish","type":"post","link":"https:\/\/revistacultura.ro\/nou\/cui-ii-mai-place-de-eminescu\/","title":{"rendered":"Cui \u00eei mai place de Eminescu?"},"content":{"rendered":"<p>De Ziua Culturii Nationale, pe Facebook apar \u00eentrebarile: cui \u00eei mai place poetul Mihai Eminescu? Cine mai are nevoie de idolul Mihai Eminescu? Chiar si faimosul articol al lui Mircea Cartarescu (denigrator? \u2013 \u00een fapt, o \u00eensiruire de citate din epoca) este citat, trunchiat: \u201eNu arata \u00een nici un fel a poet. Toti cei ce-l cunosteau din scris sunt dezamagiti c\u00e2nd \u00eel \u00eent\u00e2lnesc: \u00ab\u00cen general Eminescu era tacut, g\u00e2nditor&#8230; Figura lui cea plina si dulce de mocan respira bl\u00e2ndetea&#8230; Nimic nu te putea face sa ghicesti \u00een el pe marele poet.\u00bb \u00abEram at\u00e2t de deceptionata \u2013 scrie si Mite Kremnitz \u2013, \u00eenc\u00e2t ma durea deosebirea dintre adevaratul Eminescu si cel care traise \u00een \u00eenchipuirea mea&#8230; unde-i poezia\u00bb\u201c.<br \/>\n\u00centre timp, \u00een scoli si licee se organizeaza \u201eZiua Eminescu\u201d, iar elevii deseneaza, de zor, planse cu chipul \u201epoetului national, poetului nepereche\u201d. Chipul e, invariabil, cel din fotografia din adolescenta (nici un elev nu te crede, daca \u00eei arati fotografia lui Eminescu de la 30 de ani: spune ca-l pacalesti, acela nu-i poetul national\/Luceafarul!), si e reprezentat alaturi de o Ileana Cos\u00e2nzeana deasupra careia e scris: Veronica Micle.<br \/>\nP\u00e2na una-alta, \u00eentrebarile contestatarilor de pe Facebook par sa fi devenit la fel de cliseizate \u2013 si scoase din context \u2013 ca plansele elevilor din scoli. Ceea ce nu prea ajuta la scuturarea prafului de pe mit.<\/p>\n","protected":false},"excerpt":{"rendered":"<p>De Ziua Culturii Nationale, pe Facebook apar \u00eentrebarile: cui \u00eei mai place poetul Mihai Eminescu? Cine mai are nevoie de idolul Mihai Eminescu? Chiar si faimosul articol al lui Mircea Cartarescu (denigrator? \u2013 \u00een fapt, o \u00eensiruire de citate din epoca) este citat, trunchiat: \u201eNu arata \u00een nici un fel a poet. Toti cei ce-l&hellip;&nbsp;<a href=\"https:\/\/revistacultura.ro\/nou\/cui-ii-mai-place-de-eminescu\/\" rel=\"bookmark\">Cite\u0219te mai mult &raquo;<span class=\"screen-reader-text\">Cui \u00eei mai place de Eminescu?<\/span><\/a><\/p>\n","protected":false},"author":3,"featured_media":0,"comment_status":"open","ping_status":"open","sticky":false,"template":"","format":"standard","meta":{"neve_meta_sidebar":"","neve_meta_container":"","neve_meta_enable_content_width":"","neve_meta_content_width":0,"neve_meta_title_alignment":"","neve_meta_author_avatar":"","neve_post_elements_order":"","neve_meta_disable_header":"","neve_meta_disable_footer":"","neve_meta_disable_title":"","jetpack_post_was_ever_published":false,"_jetpack_newsletter_access":"","_jetpack_dont_email_post_to_subs":false,"_jetpack_newsletter_tier_id":0,"_jetpack_memberships_contains_paywalled_content":false,"_jetpack_memberships_contains_paid_content":false,"footnotes":"","jetpack_publicize_message":"","jetpack_publicize_feature_enabled":true,"jetpack_social_post_already_shared":false,"jetpack_social_options":{"image_generator_settings":{"template":"highway","default_image_id":0,"font":"","enabled":false},"version":2}},"categories":[17],"tags":[10105,10106],"class_list":["post-17569","post","type-post","status-publish","format-standard","hentry","category-cultura-ideilor","tag-eminescu-pe-facebook","tag-mitul-lui-eminescu"],"views":1193,"jetpack_publicize_connections":[],"jetpack_featured_media_url":"","jetpack_sharing_enabled":true,"jetpack-related-posts":[],"_links":{"self":[{"href":"https:\/\/revistacultura.ro\/nou\/wp-json\/wp\/v2\/posts\/17569","targetHints":{"allow":["GET"]}}],"collection":[{"href":"https:\/\/revistacultura.ro\/nou\/wp-json\/wp\/v2\/posts"}],"about":[{"href":"https:\/\/revistacultura.ro\/nou\/wp-json\/wp\/v2\/types\/post"}],"author":[{"embeddable":true,"href":"https:\/\/revistacultura.ro\/nou\/wp-json\/wp\/v2\/users\/3"}],"replies":[{"embeddable":true,"href":"https:\/\/revistacultura.ro\/nou\/wp-json\/wp\/v2\/comments?post=17569"}],"version-history":[{"count":0,"href":"https:\/\/revistacultura.ro\/nou\/wp-json\/wp\/v2\/posts\/17569\/revisions"}],"wp:attachment":[{"href":"https:\/\/revistacultura.ro\/nou\/wp-json\/wp\/v2\/media?parent=17569"}],"wp:term":[{"taxonomy":"category","embeddable":true,"href":"https:\/\/revistacultura.ro\/nou\/wp-json\/wp\/v2\/categories?post=17569"},{"taxonomy":"post_tag","embeddable":true,"href":"https:\/\/revistacultura.ro\/nou\/wp-json\/wp\/v2\/tags?post=17569"}],"curies":[{"name":"wp","href":"https:\/\/api.w.org\/{rel}","templated":true}]}}