{"id":1627,"date":"2010-02-25T13:46:54","date_gmt":"2010-02-25T11:46:54","guid":{"rendered":"http:\/\/revistacultura.ro\/nou\/?p=1627"},"modified":"2010-02-25T13:47:55","modified_gmt":"2010-02-25T11:47:55","slug":"raduart-o-galerie-romaneasca-in-germania","status":"publish","type":"post","link":"https:\/\/revistacultura.ro\/nou\/raduart-o-galerie-romaneasca-in-germania\/","title":{"rendered":"RADUART, o galerie rom\u00e2neasca in Germania"},"content":{"rendered":"<p><em><strong>La inceputul lunii februarie, l\u00e2nga M\u00fcnchen, la F\u00fcrstenfeldbruck, s-a deschis o galerie rom\u00e2neasca de arta. Un spatiu de expunere al carei proprietare, dr. Svetlana Maier (doctor in umanioare cu o incitanta teza despre \u201eOnirismul in literatura rom\u00e2na\u201c), are g\u00e2nduri (cultural-manageriale) mari. Adica, un proiect bine articulat de colaborari cu artisti vizuali din Germania si din Rom\u00e2nia, dar si din alte zone ale continentului, precum si un program de sustinere a tinerilor pictori, sculptori si graficieni din cele doua tari si, fireste, din intreaga Europa.<\/strong><\/em><br \/>\nExpozitia inaugurala a fost aceea a artistului al carui nume il\u00a0 poarta galeria, Radu-Anton Maier, care isi semneaza lucrarile RADU, de unde si RADUART. Cititorii revistei \u201eCultura\u201c sunt familiarizati cu stilul maestrului ce a avut amabilitatea sa ne ofere imagini ale p\u00e2nzelor sale care au ilustrat paginile publicatiei in c\u00e2teva r\u00e2nduri.<br \/>\nRadu-Anton Maier s-a nascut in 28 aprilie 1934 la Cluj. A absolvit Institutul de Arte\u00a0 Plastice \u201eIon Andreescu\u201c din orasul natal, unde, in perioada 1960-1967, a fost asistent. Influentat in anii de facultate de maestrii sai, mai ales de pictorul Aurel Ciupe, a cultivat impresionismul intr-un mare numar de lucrari, mai ales peisaje si portrete. S-a scolit apoi, periodic, in atelierul lui Corneliu Baba.<br \/>\nContactul direct cu pictura occidentala, in doua calatorii de studii la Perugia (1965-1966), i-a marcat, definitiv, traiectoria de artist. In 1967 s-a stabilit la M\u00fcnchen si a devenit, prin cercetare si munca asidua de atelier, RADU.<br \/>\nCunoscut printr-un numar impresionant de personale in Germania, dar si in Elvetia (Berna), Brazilia (Bello Horizonte), S.U.A (Lincoln Gallery, New York), Franta (Le Vigan) etc.<br \/>\nDupa 1990, RADU a reluat legaturile cu Rom\u00e2nia. A expus constant in tara; numai la Cluj a avut, p\u00e2na acum, 6 personale. (De altfel, este Cetatean de Onoare al municipiului transilvan). Lucrarile artistului se afla in patrimoniul unor mari muzee din lumea intreaga si in colectii particulare de renume. Ca o recunoastere a profesionalismului sau, a perfectionarii picturii in acryl, a originalitatii si fortei sale expresive, ce nu datoreaza nimic mainstream-ului si, mai ales, \u201enoilor salbatici\u201c, prezente marcate in artele vizuale germane in anii &#8217;80, &#8217;90.<br \/>\nCei ce i-au achizitionat lucrarile si i-au intrat in atelier fac parte din elita colectionarilor si nu sunt dispusi sa crediteze zgomotoase experimente la moda.<br \/>\nCu opera intinsa pe mai bine de cinci decenii de creatie, RADU este un artist fascinat de lumile stranii, ordonate dupa rigorile matematic-vizionare ale onirismului. Seriala cu metoda, supusa desav\u00e2rsirii p\u00e2na la nuante a unei teme pregnante cu variatiuni \u2013 un fel de genom vizual cu fragmente mereu aflate in efervescenta recompunerii spectaculoase \u2013, pictura acestui artist proteic, inovator, contrariaza si fascineaza in egala masura. Inconfundabila prin atmosfera, prin ductul cromatic, prin cercetarea subsumata.<br \/>\nPrin dezvrajirea privirii de poncifele receptarii lenese: efecte si afecte din arsenalul experimentalistilor cu marca garantata. Si repede uzata. Iar titlurile lucrarilor, ingenioase mixturi de suprarealism in parametri onirici, spun mult(e) despre atelierul deschis al artistului spre sinteza de arte, ce nu-si refuza (si) dicteul automat, de pilda \u201eRosaura descinsa din circumrevolutiuni alterate\u201c.<br \/>\nAnual, Radu-Anton Maier isi innoieste inspiratia si resorturile creative si de meditatie prin calatorii in zona sahariana a Tunisiei. Intr-un fel de \u201eirealitate imediata\u201c recognoscibil sublimata in picturile sale in acryl, care au atins performante greu de egalat.<br \/>\nRADUART s-a deschis sub auspicii faste cu aceasta expozitie ce reuneste treizeci si cinci de lucrari din ultimul deceniu de creatie al artistului. Impactul in media germane nu a int\u00e2rziat sa se manifeste. Un fel de continuare fireasca a receptarii elogioase de care s-a bucurat, in tara, cea mai noua personala RADU, deschisa in noiembrie 2009, la Galeria \u201eCasa Artelor\u201c din Cluj, cu peste cincizeci de lucrari pe simeze.<\/p>\n","protected":false},"excerpt":{"rendered":"<p>La inceputul lunii februarie, l\u00e2nga M\u00fcnchen, la F\u00fcrstenfeldbruck, s-a deschis o galerie rom\u00e2neasca de arta. Un spatiu de expunere al carei proprietare, dr. Svetlana Maier (doctor in umanioare cu o incitanta teza despre \u201eOnirismul in literatura rom\u00e2na\u201c), are g\u00e2nduri (cultural-manageriale) mari. Adica, un proiect bine articulat de colaborari cu artisti vizuali din Germania si din&hellip;&nbsp;<a href=\"https:\/\/revistacultura.ro\/nou\/raduart-o-galerie-romaneasca-in-germania\/\" rel=\"bookmark\">Cite\u0219te mai mult &raquo;<span class=\"screen-reader-text\">RADUART, o galerie rom\u00e2neasca in Germania<\/span><\/a><\/p>\n","protected":false},"author":3,"featured_media":0,"comment_status":"open","ping_status":"open","sticky":false,"template":"","format":"standard","meta":{"neve_meta_sidebar":"","neve_meta_container":"","neve_meta_enable_content_width":"","neve_meta_content_width":0,"neve_meta_title_alignment":"","neve_meta_author_avatar":"","neve_post_elements_order":"","neve_meta_disable_header":"","neve_meta_disable_footer":"","neve_meta_disable_title":"","jetpack_post_was_ever_published":false,"_jetpack_newsletter_access":"","_jetpack_dont_email_post_to_subs":false,"_jetpack_newsletter_tier_id":0,"_jetpack_memberships_contains_paywalled_content":false,"_jetpack_memberships_contains_paid_content":false,"footnotes":"","jetpack_publicize_message":"","jetpack_publicize_feature_enabled":true,"jetpack_social_post_already_shared":false,"jetpack_social_options":{"image_generator_settings":{"template":"highway","default_image_id":0,"font":"","enabled":false},"version":2}},"categories":[66],"tags":[1245,1247,1246],"class_list":["post-1627","post","type-post","status-publish","format-standard","hentry","category-arte-media","tag-artisti-romani-in-germania","tag-radu-anton-maier","tag-raduart"],"views":4280,"jetpack_publicize_connections":[],"jetpack_featured_media_url":"","jetpack_sharing_enabled":true,"jetpack-related-posts":[],"_links":{"self":[{"href":"https:\/\/revistacultura.ro\/nou\/wp-json\/wp\/v2\/posts\/1627","targetHints":{"allow":["GET"]}}],"collection":[{"href":"https:\/\/revistacultura.ro\/nou\/wp-json\/wp\/v2\/posts"}],"about":[{"href":"https:\/\/revistacultura.ro\/nou\/wp-json\/wp\/v2\/types\/post"}],"author":[{"embeddable":true,"href":"https:\/\/revistacultura.ro\/nou\/wp-json\/wp\/v2\/users\/3"}],"replies":[{"embeddable":true,"href":"https:\/\/revistacultura.ro\/nou\/wp-json\/wp\/v2\/comments?post=1627"}],"version-history":[{"count":0,"href":"https:\/\/revistacultura.ro\/nou\/wp-json\/wp\/v2\/posts\/1627\/revisions"}],"wp:attachment":[{"href":"https:\/\/revistacultura.ro\/nou\/wp-json\/wp\/v2\/media?parent=1627"}],"wp:term":[{"taxonomy":"category","embeddable":true,"href":"https:\/\/revistacultura.ro\/nou\/wp-json\/wp\/v2\/categories?post=1627"},{"taxonomy":"post_tag","embeddable":true,"href":"https:\/\/revistacultura.ro\/nou\/wp-json\/wp\/v2\/tags?post=1627"}],"curies":[{"name":"wp","href":"https:\/\/api.w.org\/{rel}","templated":true}]}}