{"id":14217,"date":"2012-12-06T12:34:53","date_gmt":"2012-12-06T10:34:53","guid":{"rendered":"http:\/\/revistacultura.ro\/nou\/?p=14217"},"modified":"2012-12-06T12:35:11","modified_gmt":"2012-12-06T10:35:11","slug":"alegeri-in-periferie-ii","status":"publish","type":"post","link":"https:\/\/revistacultura.ro\/nou\/alegeri-in-periferie-ii\/","title":{"rendered":"Alegeri \u00een periferie (II)"},"content":{"rendered":"<p>Scriam \u00een numarul trecut despre prozaicul programului de guvernare \u00eentocmit de ARD, o alianta ce \u00eesi propune sa reporneasca inima Rom\u00e2niei, ca si cum aici ar exista o tara aflata \u00eentr-un infarct perpetuu. Ca sa nu fim partizani, continuam cu USL, prima forta politica a tarii si alianta electorala ce va c\u00e2stiga la scor viitoarele alegeri parlamentare. Acest lucru se \u00eent\u00e2mpla \u00een logica electorala postdecembrista, care porneste de la premisa ca nici o alianta sau partid nu au reusit p\u00e2na acum minima performanta de a c\u00e2stiga doua alegeri consecutive. Except\u00e2nd alegerile din mai 1990, \u00een 1992 FDSN a c\u00e2stigat, \u00een 1996 a venit vremea celor 15 000 de \u201especialisti&#8221; ai CDR, \u00een 2000 s-au re\u00eentors vechii \u2013 PDSR -, \u00een 2004 rom\u00e2nii au pariat pe dreptate si adevar \u2013 Alianta DA -, si \u00een 2008 alegatorii au lipsit masiv de la vot, rezultatul fiind un melanj politic ce a predispus la fel si fel de formule guvernamentale chinuitoare pentru rom\u00e2ni, iar acum stim perfect ce se va \u00eent\u00e2mpla (landslide USL).<br \/>\nPentru \u00eenceput, sa privim putin la mesajele electorale (USL) ce au invadat orasul. Aflam ca sunt rom\u00e2ni ce s-au unit \u00eempotriva coruptiei si vor sa se faca dreptate p\u00e2na la capat (ei nu sunt niste rom\u00e2ni oarecare, ordinari, sunt niste rom\u00e2ni exceptionali, prin urmare demni de crezare, ei sunt aciuati prin USL \u2013 partidul dreptatii). De pe un panou electoral de dimensiuni apreciabile, z\u00e2mbeste sardonic Croitoru Catalin, un personaj ce-si spune cadru didactic. Cadru didactic? Nu am auzit de profesorul Croitoru. Am auzit \u00een schimb de sindicalistul Croitoru, un ins ce nu a facut nimic pentru \u00eenvatam\u00e2ntul preuniversitar pe care, chipurile, \u00eel reprezenta. A facut multe pentru domnia sa, aranj\u00e2ndu-si apele si devenind deputat \u00een parlamentul Rom\u00e2niei. E drept, se practica \u00een Rom\u00e2nia ruta foarte scurta a devenirii \u00eentru rom\u00e2nism, Sindicat \u2013 Parlament; mai stim exemple si mai si, clasici ai genului, \u201esindicalistii&#8221; Victor Ciorbea si Miron Mitrea. Asta unu la m\u00e2na. Mai an, Croitoru Catalin a facut parte din PDL si din formula parlamentaro-guvernamentala ce a sustinut programul draconic de austeritate impus brutal de un presedinte parca apucat si de un organism international neoliberal si opac la suferintele generate de austeritate (FMI). Chiar l-am ascultat la un moment dat pe fostul sindicalist Croitoru Catalin cum vorbea \u00eempleticit despre virtutile austeritatii economice si despre pericolul derapajului si caderii \u00een abisurile economiei, daca nu ascultam ce spun specialistii (Basescu, Boc, cum care specialisti?), la categoria specialisti incluz\u00e2ndu-se probabil si domnia sa. Asta doi la m\u00e2na.<br \/>\nCe ne arata afisele electorale de acum? Pai, nici mai mult, nici mai putin dec\u00e2t lupta domnului Croitoru cu sistemul corupt si inaugurarea dreptatii si justitiei sociale, inclusiv cu aportul dumnealui. Aici este desigur o premiera: sa lupti \u00eempotriva ta \u00eensuti, \u00eempotriva a ceea ce p\u00e2na mai daunezi perorai, sau poate ca suntem noi mai out of date, mai romantici si nu am \u00eenvatat \u00eenca mici detalii semnificative, ca nu-i prea grav sa spui azi un lucru si m\u00e2ine sa fii senin, sa z\u00e2mbesti si apoi sa treci mai departe, flecarind verzi si uscate ca si c\u00e2nd nimic nu s-ar fi \u00eent\u00e2mplat. Iata ce ciorba dizgratioasa ne serveste USL, un meniu ce include si dezagreabilul fel numit Catalin Croitoru. Asta trei la m\u00e2na. Nu multumesc, nu servesc m\u00e2ncaruri r\u00e2ncede, prefer postul negru. Asta patru la m\u00e2na.<br \/>\nMergem mai departe pe strazi bucurestene si iata ce ni se arata \u00een cale: fostul ministru al Apararii, actualul candidat Gabriel Oprea, viguros sustinut de Ontanu, un primar ce a strabatut toate erele politicii rom\u00e2nesti (pare desprins din imaginile clasice cu deputatii Marii Adunari Nationale). Gabriel Oprea, dupa interludiul tradarii (UNPR ca partid parazit ce nu poate supravietui politic dec\u00e2t cu ajutorul altui partid a fost tradat, urmeaza USL, si lista va continua p\u00e2na la alte regrupari si inginerii politice), ne propune impozitarea marilor averi pentru a avea bugetul bani pentru pensionari si asistatii sociali. Ieri demon pentru pensionari si salariati bugetari, azi muma pentru aceleasi categorii sociale. Iarasi spun pas, iarasi orice mesaj asa-zis justitiar al USL este lovit de nulitate, at\u00e2ta vreme c\u00e2t pe listele electorale gasim personaje de tipul celor amintite. Iarasi spun nu, si orice mesaj electoral al USL \u00eel percep distorsionat at\u00e2ta vremea c\u00e2t de pe st\u00e2lpi, agatati pe cladiri si pe panourile electorale \u00eemi fac cu ochiul Gabriel Oprea si Catalin Croitoru.<br \/>\nC\u00e2t despre programul de guvernare, aceleasi platitudini razbat, numai ca aici detaliile ne induc imaginea unui baroc electoral, mai \u00eenfrumusetat \u00een comparatie cu liniile aspre ale unui cubism al realitatilor si posibilitatilor aliantei, pentru viitorul apropiat. Dar poate ca arta politica rom\u00e2neasca nu se revendica de la realism si gestionarea judicioasa a resurselor, ci, dimpotriva, flecareala si \u00eenfrumusetarea realitatii e marea capacitate a politicienilor autohtoni. Si \u00een programul Rom\u00e2nia puternica totul se scrie schematic, cu liniuta si de la capat, oricum, cine mai are chef sa citeasca fel si fel de \u00eenchipuiri care de care mai fanteziste? Avem niste scheme, cum se va produce totul nu ni se spune. Vom afla (c\u00e2t de cur\u00e2nd?) ca realitatea e mult mai aspra, ca greaua mostenire e greu de surmontat si ca asta e, regulile neoliberalismului economic sunt dure, nu pot fi eludate asa, cu una cu doua.<br \/>\nSa citam din programul \u201eAgricultura \u2013 prioritate nationala&#8221;. Iata, cu liniuta, ce au g\u00e2ndit agricultorii USL:<br \/>\nl sustinem \u00eenfiintarea de centre de colectare, sortare, calibrare si depozitare\u00a0 \u00een cadrul zonelor specializate \u00een producerea anumitor legume si fructe.<br \/>\nl sustinem \u00eenfiintarea de micro-fabrici locale de procesare care sa deserveasca producatorii de legume si fructe din zona respectiva.<br \/>\nl promovam cardul de acces \u00een pietele locale.<br \/>\nl sustinem atragerea fondurilor necesare functionarii sectorului agricol si \u00eencurajam investitiile prin pregatirea, elaborarea, aprobarea si implementarea pndr 2014 \u2013 2020.<br \/>\nCum se vor produce toate acestea, cu ce bani, ce deadline-uri sunt pentru fiecare masura propusa, ei bine, la acest capitol nu se sufla nici un cuv\u00e2nt. Ne ram\u00e2ne vorbaria. Nu era mai simplu sa se scrie acolo ca, spre exemplu, se va crea un fond de sute de milioane de euro si se vor \u00eenfiinta, p\u00e2na \u00een 2014, sa zicem, \u00een C\u00e2mpia Rom\u00e2na sapte micro-fabrici locale de procesare a legumelor? Nu de alta, dar \u00een acest fel am fi putut si noi sa observam si sa apreciem c\u00e2t la suta se va realiza din variatele promisiuni electorale. Asa ram\u00e2ne logoreea si contabilizarea unor simple rostiri fara sens. Si asa se \u00eent\u00e2mpla la toate capitolele care compun acest program la fel de \u00eensailat: acceleram absorbtia banilor UE, stimulam sectorul privat si investitiile, punem taxe mici \u2013 buget mai mare, justitie independenta, egala pentru toti si asa mai departe. Spre exemplu, la capitolul educatie scrie negru pe alb ca alianta USL va sustine o scoala la standarde europene, dotata cu mijloace didactice moderne si microbuze scolare \u00een fiecare comuna. O scoala moderna la standarde europene? Cum, prin ce mijloace, cu ce resurse umane si capital financiar? Nu se scrie nimic despre gap-ul incredibil dintre finantarea mediului universitar si a \u00eenvatam\u00e2ntului preuniversitar (inclusiv la nivelul dureros al salarizarii) si, mai mult, dintre zonele rurale si scolile din orase, despre lipsa cronica a cadrelor didactice calificate (mai ales \u00een scolile rurale).<br \/>\nCum vom deveni moderni \u00een materie scolara? Cu scoli medievale \u00een lumea rurala si cu microbuze? Fara profesori calificati? Cu salarii de 700 de lei pentru debutanti? Cu numiri politice \u00een functiile de conducere? Despre asta vor sa afle profesorii, nu despre \u00eenchipuirile cu scolile moderne europene. Dar c\u00e2nd trebuie sa fim concreti, brusc devenim opaci si previzibili. Cititi toate capitolele aflate pe tabloul programului USL si veti descoperi o culegere de \u00eendemnuri electorale de tipul vom face, vom drege, vom lega si dezlega\u2026 La capitolul marilor viziuni sunteti neputinciosi si predictibili, domnilor. Marile realizari nu deriva din sloganuri, sunt doar consecinta logica a g\u00e2ndirii riguroase (economice, sociale), rigurozitate care nu transpira din programul USL de guvernare. \u00cen plus, mai sunt si pietre de moara care at\u00e2rna greu de piciorul partidului. Omenesc, prea omenesc (ca sa-l parafrazam pe Nietzsche).<\/p>\n","protected":false},"excerpt":{"rendered":"<p>Scriam \u00een numarul trecut despre prozaicul programului de guvernare \u00eentocmit de ARD, o alianta ce \u00eesi propune sa reporneasca inima Rom\u00e2niei, ca si cum aici ar exista o tara aflata \u00eentr-un infarct perpetuu. Ca sa nu fim partizani, continuam cu USL, prima forta politica a tarii si alianta electorala ce va c\u00e2stiga la scor viitoarele&hellip;&nbsp;<a href=\"https:\/\/revistacultura.ro\/nou\/alegeri-in-periferie-ii\/\" rel=\"bookmark\">Cite\u0219te mai mult &raquo;<span class=\"screen-reader-text\">Alegeri \u00een periferie (II)<\/span><\/a><\/p>\n","protected":false},"author":3,"featured_media":0,"comment_status":"open","ping_status":"open","sticky":false,"template":"","format":"standard","meta":{"neve_meta_sidebar":"","neve_meta_container":"","neve_meta_enable_content_width":"","neve_meta_content_width":0,"neve_meta_title_alignment":"","neve_meta_author_avatar":"","neve_post_elements_order":"","neve_meta_disable_header":"","neve_meta_disable_footer":"","neve_meta_disable_title":"","jetpack_post_was_ever_published":false,"_jetpack_newsletter_access":"","_jetpack_dont_email_post_to_subs":false,"_jetpack_newsletter_tier_id":0,"_jetpack_memberships_contains_paywalled_content":false,"_jetpack_memberships_contains_paid_content":false,"footnotes":"","jetpack_publicize_message":"","jetpack_publicize_feature_enabled":true,"jetpack_social_post_already_shared":false,"jetpack_social_options":{"image_generator_settings":{"template":"highway","default_image_id":0,"font":"","enabled":false},"version":2}},"categories":[3],"tags":[],"class_list":["post-14217","post","type-post","status-publish","format-standard","hentry","category-politica"],"views":1092,"jetpack_publicize_connections":[],"jetpack_featured_media_url":"","jetpack_sharing_enabled":true,"jetpack-related-posts":[],"_links":{"self":[{"href":"https:\/\/revistacultura.ro\/nou\/wp-json\/wp\/v2\/posts\/14217","targetHints":{"allow":["GET"]}}],"collection":[{"href":"https:\/\/revistacultura.ro\/nou\/wp-json\/wp\/v2\/posts"}],"about":[{"href":"https:\/\/revistacultura.ro\/nou\/wp-json\/wp\/v2\/types\/post"}],"author":[{"embeddable":true,"href":"https:\/\/revistacultura.ro\/nou\/wp-json\/wp\/v2\/users\/3"}],"replies":[{"embeddable":true,"href":"https:\/\/revistacultura.ro\/nou\/wp-json\/wp\/v2\/comments?post=14217"}],"version-history":[{"count":0,"href":"https:\/\/revistacultura.ro\/nou\/wp-json\/wp\/v2\/posts\/14217\/revisions"}],"wp:attachment":[{"href":"https:\/\/revistacultura.ro\/nou\/wp-json\/wp\/v2\/media?parent=14217"}],"wp:term":[{"taxonomy":"category","embeddable":true,"href":"https:\/\/revistacultura.ro\/nou\/wp-json\/wp\/v2\/categories?post=14217"},{"taxonomy":"post_tag","embeddable":true,"href":"https:\/\/revistacultura.ro\/nou\/wp-json\/wp\/v2\/tags?post=14217"}],"curies":[{"name":"wp","href":"https:\/\/api.w.org\/{rel}","templated":true}]}}