{"id":13549,"date":"2012-10-11T13:11:44","date_gmt":"2012-10-11T11:11:44","guid":{"rendered":"http:\/\/revistacultura.ro\/nou\/?p=13549"},"modified":"2012-10-11T13:12:03","modified_gmt":"2012-10-11T11:12:03","slug":"mitul-national-i","status":"publish","type":"post","link":"https:\/\/revistacultura.ro\/nou\/mitul-national-i\/","title":{"rendered":"Mitul national (I)"},"content":{"rendered":"<p>Elegantele sali de la parterul Muzeului National de Arta al Rom\u00e2niei gazduiesc una dintre cele mai interesante expozitii ale toamnei muzeale rom\u00e2nesti din acest an: \u201eMitul national: contributia artelor la definirea identitatii rom\u00e2nesti (1830-1930)\u201c. Expozitia, curatoriata de Monica Enache si Valentina Iancu, beneficiaza de aportul conceptual al istoricului care s-a bucurat, probabil, de cea mai mare notorietate in Rom\u00e2nia in urma cu circa 15 ani. Atunci, Lucian Boia s-a dovedit a fi mentorul spiritual al autorilor unor manuale de istorie, extrem de contestate de numerosi jurnalisti si politicieni. Niste oameni care nu stiau sa rezolve o ecuatie de gradul II si nu stiau mai nimic despre tabelul periodic al elementelor isi imaginau, in schimb, ca pot fi experti in istorie: istoria li se parea mai usoara, pe motiv ca toata lumea stie ce si cum e cu Mihai Viteazul si Stefan cel Mare. Cu alte cuvinte, niste oameni care nu ar fi indraznit sa critice un manual de matematica ori chimie, pentru ca, nu-i asa, graeca sunt, non leguntur, se dadeau experti in istorie, pentru ca in orice piept de rom\u00e2n zace un cunoscator de istorie nationala&#8230; In acel moment, Lucian Boia a fost trimis la colt, in public, de niste oameni care nu aveau nici a zecea mia parte din cunostintele profesorului. Una dintre temele pe care Lucian Boia le-a abordat a fost legata de mitologia istorica. Tot felul de Bula din gazetaria cotidiana si-au imaginat ca Boia vrea sa maculeze trecutul istoric national, c\u00e2nd, in fapt, el incerca sa explice un lucru pe care oamenii de meserie il stiu de c\u00e2nd e veacul, iar cei rationali il intuiesc: modul in care se scrie istoria nu poate reproduce, intocmai, desfasurarea evenimentelor; istoricul intervine, cu propriile sale idei, in transcrierea faptelor istorice, pentru simplul motiv ca stiinta istorica nu presupune o simpla insiruire a unor fapte, ci o reflectie asupra proceselor istorice. Mai mult dec\u00e2t at\u00e2t, istoricii sunt cei responsabili, nu neaparat cu acordul lor, pentru cladirea unor idei care stau la fundamentul oricarei societati contemporane. Cu alte cuvinte, istoricii sunt aceia care contribuie la crearea unor mituri moderne, cum sunt cele ale constiintei si ale unitatii nationale. Asta nu inseamna ca ideea existentei unei constiinte a unitatii nationale este o fictiune, numai ca nu exista un sentiment legat de unitatea nationala care sa apara spontan, in mintile unui grup de cetateni ai unei tari oarecare; el este inculcat prin educatie, istoria fiind principala disciplina care joaca acest rol in modelarea fiintei civice. Dupa cum spune, inspirat, chiar Lucian Boia, \u201enatiunea inseamna pur si simplu materializarea constiintei nationale\u201c, pentru ca, in mod evident, natiunea nu este un dat incastrat in ADN-ul omenirii, ci un construct intelectual. In Rom\u00e2nia, constiinta nationala a fost faurita de elita rom\u00e2neasca din cele trei mari provincii istorice, un rol initial predominant av\u00e2ndu-l carturarii Scolii Ardelene, cei care urmareau trezirea unei constiinte etnice comune pentru rom\u00e2ni, in contrapondere cu mai vechea si mult mai bine structurata constiinta a maghiarilor, care se considerau stap\u00e2nii de facto ai Transilvaniei, chiar daca aceasta era, la acea vreme, teritoriu austriac. Nu incerc acum sa predau un curs scurt de istorie a Rom\u00e2niei inteleptilor cititori ai \u201eCulturii\u201c; sunt convins ca stiti aceste lucruri. Ce este interesant de semnalat este faptul ca, in procesul de construire a conceptului de natiune moderna, istoricii au apelat adeseori la argumente mai mult sau mai putin subrede, incerc\u00e2nd sa gaseasca, in trecutul istoric al natiunii lor, momente care sa se constituie in trepte pe drumul fauririi constiintei nationale. Cu alte cuvinte, istoricii incearca sa explice cum o natiune a devenit ceea ce este, dintr-o comunitate mai mult sau mai putin organizata, pe un teritoriu oarecare; limba, religia, geografia sau chiar mostenirea etnica sunt aduse drept argumente in acest demers. In ceea ce priveste natiunea rom\u00e2na, de exemplu, trec\u00e2nd peste inceputurile istoriei, vazute in epoca stramosilor daci si romani, in secolul al XIX-lea, prin opera unor istorici cu verb, cum a fost Aaron Florian, dar, mai ales, cu geniu, cum a fost Nicolae Balcescu, figura lui Mihai Viteazul apare drept un fondator al idealului de unitate nationala \u2013 idee preluata de majoritatea istoricilor rom\u00e2ni (si, de aici, a elitei intelectuale si, in ultima instanta, a politicienilor), p\u00e2na in ziua de azi. Este inutil de argumentat ca ideea de natiune, la anul 1600, era complet diferita de cea pe care o avem azi. Ce este important este ca Unirea de la 1600, desi nu avea nici o legatura cu ideea de unitate nationala, a servit si serveste drept un excelent fundament pentru construirea constiintei nationale a rom\u00e2nilor. Unirea de la 1600 nu este un fals istoric, iar constituirea, pas cu pas, a constiintei nationale rom\u00e2nesti nu este o fictiune, dar, privite din perspectiva contemporana spre trecut, ele ajung sa contribuie la formarea unor mituri moderne.<br \/>\nMiturile fondarii natiunilor moderne sunt universale: se regasesc la absolut toate natiunile lumii, din Tuvalu p\u00e2na in Argentina si din SUA p\u00e2na in Japonia. Rom\u00e2nia nu are cum sa faca exceptie, doar ca, la noi, aceasta problema a ajuns sa fie studiata, temeinic, abia de vreo patru decenii incoace. Nu este rostul acestui articol sa vorbeasca despre literatura istorica de specialitate. Ce ma preocupa este mai sus amintita expozitie de la Muzeul National de Arta, care se concentreaza, cum este si firesc, asupra sprijinului pe care artistii l-au adus in constituirea identitatii nationale.<br \/>\nIn mod evident, exista niste daturi ale fiecarei natiuni in parte, care o fac sa se individualizeze in raport cu cele din jur. Este rolul intelectualitatii formate din oamenii stiintelor umaniste si din artisti sa gaseasca termenii definitorii ai acestor identitati. Cu c\u00e2t natiunea este mai veche, in sens de comunitate incadrata intr-un stat, cu at\u00e2t este mai usor. Mai dificil este pentru natiunile africane, pentru care granitele coloniale nu au nici o noima. Asa cum peremptoriu demonstreaza expozitia de la Palat, artistii din Rom\u00e2nia (strict etnic vorbind, ar fi o minciuna sa spun artistii rom\u00e2ni, chiar daca populistii politicieni contemporani, de la Nicolas Sarkozy si Silvio Berlusconi, p\u00e2na la Viktor Orb\u00e1n si Traian Basescu, atunci c\u00e2nd se adreseaza conationalilor lor vorbesc despre francezi si italieni, respectiv, despre unguri si rom\u00e2ni, nu despre cetateni ai respectivelor tari, care nu au, neaparat, aceeasi etnie cu majoritarii) au avut o contributie hotar\u00e2toare la definirea acestei identitati. Secolul ales de autorii expozitiei nu are, bineinteles, aerul unei int\u00e2mplari istorice: este secolul in care s-au produs, in mod real, cele mai dramatice schimbari in istoria rom\u00e2nilor, legate de definirea comunitara si statala a natiunii rom\u00e2ne.<\/p>\n","protected":false},"excerpt":{"rendered":"<p>Elegantele sali de la parterul Muzeului National de Arta al Rom\u00e2niei gazduiesc una dintre cele mai interesante expozitii ale toamnei muzeale rom\u00e2nesti din acest an: \u201eMitul national: contributia artelor la definirea identitatii rom\u00e2nesti (1830-1930)\u201c. Expozitia, curatoriata de Monica Enache si Valentina Iancu, beneficiaza de aportul conceptual al istoricului care s-a bucurat, probabil, de cea mai&hellip;&nbsp;<a href=\"https:\/\/revistacultura.ro\/nou\/mitul-national-i\/\" rel=\"bookmark\">Cite\u0219te mai mult &raquo;<span class=\"screen-reader-text\">Mitul national (I)<\/span><\/a><\/p>\n","protected":false},"author":3,"featured_media":0,"comment_status":"open","ping_status":"open","sticky":false,"template":"","format":"standard","meta":{"neve_meta_sidebar":"","neve_meta_container":"","neve_meta_enable_content_width":"","neve_meta_content_width":0,"neve_meta_title_alignment":"","neve_meta_author_avatar":"","neve_post_elements_order":"","neve_meta_disable_header":"","neve_meta_disable_footer":"","neve_meta_disable_title":"","jetpack_post_was_ever_published":false,"_jetpack_newsletter_access":"","_jetpack_dont_email_post_to_subs":false,"_jetpack_newsletter_tier_id":0,"_jetpack_memberships_contains_paywalled_content":false,"_jetpack_memberships_contains_paid_content":false,"footnotes":"","jetpack_publicize_message":"","jetpack_publicize_feature_enabled":true,"jetpack_social_post_already_shared":false,"jetpack_social_options":{"image_generator_settings":{"template":"highway","default_image_id":0,"font":"","enabled":false},"version":2}},"categories":[1],"tags":[344],"class_list":["post-13549","post","type-post","status-publish","format-standard","hentry","category-mozaic","tag-muzeul-national-de-arta"],"views":1745,"jetpack_publicize_connections":[],"jetpack_featured_media_url":"","jetpack_sharing_enabled":true,"jetpack-related-posts":[],"_links":{"self":[{"href":"https:\/\/revistacultura.ro\/nou\/wp-json\/wp\/v2\/posts\/13549","targetHints":{"allow":["GET"]}}],"collection":[{"href":"https:\/\/revistacultura.ro\/nou\/wp-json\/wp\/v2\/posts"}],"about":[{"href":"https:\/\/revistacultura.ro\/nou\/wp-json\/wp\/v2\/types\/post"}],"author":[{"embeddable":true,"href":"https:\/\/revistacultura.ro\/nou\/wp-json\/wp\/v2\/users\/3"}],"replies":[{"embeddable":true,"href":"https:\/\/revistacultura.ro\/nou\/wp-json\/wp\/v2\/comments?post=13549"}],"version-history":[{"count":0,"href":"https:\/\/revistacultura.ro\/nou\/wp-json\/wp\/v2\/posts\/13549\/revisions"}],"wp:attachment":[{"href":"https:\/\/revistacultura.ro\/nou\/wp-json\/wp\/v2\/media?parent=13549"}],"wp:term":[{"taxonomy":"category","embeddable":true,"href":"https:\/\/revistacultura.ro\/nou\/wp-json\/wp\/v2\/categories?post=13549"},{"taxonomy":"post_tag","embeddable":true,"href":"https:\/\/revistacultura.ro\/nou\/wp-json\/wp\/v2\/tags?post=13549"}],"curies":[{"name":"wp","href":"https:\/\/api.w.org\/{rel}","templated":true}]}}