{"id":13289,"date":"2012-09-20T13:48:50","date_gmt":"2012-09-20T11:48:50","guid":{"rendered":"http:\/\/revistacultura.ro\/nou\/?p=13289"},"modified":"2012-09-20T13:49:05","modified_gmt":"2012-09-20T11:49:05","slug":"zilele-muzeului-taranului","status":"publish","type":"post","link":"https:\/\/revistacultura.ro\/nou\/zilele-muzeului-taranului\/","title":{"rendered":"Zilele Muzeului Taranului"},"content":{"rendered":"<p>Joi, 20 septembrie<br \/>\nora 18.00, Studioul \u201eHoria Bernea\u201c \u2013 Satul transilvanean \u00een filmul rom\u00e2nesc \u2013 \u201eIon: Blestemul pam\u00e2ntului\u201c de Mircea Muresan<\/p>\n<p>ora 19.00, Sala Foaier \u2013 Vernisajul expozitiei \u201eTraditie \u00een contemporaneitate: corespondente\u201c \u2013 Expozitie realizata \u00eempreuna cu Muzeul de Arta Comparata din S\u00e2ngeorz-Bai<\/p>\n<p>ora 21.00, curtea interioara \u2013 Concert Maria Raducanu<br \/>\nVineri, 21 septembrie<br \/>\n\u00eentre orele 10.00 si 18.00, curtea interioara \u2013 \u201eT\u00e2rgul boierului\u201c<\/p>\n<p>ora 14.00, Clubul Taranului \u2013 Lansare de carte \u201eBucate \u00eencercate\u201c. Retete culese de Georgeta Rosu si ilustrate de Horia Bernea \u00een 1996<br \/>\nora 18.00, Studioul \u201eHoria Bernea\u201c \u2013 Satul transilvanean \u00een filmul rom\u00e2nesc \u2013 \u201eIon: Blestemul iubirii\u201c de Mircea Muresan<\/p>\n<p>ora 21:00, curtea interioara \u2013 Concert Raul Kusak &#8211; Adrian Naidin \u201eC\u00e2ntice\u2019n Cerc\u201c<br \/>\nS\u00e2mbata, 22 septembrie<br \/>\n\u00eentre orele 10.00 si 18.00, curtea interioara \u2013 \u201eT\u00e2rgul boierului\u201c<\/p>\n<p>ora 18.00, Studioul \u201eHoria Bernea\u201c \u2013 Satul transilvanean \u00een filmul rom\u00e2nesc \u2013 La \u201eMoara cu noroc\u201c de Victor Iliu<br \/>\nDuminica, 23 septembrie<br \/>\n\u00eentre orele 10.00 si 18.00, curtea interioara \u2013 \u201eT\u00e2rgul boierului\u201c<\/p>\n<p>ora 11.00, Studioul \u201eHoria Bernea\u201c \u2013 Avanpremiera filmului \u201eRocker\u201c de Marian Crisan<br \/>\nora 12.00, Casa de Piatra \u201eUdriste Nasturel\u201c din Heresti, Judetul Giurgiu \u2013 \u201ePiatra si Fierul\u201c \u2013 Cu ocazia Zilelor Europene ale Patrimoniului<\/p>\n<p>ora 14:30, Casa de Piatra \u201eUdriste Nasturel\u201c din Heresti, Judetul Giurgiu \u2013 Concert Trei Parale<\/p>\n<p>&nbsp;<\/p>\n<p>&nbsp;<\/p>\n<p>Picu P\u00e3trut, ultimul mare<br \/>\nminiaturist al Europei<\/p>\n<p>Anul acesta, la 14 septembrie, c\u00e2nd praznuim Ziua \u00cenaltarii Sfintei Cruci, Muzeul National al Taranului Rom\u00e2n deschide pentru public o expozitie-document dedicata operei lui Picu Procopie Patrut (1818-1872), adevarata \u201eepopee \u00een imagini\u201c, unica \u00een tezaurul artei rom\u00e2nesti, creata \u00een orizontul unui sat traditional transilvanean (Salistea Sibiului), \u00een singuratatea unei vieti traite \u00een credinta, izolare si simplitate.<\/p>\n<p>Expozitia va marca principalele etape ale vietii si creatiei lui Picu Patrut, \u00eencep\u00e2nd de la v\u00e2rsta de 19 ani, c\u00e2nd a compus prima carte si a desenat primele miniaturi, continu\u00e2nd cu anii 1848-1852, c\u00e2nd functiona ca eclesiarh (c\u00e2rsnic) la biserica veche din sat, dar si la scoala din Saliste, precum si etapa 1862-1872, c\u00e2nd, \u201eavea sa fie tuns\u201c monah la Schitul Cheia (din V\u00e2lcea), fara a se calugari.<\/p>\n<p>Numit \u201ecalugarul-taran\u201c, \u201eartistul-taran\u201c sau \u201eAnton Pann al Ardealului\u201c, Picu Patrut a dovedit \u00een \u00eentreaga sa opera ca este rafinat, ca are o m\u00e2na sigura si o mare putere de \u00eentelegere a culorilor.<\/p>\n<p>Marturie stau cele c\u00e2teva zeci de manuscrise lasate istoriei.<\/p>\n<p>Muzeul detine 21 dintre acestea, precum si tiparul literelor initiale lucrate de el manual, din lemn. \u00cenca opt manuscrise \u00eemprumutate Muzeului de Biblioteca Nationala a Rom\u00e2niei, Biblioteca Academiei Rom\u00e2ne si Manastirea Stavropoleos se vor adauga, pe durata expozitiei, celor apartin\u00e2nd Muzeului.<\/p>\n<p>Manuscrisele, dar si celelalte categorii de obiecte taranesti din zona incluse \u00een expozitie (costume, mobilier popular, ceramica, izvoade, icoane pe lemn sau sticla si tesaturi) vor contribui la sugerarea cadrului de viata \u00een satul transilvanean al secolului al XIX-lea, \u00een care a trait si a creat Picu Patrut si care a corespuns perioadei de mare efervescenta nationala a rom\u00e2nilor din Transilvania.<\/p>\n<p>Expozitia va fi deschisa p\u00e2na pe 2 decembrie 2012,<br \/>\n\u00eentre orele 10.00 &#8211; 18.00. Luni este \u00eenchis.<\/p>\n","protected":false},"excerpt":{"rendered":"<p>Joi, 20 septembrie ora 18.00, Studioul \u201eHoria Bernea\u201c \u2013 Satul transilvanean \u00een filmul rom\u00e2nesc \u2013 \u201eIon: Blestemul pam\u00e2ntului\u201c de Mircea Muresan ora 19.00, Sala Foaier \u2013 Vernisajul expozitiei \u201eTraditie \u00een contemporaneitate: corespondente\u201c \u2013 Expozitie realizata \u00eempreuna cu Muzeul de Arta Comparata din S\u00e2ngeorz-Bai ora 21.00, curtea interioara \u2013 Concert Maria Raducanu Vineri, 21 septembrie \u00eentre&hellip;&nbsp;<a href=\"https:\/\/revistacultura.ro\/nou\/zilele-muzeului-taranului\/\" rel=\"bookmark\">Cite\u0219te mai mult &raquo;<span class=\"screen-reader-text\">Zilele Muzeului Taranului<\/span><\/a><\/p>\n","protected":false},"author":3,"featured_media":0,"comment_status":"open","ping_status":"open","sticky":false,"template":"","format":"standard","meta":{"neve_meta_sidebar":"","neve_meta_container":"","neve_meta_enable_content_width":"","neve_meta_content_width":0,"neve_meta_title_alignment":"","neve_meta_author_avatar":"","neve_post_elements_order":"","neve_meta_disable_header":"","neve_meta_disable_footer":"","neve_meta_disable_title":"","jetpack_post_was_ever_published":false,"_jetpack_newsletter_access":"","_jetpack_dont_email_post_to_subs":false,"_jetpack_newsletter_tier_id":0,"_jetpack_memberships_contains_paywalled_content":false,"_jetpack_memberships_contains_paid_content":false,"footnotes":"","jetpack_publicize_message":"","jetpack_publicize_feature_enabled":true,"jetpack_social_post_already_shared":false,"jetpack_social_options":{"image_generator_settings":{"template":"highway","default_image_id":0,"font":"","enabled":false},"version":2}},"categories":[66],"tags":[],"class_list":["post-13289","post","type-post","status-publish","format-standard","hentry","category-arte-media"],"views":1518,"jetpack_publicize_connections":[],"jetpack_featured_media_url":"","jetpack_sharing_enabled":true,"jetpack-related-posts":[],"_links":{"self":[{"href":"https:\/\/revistacultura.ro\/nou\/wp-json\/wp\/v2\/posts\/13289","targetHints":{"allow":["GET"]}}],"collection":[{"href":"https:\/\/revistacultura.ro\/nou\/wp-json\/wp\/v2\/posts"}],"about":[{"href":"https:\/\/revistacultura.ro\/nou\/wp-json\/wp\/v2\/types\/post"}],"author":[{"embeddable":true,"href":"https:\/\/revistacultura.ro\/nou\/wp-json\/wp\/v2\/users\/3"}],"replies":[{"embeddable":true,"href":"https:\/\/revistacultura.ro\/nou\/wp-json\/wp\/v2\/comments?post=13289"}],"version-history":[{"count":0,"href":"https:\/\/revistacultura.ro\/nou\/wp-json\/wp\/v2\/posts\/13289\/revisions"}],"wp:attachment":[{"href":"https:\/\/revistacultura.ro\/nou\/wp-json\/wp\/v2\/media?parent=13289"}],"wp:term":[{"taxonomy":"category","embeddable":true,"href":"https:\/\/revistacultura.ro\/nou\/wp-json\/wp\/v2\/categories?post=13289"},{"taxonomy":"post_tag","embeddable":true,"href":"https:\/\/revistacultura.ro\/nou\/wp-json\/wp\/v2\/tags?post=13289"}],"curies":[{"name":"wp","href":"https:\/\/api.w.org\/{rel}","templated":true}]}}