{"id":11196,"date":"2012-03-22T15:15:50","date_gmt":"2012-03-22T13:15:50","guid":{"rendered":"http:\/\/revistacultura.ro\/nou\/?p=11196"},"modified":"2012-03-22T15:16:04","modified_gmt":"2012-03-22T13:16:04","slug":"cat-de-populara-e-miscarea-populara","status":"publish","type":"post","link":"https:\/\/revistacultura.ro\/nou\/cat-de-populara-e-miscarea-populara\/","title":{"rendered":"C\u00e2t de populara e Miscarea Populara?"},"content":{"rendered":"<p><em><strong>Stiu ca se fac speculatii asupra capacitatii gastii basesciene de a se camufla sub blana unei nou-inventate Miscari Populare. Articolul meu nu \u00eesi propune sa examineze popularitatea electorala a facaturii. Vom vedea la urne daca alegatorii vor fi pacaliti si tot atunci vor vedea si creaturile basesciene c\u00e2te parale fac \u201econsilierii\u201c care i-au sfatuit sa se ascunda ca lupul sub blana oii.<\/strong><\/em><br \/>\nAcum ma intereseaza altceva. Si anume, daca Miscarea Populara este populara \u00een \u00eentelesul doctrinar pe care l-a dat acestui termen Jos\u00e9 Mar\u00eca Aznar, initiatorul transformarii fostei uniuni a partidelor democrat-crestine \u00een actualul Partid Popular European. Al carui membru PDL (\u00eenca) este.<br \/>\nAsadar, \u00eentrebarea nu este daca Miscarea Populara, prin primarii si serviciile care o ajuta, va distribui sau nu galeti si pelerine de ploaie, pentru ca sa-si mentina controlul asupra administratiei locale. Asta este o certitudine. Este suficient sa vezi c\u00e2ti patroni s-au decis, brusc, sa investeasca \u00een posturi de televiziune supuse Puterii, ca sa \u00eentelegi ca se vor pune \u00een joc sume colosale. Caci, \u00een 2012, actuala Putere nu da o batalie pentru a-si mentine puterea si privilegiile, ci pentru a ram\u00e2ne \u00een libertate.<br \/>\n\u00centrebarea este, \u00eensa, \u00een ce masura un eventual succes al Miscarii Populare la alegerile locale \u2013 care, av\u00e2nd \u00een vedere cota lui Basescu, ar \u00eensemna sa ia macar un 30% \u2013 ar putea propulsa aceasta constructie \u00een postura de partid de centru-dreapta, de factura populara. Asa cum PDL \u00eencearca \u00een zadar sa fie, de 7 ani \u00eencoace.<br \/>\nPartidul Popular European nu este o familie politica, \u00een \u00eentelesul \u00een care sunt Partidul European al Socialistilor sau Partidul Liberalilor Europeni. Daca deschizi situl lui de Internet, observi tot soiul de simboluri care atesta ca, desi domina de mai multe legislaturi Parlamentul European, consistenta lui doctrinara este destul de scazuta. Apar, de pilda, alaturi de sigla PPE, si literele CD, ceea ce \u00eenseamna fie \u201ecrestin-democrat\u201c, \u00een tari ca Italia sau Germania, fie \u201ecentru-dreapta\u201c, \u00een tari ca Franta sau Ungaria. Exista, printre formatiunile afiliate, si partide din Albania sau Turcia, tari \u00een care e mai bine sa nu vorbesti despre crestin-democratie, dupa cum, \u00een trecutul nu foarte \u00eendepartat, PPE a cochetat cu ideea de a primi ca membru, \u00een timpul mandatului lui Tony Blair, Partidul Laburist al acestuia.<br \/>\nTotusi, c\u00e2teva elemente de doctrina sunt certe \u00een PPE. Ele tin at\u00e2t de mostenirea crestin-democrata, c\u00e2t si de inovatiile aduse de ascensiunea, la jumatatea anilor &#8217;90, a Partidului Popular Spaniol.<br \/>\nPrimul dintre acestea este, indiscutabil, o str\u00e2nsa legatura cu Vaticanul. Nu numai personala. \u00cenainte de toate, o legatura cu acele valori la care Vaticanul este sensibil: familia, traditia, moralitatea publica, temperanta. Vaticanul nu s-a \u00eempacat nici p\u00e2na azi \u2013 si pe buna dreptate \u2013 cu faptul ca Tratatul de la Lisabona nu mentioneaza radacinile iudeo-crestine ale Europei si nici cu drepturile tot mai mari pe care le obtin, \u00een unele state membre, minoritatile sexuale. Actuala orientare, vadit materialista, a lumii contemporane, vizibila mai ales \u00een SUA si pe Batr\u00e2nul Continent, a constituit de nenumarate ori tinta criticilor Sf\u00e2ntului Scaun. Nu \u00een ultimul r\u00e2nd, comportamentul unora dintre oamenii publici europeni lezeaza morala crestina si, chiar daca Sf\u00e2ntul Parinte nu poate proceda ca Antim Ivireanul, care-i certa pe boieri fatis, din amvon, \u00eendemnul la moralitate, la modestie si \u00eenfr\u00e2nare se aude des si \u00een bisericile catolice.<br \/>\n<strong>Ce avem noi?<\/strong><br \/>\nMai \u00eent\u00e2i, avem o miscare al carei mobil este imoral \u00eenca din punctul de pornire. Caci nu vizeaza sa puna \u00een opera o tendinta a electoratului, careia sa \u00eei dea forma si continut politic. Ci sa travesteasca niste politicieni expirati, profund detestati de electorat, dupa cum o arata sondajele si demonstratiile din \u00eentreaga tara. Acesti politicieni, pe de alta parte, au ilustrat \u00een diverse momente ale carierei lor, \u00eentr-un remarcabil contrast cu dorintele electoratului, puncte de vedere cu totul contrare convingerilor politice ale Bisericii Catolice. Traian Basescu, ne amintim cu totii, a sugerat c\u00e2ndva ca, \u00eentruc\u00e2t \u00een Rom\u00e2nia cca 25% din populatie ar fi de orientare homosexuala (este cifra avansata de el, se-ntelege), ar fi cazul ca drepturile acestora sa fie extinse si \u00een legislatia noastra, dupa modelul occidental. Fiica sa, faimoasa EBA, a militat \u00een favoarea consumului de droguri \u201eusoare\u201c si duce o viata de petreceri, departe de modelul auster pe care \u00eel apreciaza Vaticanul. Dl Teodor Baconski, desi fost ambasador la Sf\u00e2ntul Scaun, nu dispretuieste petrecerile \u00een jacuzzi si nici nu-l zguduie constiinta daca din h\u00e2rtiile unei ambasade rezulta ca oamenii pot vota \u00een 12 secunde. Despre alti corifei ai virtutilor crestine de la PDL, pe care \u00eei vom gasi, probabil, pe lista candidatilor locali ai Miscarii Populare, nici nu e cazul sa mai vorbim: miscarea are o \u00eenfatisare politica diametral opusa \u00eenfatisarii unei formatiuni de tip popular.<br \/>\nO problema o constituie si st\u00e2ngismul maoist al unora dintre intelectualii care, la ordinele Cotrocenilor, sustin si vor sustine noua smecherie a Puterii. Pentru a fi cu adevarat populara, \u00een sensul pe care \u00eel da PPE termenului, miscarea ar trebui sa faca o profesiune de credinta, bunaoara, din sustinerea Bisericii stramosesti. Or, intelectualii din spatele ei sunt cei care au amplasat prin tara panouri care sugereaza ca nu s-au facut spitale \u00een Rom\u00e2nia, dupa &#8217;89, din cauza ca s-au facut biserici, si care au acuzat Biserica Ortodoxa Rom\u00e2na ca nu se comporta \u201edemocratic\u201c cu sectele. Publicatiile \u00een care se transpira serios pentru sustinerea regimului Basescu sunt aceleasi \u00een care intelectualii \u201ede dreapta\u201c, atei \u00een realitate, acuza Rom\u00e2nia ca este un stat \u201eteocratic\u201c si BOR ca \u201ese amesteca \u00een viata publica\u201c. Teme si discutii socante, dupa deceniile de ateism programat si de prigoana a Bisericii, si care \u00een orice caz nu cadreaza cu programul PPE. Daca profesorul Rocco Buttiglione, de pilda, una dintre figurile carismatice ale democratiei crestine italiene si unul dintre ideologii culturali ai PPE, ar citi ce scriu despre valorile traditionale publicatiile care sustin PDL, ar face apoplexie.<br \/>\n\u00cen sf\u00e2rsit, trebuie sa vorbim si despre coruptie. Stim ca ea exista peste tot \u00een Europa, iar eu, personal, fac parte dintre cei care cred ca nu trebuie sa acceptam afirmatiile unor politicieni occidentali, conform carora noi am fi coruptii Europei. Totusi, trebuie sa remarcam ca practici electorale de genul celor pe care le-am vazut la alegerile partiale de prin nordul Moldovei, c\u00e2stigate (cum altfel?) de catre reprezentantii PDL, sunt repudiate cu asprime, mai ales \u00een PPE. Scandalul Wulff, \u00een care majoritatea crestin-democrata din Parlamentul German l-a \u00eempins pe presedintele tarii sa demisioneze, \u00eentr-un caz cu totul venial, pe l\u00e2nga panamalele de la noi, arata \u00een ce masura PPE se manifesta necrutator cu imoralitatea politica. Miscarea Populara, care mizeaza pe galeti, pungi cu zahar si presiuni asupra salariatilor bugetari, iese complet din peisajul politic popular european.<br \/>\nSa ne-ntelegem: nu suntem pudibonzi, iar puritatea doctrinara nu este o garantie a unei politici bune. \u00censa, sa nu uitam, unul dintre caii de bataie ai lui Basescu \u00eempotriva USL \u00eel constituie faptul ca este o alianta \u00eentre trei partide diferite doctrinar. Or, cineva care \u00eenfiinteaza o miscare de tip bolsevic, prin care se intentioneaza doar pacalirea electoratului si fraudarea vointei acestuia, nu are nici un drept sa acuze o alianta politica facuta la lumina zilei, cu obiective clare si fara ca partidele care o alcatuiesc sa renunte la identitatea lor. PSD, PNL si PC au fost de acord sa \u00eesi puna \u00een joc identitatea pentru a scapa Rom\u00e2nia de dezastru si a alcatui o echipa de guvernare competenta. Cei care au adus tara pe marginea prapastiei \u00eesi schimba identitatea, dar nu si naravul.<br \/>\nMiscarea Populara este FDUS-ul regimului Basescu. Si seamana uluitor, ca viziune si executie, cu \u201efronturile populare\u201c \u00eenfiintate \u00een fostele republici sovietice, \u00een timpul perestroicii. Prefacatoria Miscarii Populare e mult prea mare.<\/p>\n","protected":false},"excerpt":{"rendered":"<p>Stiu ca se fac speculatii asupra capacitatii gastii basesciene de a se camufla sub blana unei nou-inventate Miscari Populare. Articolul meu nu \u00eesi propune sa examineze popularitatea electorala a facaturii. Vom vedea la urne daca alegatorii vor fi pacaliti si tot atunci vor vedea si creaturile basesciene c\u00e2te parale fac \u201econsilierii\u201c care i-au sfatuit sa&hellip;&nbsp;<a href=\"https:\/\/revistacultura.ro\/nou\/cat-de-populara-e-miscarea-populara\/\" rel=\"bookmark\">Cite\u0219te mai mult &raquo;<span class=\"screen-reader-text\">C\u00e2t de populara e Miscarea Populara?<\/span><\/a><\/p>\n","protected":false},"author":3,"featured_media":0,"comment_status":"open","ping_status":"open","sticky":false,"template":"","format":"standard","meta":{"neve_meta_sidebar":"","neve_meta_container":"","neve_meta_enable_content_width":"","neve_meta_content_width":0,"neve_meta_title_alignment":"","neve_meta_author_avatar":"","neve_post_elements_order":"","neve_meta_disable_header":"","neve_meta_disable_footer":"","neve_meta_disable_title":"","jetpack_post_was_ever_published":false,"_jetpack_newsletter_access":"","_jetpack_dont_email_post_to_subs":false,"_jetpack_newsletter_tier_id":0,"_jetpack_memberships_contains_paywalled_content":false,"_jetpack_memberships_contains_paid_content":false,"footnotes":"","jetpack_publicize_message":"","jetpack_publicize_feature_enabled":true,"jetpack_social_post_already_shared":false,"jetpack_social_options":{"image_generator_settings":{"template":"highway","default_image_id":0,"font":"","enabled":false},"version":2}},"categories":[3],"tags":[7472,7471,7473],"class_list":["post-11196","post","type-post","status-publish","format-standard","hentry","category-politica","tag-alegerile-locale","tag-miscarea-populara","tag-partid-de-centru-dreapta"],"views":2084,"jetpack_publicize_connections":[],"jetpack_featured_media_url":"","jetpack_sharing_enabled":true,"jetpack-related-posts":[],"_links":{"self":[{"href":"https:\/\/revistacultura.ro\/nou\/wp-json\/wp\/v2\/posts\/11196","targetHints":{"allow":["GET"]}}],"collection":[{"href":"https:\/\/revistacultura.ro\/nou\/wp-json\/wp\/v2\/posts"}],"about":[{"href":"https:\/\/revistacultura.ro\/nou\/wp-json\/wp\/v2\/types\/post"}],"author":[{"embeddable":true,"href":"https:\/\/revistacultura.ro\/nou\/wp-json\/wp\/v2\/users\/3"}],"replies":[{"embeddable":true,"href":"https:\/\/revistacultura.ro\/nou\/wp-json\/wp\/v2\/comments?post=11196"}],"version-history":[{"count":0,"href":"https:\/\/revistacultura.ro\/nou\/wp-json\/wp\/v2\/posts\/11196\/revisions"}],"wp:attachment":[{"href":"https:\/\/revistacultura.ro\/nou\/wp-json\/wp\/v2\/media?parent=11196"}],"wp:term":[{"taxonomy":"category","embeddable":true,"href":"https:\/\/revistacultura.ro\/nou\/wp-json\/wp\/v2\/categories?post=11196"},{"taxonomy":"post_tag","embeddable":true,"href":"https:\/\/revistacultura.ro\/nou\/wp-json\/wp\/v2\/tags?post=11196"}],"curies":[{"name":"wp","href":"https:\/\/api.w.org\/{rel}","templated":true}]}}