{"id":21871,"date":"2026-04-24T12:07:01","date_gmt":"2026-04-24T09:07:01","guid":{"rendered":"https:\/\/revistacultura.ro\/agenda\/?p=21871"},"modified":"2026-04-24T12:21:49","modified_gmt":"2026-04-24T09:21:49","slug":"un-concert-cat-o-primavara-baroca-haendel-si-ansamblul-sempre-la-mnar","status":"publish","type":"post","link":"https:\/\/revistacultura.ro\/agenda\/2026\/04\/un-concert-cat-o-primavara-baroca-haendel-si-ansamblul-sempre-la-mnar\/","title":{"rendered":"Un concert c\u00e2t o prim\u0103var\u0103 baroc\u0103: Haendel \u0219i ansamblul Sempre la MNAR"},"content":{"rendered":"\n<iframe loading=\"lazy\" src=\"https:\/\/www.facebook.com\/plugins\/video.php?height=476&#038;href=https%3A%2F%2Fwww.facebook.com%2Freel%2F1877232602962081%2F&#038;show_text=false&#038;width=267&#038;t=0\" width=\"267\" height=\"476\" style=\"border:none;overflow:hidden\" scrolling=\"no\" frameborder=\"0\" allowfullscreen=\"true\" allow=\"autoplay; clipboard-write; encrypted-media; picture-in-picture; web-share\" allowFullScreen=\"true\"><\/iframe>\n\n\n\n<p>Sonatele pentru instrument solo \u0219i basso continuo ale lui G. Fr. Haendel sunt propunerile concertului din 26 aprilie de la Sala Auditorium&nbsp;a Muzeului Na\u021bional de Art\u0103 al Rom\u00e2niei. Evenimentul face parte din programul Stagiunii de Muzic\u0103 Veche Bucure\u0219ti 2026 \u0219i \u00eel are ca solist pe violonistul Rafael Butaru, al\u0103turi de L\u00e1z\u00e1r Zsombor (violoncel baroc), Filip Zsombor (chitar\u0103 baroc\u0103, teorb\u0103) \u0219i Raluca Enea (clavecin).<br \/><strong>\u201eHaendel Opus 1\u201d <\/strong>este o colec\u021bie de maturitatea artistic\u0103 a lui Haendel (Amsterdam, 1730) \u0219i exploreaz\u0103 crea\u021bia pentru vioar\u0103 solo \u0219i basso continuo. La data apari\u021biei colec\u021biei, Haendel era, deja, de 20 de ani \u00een Anglia \u0219i \u00ee\u0219i construise o solid\u0103 reputa\u021bie, de\u021bin\u00e2nd titlul de compozitor al cur\u021bii regale.<br \/><strong>Ansamblul de muzic\u0103 baroc\u0103 SEMPRE<\/strong> a fost fondat \u00een anul 2020 de clavecinista Raluca Enea \u0219i reune\u0219te muzicieni specializa\u021bi \u00een interpretarea muzicii vechi. Are o activitate intens\u0103 fiind prezent p\u00e2n\u0103 acum la cele mai importante evenimente de profil din \u021bar\u0103, precum Festivalul Interna\u021bional \u201eGeorge Enescu\u201d, Festivalul de Muzic\u0103 Veche Bucure\u0219ti, Festivalul de Muzic\u0103 Veche Miercurea-Ciuc, etc.<\/p>\n\n\n\n<p>Pentru bilete: <a href=\"https:\/\/tinyurl.com\/HaendelOpus1-1-SMVB2026?fbclid=IwZXh0bgNhZW0CMTAAc3J0YwZhcHBfaWQQMjIyMDM5MTc4ODIwMDg5MgABHl5Rt9pkfKvrEvmP5jh9Gjzjaoy10H1xQkWzIOUsyPqKyCzxUvND39HArgTq_aem_IWGsCLtqnxKNduLCWPDPLw\" target=\"_blank\" rel=\"noreferrer noopener\">https:\/\/tinyurl.com\/HaendelOpus1-1-SMVB2026<\/a><br \/>Programul complet al Stagiunii: <a href=\"https:\/\/tinyurl.com\/SMVB2026\">https:\/\/tinyurl.com\/SMVB2026<\/a><\/p>\n\n\n\n<p><strong>Mai multe detalii:<\/strong><br \/>Stagiunea de Muzic\u0103 Veche Bucure\u0219ti &#8211; Comunicat de pres\u0103<br \/>22.04.2026<br \/>Haendel continu\u0103 prim\u0103vara baroc\u0103 a Stagiunii de Muzic\u0103 Veche Bucure\u0219ti<br \/>V\u0103 invit\u0103m s\u0103 descoperim \u00eempreun\u0103 noutatea muzicii vechi la HAENDEL Opus 1 (Integrala \u2014 ep. 1). Un concert c\u00e2t o prim\u0103var\u0103 baroc\u0103! <br \/>Duminic\u0103. 26 Aprilie 2026, la Sala Auditorium (MNAR). Pentru bilete: <a href=\"https:\/\/tinyurl.com\/HaendelOpus1-1-SMVB2026?fbclid=IwZXh0bgNhZW0CMTAAc3J0YwZhcHBfaWQQMjIyMDM5MTc4ODIwMDg5MgABHl5Rt9pkfKvrEvmP5jh9Gjzjaoy10H1xQkWzIOUsyPqKyCzxUvND39HArgTq_aem_IWGsCLtqnxKNduLCWPDPLw\" target=\"_blank\" rel=\"noreferrer noopener\">https:\/\/tinyurl.com\/HaendelOpus1-1-SMVB2026<\/a><br \/>Ansamblul bucure\u0219tean SEMPRE <em>continuo<\/em> propune o \u201eIntegral\u0103\u201d Haendel. Un proiect de anduran\u021b\u0103 \u0219i maturitate artistic\u0103 ce acoper\u0103 exhaustiv o zon\u0103 repertorial\u0103 dificil\u0103 \u0219i consistent\u0103 &#8211; sonatele pentru instrument solo \u0219i basso continuo ale lui G. Fr. Haendel. Proiectul se \u00eentinde pe durata a trei recitaluri. Concertul din 26 Aprilie deschide seria acestora cu un prim episod, av\u00e2ndu\u2011l solist pe violonistul Rafael Butaru, al\u0103turi de L\u00e1z\u00e1r Zsombor (violoncel baroc), Filip Zsombor (chitar\u0103 baroc\u0103, teorb\u0103) \u0219i Raluca Enea (clavecin).<br \/>Evenimentul programeaz\u0103 primul episod al integralei &#8211; \u201eHaendel Opus 1\u201d. Colec\u021bia a ap\u0103rut la maturitatea artistic\u0103 a lui Haendel (Amsterdam, 1730) \u0219i exploreaz\u0103 crea\u021bia pentru vioar\u0103 solo \u0219i basso continuo. La data apari\u021biei colec\u021biei, Haendel era, deja, de 20 de ani \u00een Anglia \u0219i \u00ee\u0219i construise o solid\u0103 reputa\u021bie, fiind naturalizat britanic \u0219i de\u021bin\u00e2nd titlul de compozitor al cur\u021bii regale. <br \/>Repertoriul concertului:<br \/>&#8211; Sonata 1 \u00een mi minor (HWV 359 b): Grave &#8211; Allegro &#8211; Adagio \u2013 Allegro<br \/>&#8211; Sonata 5 \u00een sol major (HWV 363 b): Adagio &#8211; Allegro &#8211; Andante \u2013 Bour\u00e9<br \/>&#8211; Sonata \u00een sol major (HWV 358): Allegro &#8211; Adagio \u2013 Allegro<br \/>&#8211; Sonata 9 \u00een si minor (HWV 367b): Largo &#8211; Vivace &#8211; Presto &#8211; Adagio &#8211; Alla Breve &#8211; A Tempo di Minuet<br \/>&#8211; Sonata \u00een re major (HWV 371): Affetuoso \u2013 Allegro \u2013 Larghetto \u2013 Allegro <br \/>* Ordonarea lucr\u0103rilor \u00een acest mod este inspirat\u0103 din volumul de Sonate Opus 1 ale lui G. Fr. Haendel, editat la Performer&#8217;s Facsimiles, editur\u0103 care a utilizat una dintre copiile manuscrisului aflat \u00een colec\u021bia Library of Congress (Washington D.C.). Pentru o abordare extins\u0103 asupra lucr\u0103rilor de acest tip ale lui Haendel, am ales ad\u0103ugarea a dou\u0103 dintre lucr\u0103rile care nu sunt cuprinse \u00een acest volum, fiind inserate \u00een manuscrise alternative. <br \/>Ansamblul de muzic\u0103 baroc\u0103 SEMPRE a fost fondat \u00een anul 2020 de clavecinista Raluca Enea \u0219i reune\u0219te muzicieni specializa\u021bi \u00een interpretarea muzicii vechi. Repertoriul abordat este, \u00een principal, cel al Barocului muzical de secol XVIII dar programele de concert abordeaz\u0103 \u0219i piese apar\u021bin\u00e2nd sec. al XVII-lea sau lucr\u0103ri din perioada premerg\u0103toare Clasicismului muzical. Preocup\u0103rile membrilor ansamblului se refer\u0103 la autenticitatea interpret\u0103rii (din perspectiva stilisticii muzicale \u0219i din cea a instrumentelor utilizate \u2013 copii dup\u0103 originale istorice) \u0219i la cercetarea muzicologic\u0103 minu\u021bioas\u0103, aspecte ce permit abordarea unor concepte repertoriale originale. <br \/>Ansamblul are o structur\u0103 modular\u0103, adaptabil\u0103 mai multor tipuri de repertoriu, merg\u00e2nd de la formule camerale de duo sau trio, p\u00e2n\u0103 la formule extinse, de tip orchestral. De\u0219i \u00eenfiin\u021bat relativ recent ansamblul are o activitate intens\u0103 fiind prezent p\u00e2n\u0103 acum la cele mai importante evenimente de profil din \u021bar\u0103, precum Festivalul Interna\u021bional \u201eGeorge Enescu\u201d, Festivalul de Muzic\u0103 Veche Bucure\u0219ti, Festivalul de Muzic\u0103 Veche Miercurea-Ciuc, etc. Ansamblul SEMPRE colaboreaz\u0103 cu muzicieni importan\u021bi din domeniul muzicii baroce precum violonistele Mira Glodeanu, Petra M\u00fcllejans \u0219i Martyna Pastuszka, l\u0103utistul Xavier D\u00edaz-Latorre sau flautistul Fran\u00e7ois Lazarevich. Un proiect important din viitorul apropiat este finalizarea albumului audio \u201eSempre Vivaldi\u201d. \u00centre produc\u021biile din ultimii doi ani ale ansamblului se num\u0103r\u0103: \u201eSempre Vivaldi\u201d, \u201eHaendel vs Haendel\u201d, \u201eLes Caract\u00e8res\u201d, \u201eBaroque unknown\u201d, \u201eSparkling Haendel\u201d, \u201eBach by night\u201d, \u201eTo B or not to B\u201d, \u201eBlack and White. Vivaldi\u201d, \u201eLa Notte\u201d, \u201eLa Follia\u201d, \u201eExotique\u201d, \u201eBach 340\u201d, \u201eSoli e tutti\u201d, \u201eSempervivum\u201d, \u201eStylus Fantasticus\u201d, \u201eInspired by Bach\u201d (ultimele 4 proiecte sunt realizate \u00eempreun\u0103 cu violonista Mira Glodeanu), Naturalia by Sempre, Metamorphosis, Elevatio, Barocco Italiano. <br \/>Pentru programul complet al Stagiunii \u0219i alte evenimente: <a href=\"https:\/\/tinyurl.com\/SMVB2026\">https:\/\/tinyurl.com\/SMVB2026<\/a><\/p>\n\n\n\n<p><\/p>\n","protected":false},"excerpt":{"rendered":"<p>Sonatele pentru instrument solo \u0219i basso continuo ale lui G. Fr. Haendel sunt propunerile concertului din 26 aprilie de la Sala Auditorium&nbsp;a Muzeului Na\u021bional de Art\u0103 al Rom\u00e2niei. Evenimentul face parte din programul Stagiunii de Muzic\u0103 Veche Bucure\u0219ti 2026 \u0219i \u00eel are ca solist pe violonistul Rafael Butaru, al\u0103turi de L\u00e1z\u00e1r Zsombor (violoncel baroc), Filip&hellip;&nbsp;<a href=\"https:\/\/revistacultura.ro\/agenda\/2026\/04\/un-concert-cat-o-primavara-baroca-haendel-si-ansamblul-sempre-la-mnar\/\" rel=\"bookmark\">Cite\u0219te mai mult &raquo;<span class=\"screen-reader-text\">Un concert c\u00e2t o prim\u0103var\u0103 baroc\u0103: Haendel \u0219i ansamblul Sempre la MNAR<\/span><\/a><\/p>\n","protected":false},"author":1,"featured_media":21872,"comment_status":"open","ping_status":"open","sticky":false,"template":"","format":"standard","meta":{"neve_meta_sidebar":"","neve_meta_container":"","neve_meta_enable_content_width":"","neve_meta_content_width":0,"neve_meta_title_alignment":"","neve_meta_author_avatar":"","neve_post_elements_order":"","neve_meta_disable_header":"","neve_meta_disable_footer":"","neve_meta_disable_title":"","jetpack_post_was_ever_published":false,"_jetpack_newsletter_access":"","_jetpack_dont_email_post_to_subs":false,"_jetpack_newsletter_tier_id":0,"_jetpack_memberships_contains_paywalled_content":false,"_jetpack_memberships_contains_paid_content":false,"footnotes":"","jetpack_publicize_message":"","jetpack_publicize_feature_enabled":true,"jetpack_social_post_already_shared":true,"jetpack_social_options":{"image_generator_settings":{"template":"highway","default_image_id":0,"font":"","enabled":false},"version":2}},"categories":[885],"tags":[],"class_list":["post-21871","post","type-post","status-publish","format-standard","has-post-thumbnail","hentry","category-semnal"],"jetpack_publicize_connections":[],"jetpack_featured_media_url":"https:\/\/revistacultura.ro\/agenda\/wp-content\/uploads\/2026\/04\/Newsl-newsman-Haendel-1280x720-1.gif","jetpack_sharing_enabled":true,"jetpack-related-posts":[{"id":21783,"url":"https:\/\/revistacultura.ro\/agenda\/2026\/03\/barocco-italiano-la-ateneu-pe-21-martie\/","url_meta":{"origin":21871,"position":0},"title":"Barocco Italiano la Ateneu pe 21 martie","author":"Cultura","date":"20 martie 2026","format":false,"excerpt":"\u201eun concert c\u00e2t o prim\u0103var\u0103 baroc\u0103\u201d S\u00e2mb\u0103t\u0103, 21 martie 2026, de la ora 19, la Ateneul Rom\u00e2n Evenimentul este ocazionat de Ziua Muzicii Vechi - programat\u0103 \u00een fiecare an \u00een ziua de 21 Martie. O dat\u0103 ce marcheaz\u0103 debutul prim\u0103verii \u0219i na\u0219terea celui mai relevant \u0219i prolific autor al muzicii\u2026","rel":"","context":"\u00cen \u201ecomunicate\u201d","block_context":{"text":"comunicate","link":"https:\/\/revistacultura.ro\/agenda\/category\/comunicate\/"},"img":{"alt_text":"","src":"https:\/\/i0.wp.com\/revistacultura.ro\/agenda\/wp-content\/uploads\/2026\/03\/barocco.webp?resize=350%2C200&ssl=1","width":350,"height":200,"srcset":"https:\/\/i0.wp.com\/revistacultura.ro\/agenda\/wp-content\/uploads\/2026\/03\/barocco.webp?resize=350%2C200&ssl=1 1x, https:\/\/i0.wp.com\/revistacultura.ro\/agenda\/wp-content\/uploads\/2026\/03\/barocco.webp?resize=525%2C300&ssl=1 1.5x, https:\/\/i0.wp.com\/revistacultura.ro\/agenda\/wp-content\/uploads\/2026\/03\/barocco.webp?resize=700%2C400&ssl=1 2x"},"classes":[]},{"id":19906,"url":"https:\/\/revistacultura.ro\/agenda\/2017\/02\/muzeul-national-cotroceni-expozitia-de-pictura-contemporana-vasile-pop-negresteanu-semne-din-lada-cu-zestre\/","url_meta":{"origin":21871,"position":1},"title":"Muzeul Na\u0163ional Cotroceni: Expozi\u0163ia de pictur\u0103 contemporan\u0103  Vasile Pop Negre\u0219teanu &#8211; &#8222;Semne din lada cu zestre&#8221;","author":"Revista","date":"8 februarie 2017","format":false,"excerpt":"\u00a0 Administra\u0163ia Preziden\u0163ial\u0103 Muzeul Na\u0163ional Cotroceni COMUNICAT DE PRES\u0102 \u00a0 Expozi\u0163ie de pictur\u0103 contemporan\u0103: Vasile Pop Negre\u0219teanu - \"Semne din lada cu zestre\" \u00a0 \u00a0 Muzeul Na\u0163ional Cotroceni organizeaz\u0103 joi, 9 februarie 2017, orele 18.00, \u00een spa\u0163iile medievale, vernisajul expozi\u0163iei de pictur\u0103 contemporan\u0103 \"Semne din lada cu zestre\" - a\u2026","rel":"","context":"\u00cen \u201eAgenda culturala\u201d","block_context":{"text":"Agenda culturala","link":"https:\/\/revistacultura.ro\/agenda\/category\/agenda-cultura\/"},"img":{"alt_text":"","src":"https:\/\/i0.wp.com\/revistacultura.ro\/agenda\/wp-content\/uploads\/2017\/02\/afis-A4.jpg?resize=350%2C200&ssl=1","width":350,"height":200,"srcset":"https:\/\/i0.wp.com\/revistacultura.ro\/agenda\/wp-content\/uploads\/2017\/02\/afis-A4.jpg?resize=350%2C200&ssl=1 1x, https:\/\/i0.wp.com\/revistacultura.ro\/agenda\/wp-content\/uploads\/2017\/02\/afis-A4.jpg?resize=525%2C300&ssl=1 1.5x, https:\/\/i0.wp.com\/revistacultura.ro\/agenda\/wp-content\/uploads\/2017\/02\/afis-A4.jpg?resize=700%2C400&ssl=1 2x, https:\/\/i0.wp.com\/revistacultura.ro\/agenda\/wp-content\/uploads\/2017\/02\/afis-A4.jpg?resize=1050%2C600&ssl=1 3x, https:\/\/i0.wp.com\/revistacultura.ro\/agenda\/wp-content\/uploads\/2017\/02\/afis-A4.jpg?resize=1400%2C800&ssl=1 4x"},"classes":[]},{"id":21257,"url":"https:\/\/revistacultura.ro\/agenda\/2025\/07\/prima-serie-de-spectacole-imersive-din-istoria-festivalului-enescu\/","url_meta":{"origin":21871,"position":2},"title":"Prima serie de spectacole imersive din istoria Festivalului Enescu","author":"Cultura","date":"24 iulie 2025","format":false,"excerpt":"Festivalul Interna\u021bional George Enescu\u00a0face un pas semnificativ \u00een direc\u021bia inova\u021biei artistice \u0219i propune, \u00een cadrul edi\u021biei din 2025, un nou format de prezentare a muzicii clasice \u0219i contemporane:\u00a0seria de spectacole Enescu - JTI Immersive Experience, desf\u0103\u0219urate la\u00a0MINA, Muzeul Artei Noi Imersive. Aceast\u0103 premier\u0103 absolut\u0103 pentru festival marcheaz\u0103 o deschidere c\u0103tre\u2026","rel":"","context":"\u00cen \u201ecomunicate\u201d","block_context":{"text":"comunicate","link":"https:\/\/revistacultura.ro\/agenda\/category\/comunicate\/"},"img":{"alt_text":"","src":"https:\/\/i0.wp.com\/revistacultura.ro\/agenda\/wp-content\/uploads\/2025\/07\/foto-Gigi-Caciuleanu.webp?resize=350%2C200&ssl=1","width":350,"height":200,"srcset":"https:\/\/i0.wp.com\/revistacultura.ro\/agenda\/wp-content\/uploads\/2025\/07\/foto-Gigi-Caciuleanu.webp?resize=350%2C200&ssl=1 1x, https:\/\/i0.wp.com\/revistacultura.ro\/agenda\/wp-content\/uploads\/2025\/07\/foto-Gigi-Caciuleanu.webp?resize=525%2C300&ssl=1 1.5x, https:\/\/i0.wp.com\/revistacultura.ro\/agenda\/wp-content\/uploads\/2025\/07\/foto-Gigi-Caciuleanu.webp?resize=700%2C400&ssl=1 2x"},"classes":[]},{"id":20101,"url":"https:\/\/revistacultura.ro\/agenda\/2019\/07\/istoria-transilvaniei-de-ioan-aurel-pop-si-ioan-bolovan\/","url_meta":{"origin":21871,"position":3},"title":"Istoria Transilvaniei de Ioan Aurel Pop \u0219i Ioan Bolovan","author":"Revista Cultura","date":"2 iulie 2019","format":false,"excerpt":"Ap\u0103rut \u00een anul 2014, \u00een limba rom\u00e2n\u0103, la editura\u00a0 Cluj Napoca, volumul Istoria Transilvaniei este o carte complex\u0103 \u00een care sunt adunate toate bucuriile \u0219i suferin\u021bele tr\u0103ite de-a lungul timpului de mai multe popoare: rom\u00e2ni, maghiari, germani, evrei etc. \u00a0Volumul a fost tradus \u00een limba italian\u0103 de Floarea Maria Pop,\u2026","rel":"","context":"\u00cen \u201eAgenda culturala\u201d","block_context":{"text":"Agenda culturala","link":"https:\/\/revistacultura.ro\/agenda\/category\/agenda-cultura\/"},"img":{"alt_text":"","src":"","width":0,"height":0},"classes":[]},{"id":18016,"url":"https:\/\/revistacultura.ro\/agenda\/2014\/03\/64-850-de-dolari-pentru-doua-volume-din-mein-kampf\/","url_meta":{"origin":21871,"position":4},"title":"64.850 de dolari pentru dou\u0103 volume din \u201eMein Kampf\u201d!","author":"Revista","date":"13 martie 2014","format":false,"excerpt":"Dou\u0103 volume cu autograf din \u201eMein Kampf\u201d, manifestul ideologic al lui Adolf Hitler, au fost v\u00e2ndute s\u0103pt\u0103m\u00e2na trecut\u0103 pentru suma de 64.850 de dolari, \u00een Los Angeles. Cele dou\u0103 volume ale lucr\u0103rii, care schi\u0163eaz\u0103 ideologia antisemit\u0103 a regimului nazist, poart\u0103 autograful lui Hitler \u015fi sunt dedicate lui Josef Bauer \u2013\u2026","rel":"","context":"\u00cen \u201eAgenda culturala\u201d","block_context":{"text":"Agenda culturala","link":"https:\/\/revistacultura.ro\/agenda\/category\/agenda-cultura\/"},"img":{"alt_text":"","src":"","width":0,"height":0},"classes":[]},{"id":21686,"url":"https:\/\/revistacultura.ro\/agenda\/2026\/02\/22-02-cluj-concert-film-keith-jarrett\/","url_meta":{"origin":21871,"position":5},"title":"22.02, Cluj: Concert &amp; film Keith Jarrett","author":"Cultura","date":"18 februarie 2026","format":false,"excerpt":"Concert \u0219i film - 50 de ani ai albumului K\u00d6LN CONCERT de Keith Jarrett Istoricul album de pian solo\u00a0K\u00f6ln Concert\u00a0al lui\u00a0Keith Jarrett\u00a0a fost \u00eenregistrat \u00een 24 ianuarie 1975 la Opera din\u00a0K\u00f6ln, gra\u021bie eforturilor organizatorice depuse de Vera Brandes. Aceasta avea pe atunci 18 ani \u0219i era cea mai t\u00e2n\u0103r\u0103 impresar\u0103\u2026","rel":"","context":"\u00cen \u201eAgenda culturala\u201d","block_context":{"text":"Agenda culturala","link":"https:\/\/revistacultura.ro\/agenda\/category\/agenda-cultura\/"},"img":{"alt_text":"","src":"https:\/\/i0.wp.com\/revistacultura.ro\/agenda\/wp-content\/uploads\/2026\/02\/jazz-concert.webp?resize=350%2C200&ssl=1","width":350,"height":200,"srcset":"https:\/\/i0.wp.com\/revistacultura.ro\/agenda\/wp-content\/uploads\/2026\/02\/jazz-concert.webp?resize=350%2C200&ssl=1 1x, https:\/\/i0.wp.com\/revistacultura.ro\/agenda\/wp-content\/uploads\/2026\/02\/jazz-concert.webp?resize=525%2C300&ssl=1 1.5x, https:\/\/i0.wp.com\/revistacultura.ro\/agenda\/wp-content\/uploads\/2026\/02\/jazz-concert.webp?resize=700%2C400&ssl=1 2x"},"classes":[]}],"_links":{"self":[{"href":"https:\/\/revistacultura.ro\/agenda\/wp-json\/wp\/v2\/posts\/21871","targetHints":{"allow":["GET"]}}],"collection":[{"href":"https:\/\/revistacultura.ro\/agenda\/wp-json\/wp\/v2\/posts"}],"about":[{"href":"https:\/\/revistacultura.ro\/agenda\/wp-json\/wp\/v2\/types\/post"}],"author":[{"embeddable":true,"href":"https:\/\/revistacultura.ro\/agenda\/wp-json\/wp\/v2\/users\/1"}],"replies":[{"embeddable":true,"href":"https:\/\/revistacultura.ro\/agenda\/wp-json\/wp\/v2\/comments?post=21871"}],"version-history":[{"count":3,"href":"https:\/\/revistacultura.ro\/agenda\/wp-json\/wp\/v2\/posts\/21871\/revisions"}],"predecessor-version":[{"id":21875,"href":"https:\/\/revistacultura.ro\/agenda\/wp-json\/wp\/v2\/posts\/21871\/revisions\/21875"}],"wp:featuredmedia":[{"embeddable":true,"href":"https:\/\/revistacultura.ro\/agenda\/wp-json\/wp\/v2\/media\/21872"}],"wp:attachment":[{"href":"https:\/\/revistacultura.ro\/agenda\/wp-json\/wp\/v2\/media?parent=21871"}],"wp:term":[{"taxonomy":"category","embeddable":true,"href":"https:\/\/revistacultura.ro\/agenda\/wp-json\/wp\/v2\/categories?post=21871"},{"taxonomy":"post_tag","embeddable":true,"href":"https:\/\/revistacultura.ro\/agenda\/wp-json\/wp\/v2\/tags?post=21871"}],"curies":[{"name":"wp","href":"https:\/\/api.w.org\/{rel}","templated":true}]}}