{"id":21827,"date":"2026-04-04T13:51:07","date_gmt":"2026-04-04T10:51:07","guid":{"rendered":"https:\/\/revistacultura.ro\/agenda\/?p=21827"},"modified":"2026-04-04T13:51:09","modified_gmt":"2026-04-04T10:51:09","slug":"atelierele-rad-kids-practici-artistice-pentru-copii","status":"publish","type":"post","link":"https:\/\/revistacultura.ro\/agenda\/2026\/04\/atelierele-rad-kids-practici-artistice-pentru-copii\/","title":{"rendered":"Atelierele RAD Kids &#8211; practici artistice pentru copii"},"content":{"rendered":"\n<p>Edi\u021bia din 2026 a RAD Art Fair, care se desf\u0103\u0219oar\u0103 la Bucure\u0219ti \u00een perioada 23\u201326 aprilie, include \u00een programul s\u0103u componenta educa\u021bional\u0103 RAD Kids. Atelierele dedicate copiilor au loc pe 25 \u0219i 26 aprilie \u00een incinta CARO, situat\u0103 pe Bulevardul Barbu V\u0103c\u0103rescu nr. 164A. Proiectul este organizat sub egida asocia\u021biei Romanian Art Dealers, fondat\u0103 \u00een 2023 de galerii de art\u0103 contemporan\u0103 de top, cu scopul de a sus\u021bine scena artistic\u0103 na\u021bional\u0103.<\/p>\n\n\n\n<p>Tema central\u0103 a activit\u0103\u021bilor din acest an este reprezentat\u0103 de lumea insectelor \u0219i de modul \u00een care acestea utilizeaz\u0103 culorile \u0219i formele pentru a comunica mesaje. Participan\u021bii sunt \u00eencuraja\u021bi s\u0103 exploreze aceste mecanisme naturale pentru a crea propriile modele vizuale, capabile s\u0103 transmit\u0103 emo\u021bii sau mesaje c\u0103tre cei dragi. Programul nu impune o limit\u0103 de v\u00e2rst\u0103, gradul de dificultate al sarcinilor fiind adaptat \u00een func\u021bie de experien\u021ba \u0219i nivelul fiec\u0103rui copil.<\/p>\n\n\n\n<p>\u00cen cadrul fiec\u0103rei sesiuni, copiii au posibilitatea de a alege \u00eentre trei tehnici de lucru diferite: linogravur\u0103, pictur\u0103 sau colaj. Atelierele sunt structurate \u00een trei intervale orare zilnice, de c\u00e2te dou\u0103 ore fiecare, \u00eencep\u00e2nd cu ora 12:00 \u0219i termin\u00e2nd la ora 18:40. Pentru a asigura o \u00eendrumare adecvat\u0103, capacitatea maxim\u0103 este de nou\u0103 participan\u021bi pe sesiune, iar taxa de participare este de 50 RON pentru fiecare copil. Accesul se face pe baz\u0103 de rezervare prealabil\u0103.<\/p>\n\n\n\n<p>Activit\u0103\u021bile sunt coordonate de o echip\u0103 de facilitatori format\u0103 din S\u00e2nziana \u0218endroiu, student\u0103 la antropologie, Vlad Cocieru, regizor \u0219i ilustrator, \u0219i Ada Stan, antropolog \u0219i artist vizual. Ace\u0219tia ghideaz\u0103 copiii \u00een procesul de transpunere a ideilor teoretice \u00een limbaj vizual. Programul RAD Kids face parte dintr-un ecosistem cultural mai larg al t\u00e2rgului, care mai cuprinde un parc de sculptur\u0103, sec\u021biuni dedicate designului, publica\u021biilor de art\u0103 \u0219i o serie de conferin\u021be interna\u021bionale.<\/p>\n\n\n\n<p>Sponsorii programului sunt Banca Transilvania \u0219i Spring Farma. RAD este un program realizat de Hotel Caro din Bucure\u0219ti.<\/p>\n","protected":false},"excerpt":{"rendered":"<p>Edi\u021bia din 2026 a RAD Art Fair, care se desf\u0103\u0219oar\u0103 la Bucure\u0219ti \u00een perioada 23\u201326 aprilie, include \u00een programul s\u0103u componenta educa\u021bional\u0103 RAD Kids. Atelierele dedicate copiilor au loc pe 25 \u0219i 26 aprilie \u00een incinta CARO, situat\u0103 pe Bulevardul Barbu V\u0103c\u0103rescu nr. 164A. Proiectul este organizat sub egida asocia\u021biei Romanian Art Dealers, fondat\u0103 \u00een&hellip;&nbsp;<a href=\"https:\/\/revistacultura.ro\/agenda\/2026\/04\/atelierele-rad-kids-practici-artistice-pentru-copii\/\" rel=\"bookmark\">Cite\u0219te mai mult &raquo;<span class=\"screen-reader-text\">Atelierele RAD Kids &#8211; practici artistice pentru copii<\/span><\/a><\/p>\n","protected":false},"author":1,"featured_media":21828,"comment_status":"open","ping_status":"open","sticky":false,"template":"","format":"standard","meta":{"neve_meta_sidebar":"","neve_meta_container":"","neve_meta_enable_content_width":"","neve_meta_content_width":0,"neve_meta_title_alignment":"","neve_meta_author_avatar":"","neve_post_elements_order":"","neve_meta_disable_header":"","neve_meta_disable_footer":"","neve_meta_disable_title":"","jetpack_post_was_ever_published":false,"_jetpack_newsletter_access":"","_jetpack_dont_email_post_to_subs":false,"_jetpack_newsletter_tier_id":0,"_jetpack_memberships_contains_paywalled_content":false,"_jetpack_memberships_contains_paid_content":false,"footnotes":"","jetpack_publicize_message":"","jetpack_publicize_feature_enabled":true,"jetpack_social_post_already_shared":true,"jetpack_social_options":{"image_generator_settings":{"template":"highway","default_image_id":0,"font":"","enabled":false},"version":2}},"categories":[881],"tags":[],"class_list":["post-21827","post","type-post","status-publish","format-standard","has-post-thumbnail","hentry","category-primite-la-redactie"],"jetpack_publicize_connections":[],"jetpack_featured_media_url":"https:\/\/revistacultura.ro\/agenda\/wp-content\/uploads\/2026\/04\/rad-kid.webp","jetpack_sharing_enabled":true,"jetpack-related-posts":[{"id":21385,"url":"https:\/\/revistacultura.ro\/agenda\/2025\/09\/inscrieri-atelierele-arta-si-moda-pentru-viitor\/","url_meta":{"origin":21827,"position":0},"title":"\u00censcrieri: atelierele Art\u0103 \u0219i Mod\u0103 pentru viitor","author":"Cultura","date":"8 septembrie 2025","format":false,"excerpt":"Asocia\u021bia Elite Art lanseaz\u0103 proiectul From Waste to Wonder: Art\u0103 \u0219i Mod\u0103 pentru viitor - un demers artistic \u0219i ecologic dedicat creativit\u0103\u021bii prin upcycling \u00cen luna septembrie 2025, Asocia\u021bia Elite Art lanseaz\u0103 proiectul From Waste to Wonder: Art\u0103 \u0219i Mod\u0103 pentru viitor, co-finan\u021bat de Administra\u021bia Fondului Cultural Na\u021bional (AFCN). Proiectul\u2026","rel":"","context":"\u00cen \u201eProiecte sus\u021binute de revista CULTURA\u201d","block_context":{"text":"Proiecte sus\u021binute de revista CULTURA","link":"https:\/\/revistacultura.ro\/agenda\/category\/parteneriate\/"},"img":{"alt_text":"","src":"https:\/\/i0.wp.com\/revistacultura.ro\/agenda\/wp-content\/uploads\/2025\/09\/arta-si-moda.webp?resize=350%2C200&ssl=1","width":350,"height":200,"srcset":"https:\/\/i0.wp.com\/revistacultura.ro\/agenda\/wp-content\/uploads\/2025\/09\/arta-si-moda.webp?resize=350%2C200&ssl=1 1x, https:\/\/i0.wp.com\/revistacultura.ro\/agenda\/wp-content\/uploads\/2025\/09\/arta-si-moda.webp?resize=525%2C300&ssl=1 1.5x, https:\/\/i0.wp.com\/revistacultura.ro\/agenda\/wp-content\/uploads\/2025\/09\/arta-si-moda.webp?resize=700%2C400&ssl=1 2x"},"classes":[]},{"id":21858,"url":"https:\/\/revistacultura.ro\/agenda\/2026\/04\/strazi-deschise-bucuresti-revine-din-25-aprilie\/","url_meta":{"origin":21827,"position":1},"title":"\u201eStr\u0103zi Deschise \u2013 Bucure\u0219ti\u201d revine, din 25 aprilie!","author":"Cultura","date":"20 aprilie 2026","format":false,"excerpt":"Traseu pietonal extins \u0219i pe Str. Ion Brezoianu. Iat\u0103 zonele unde vom petrece timpul liber \u00een weekenduri! \u00cen perioada 25 aprilie \u2013 11 octombrie, ora\u0219ul devine din nou promenad\u0103 urban\u0103. \u201eStr\u0103zi deschise - Bucure\u0219ti\u201d, cel mai amplu proiect cultural al Capitalei, organizat de Prim\u0103ria Municipiului Bucure\u0219ti, prin ARCUB, revine cu\u2026","rel":"","context":"\u00cen \u201ecomunicate\u201d","block_context":{"text":"comunicate","link":"https:\/\/revistacultura.ro\/agenda\/category\/comunicate\/"},"img":{"alt_text":"","src":"https:\/\/i0.wp.com\/revistacultura.ro\/agenda\/wp-content\/uploads\/2026\/04\/Strazi-deschise_Bucureati_Promenada_Urbana.webp?resize=350%2C200&ssl=1","width":350,"height":200,"srcset":"https:\/\/i0.wp.com\/revistacultura.ro\/agenda\/wp-content\/uploads\/2026\/04\/Strazi-deschise_Bucureati_Promenada_Urbana.webp?resize=350%2C200&ssl=1 1x, https:\/\/i0.wp.com\/revistacultura.ro\/agenda\/wp-content\/uploads\/2026\/04\/Strazi-deschise_Bucureati_Promenada_Urbana.webp?resize=525%2C300&ssl=1 1.5x, https:\/\/i0.wp.com\/revistacultura.ro\/agenda\/wp-content\/uploads\/2026\/04\/Strazi-deschise_Bucureati_Promenada_Urbana.webp?resize=700%2C400&ssl=1 2x"},"classes":[]},{"id":21073,"url":"https:\/\/revistacultura.ro\/agenda\/2023\/11\/selectia-nationala-pentru-bursele-tinere-talente-2024\/","url_meta":{"origin":21827,"position":2},"title":"Selec\u021bia na\u021bional\u0103 pentru Bursele Tinere Talente 2024","author":"Cultura","date":"13 noiembrie 2023","format":false,"excerpt":"Funda\u021bia Regal\u0103 Margareta a Rom\u00e2niei lanseaz\u0103 selec\u021bia la nivel na\u021bional a bursierilor care vor face parte din proiectul Tinere Talente, edi\u021bia 2024. Elevii sau studen\u021bii care studiaz\u0103 Muzica clasic\u0103 sau Artele Vizuale la institu\u021bii de \u00eenv\u0103\u021b\u0103m\u00e2nt voca\u021bional din Rom\u00e2nia, cu v\u00e2rste \u00eentre 14 \u0219i 24 de ani, care provin din\u2026","rel":"","context":"\u00cen \u201eProiecte sus\u021binute de revista CULTURA\u201d","block_context":{"text":"Proiecte sus\u021binute de revista CULTURA","link":"https:\/\/revistacultura.ro\/agenda\/category\/parteneriate\/"},"img":{"alt_text":"","src":"https:\/\/i0.wp.com\/revistacultura.ro\/agenda\/wp-content\/uploads\/2023\/11\/Vizual-Selectie-bursieri-TinereTalente2024.webp?resize=350%2C200&ssl=1","width":350,"height":200,"srcset":"https:\/\/i0.wp.com\/revistacultura.ro\/agenda\/wp-content\/uploads\/2023\/11\/Vizual-Selectie-bursieri-TinereTalente2024.webp?resize=350%2C200&ssl=1 1x, https:\/\/i0.wp.com\/revistacultura.ro\/agenda\/wp-content\/uploads\/2023\/11\/Vizual-Selectie-bursieri-TinereTalente2024.webp?resize=525%2C300&ssl=1 1.5x, https:\/\/i0.wp.com\/revistacultura.ro\/agenda\/wp-content\/uploads\/2023\/11\/Vizual-Selectie-bursieri-TinereTalente2024.webp?resize=700%2C400&ssl=1 2x"},"classes":[]},{"id":20913,"url":"https:\/\/revistacultura.ro\/agenda\/2022\/11\/selectia-nationala-pentru-bursele-tinere-talente\/","url_meta":{"origin":21827,"position":3},"title":"Selec\u021bia na\u021bional\u0103 pentru bursele Tinere Talente","author":"Cultura","date":"2 noiembrie 2022","format":false,"excerpt":"Rom\u00e2nia are nevoie de art\u0103! Funda\u021bia Regal\u0103 Margareta a Rom\u00e2niei lanseaz\u0103 selec\u021bia na\u021bional\u0103 pentru bursele Tinere Talente 2 noiembrie 2022 Funda\u021bia Regal\u0103 Margareta a Rom\u00e2niei continu\u0103 misiunea de a sus\u021bine tinerii cu talent artistic din Rom\u00e2nia \u0219i lanseaz\u0103 selec\u021bia bursierilor ce vor face parte din proiectul Tinere Talente \u2013 edi\u021bia\u2026","rel":"","context":"\u00cen \u201eProiecte sus\u021binute de revista CULTURA\u201d","block_context":{"text":"Proiecte sus\u021binute de revista CULTURA","link":"https:\/\/revistacultura.ro\/agenda\/category\/parteneriate\/"},"img":{"alt_text":"","src":"https:\/\/i0.wp.com\/revistacultura.ro\/agenda\/wp-content\/uploads\/2022\/11\/Vizual-4_Selectie-TT-2023.webp?resize=350%2C200&ssl=1","width":350,"height":200,"srcset":"https:\/\/i0.wp.com\/revistacultura.ro\/agenda\/wp-content\/uploads\/2022\/11\/Vizual-4_Selectie-TT-2023.webp?resize=350%2C200&ssl=1 1x, https:\/\/i0.wp.com\/revistacultura.ro\/agenda\/wp-content\/uploads\/2022\/11\/Vizual-4_Selectie-TT-2023.webp?resize=525%2C300&ssl=1 1.5x, https:\/\/i0.wp.com\/revistacultura.ro\/agenda\/wp-content\/uploads\/2022\/11\/Vizual-4_Selectie-TT-2023.webp?resize=700%2C400&ssl=1 2x"},"classes":[]},{"id":21179,"url":"https:\/\/revistacultura.ro\/agenda\/2025\/01\/2024-un-an-record-cu-aproape-500-000-de-participanti-la-opera-comica-pentru-copii\/","url_meta":{"origin":21827,"position":4},"title":"2024, un an record cu aproape 500.000 de participan\u021bi la Opera Comic\u0103 pentru Copii","author":"Cultura","date":"12 ianuarie 2025","format":false,"excerpt":"\u00cencheiem un an cu recorduri pe care nu le puteam realiza dec\u00e2t \u00eempreun\u0103! :)\u0218i pentru asta, MUL\u021aUMIM! 2024, un an record cu aproape 500.000 de participan\u021bi la evenimentele organizate de Opera Comic\u0103 pentru Copii Anul 2024 a fost unul excep\u021bional pentru Opera Comic\u0103 pentru Copii, cu realiz\u0103ri frumoase: premiu \u0219i\u2026","rel":"","context":"\u00cen \u201ecomunicate\u201d","block_context":{"text":"comunicate","link":"https:\/\/revistacultura.ro\/agenda\/category\/comunicate\/"},"img":{"alt_text":"","src":"https:\/\/i0.wp.com\/revistacultura.ro\/agenda\/wp-content\/uploads\/2025\/01\/occ_Matilda-the-musical.jpg?resize=350%2C200&ssl=1","width":350,"height":200,"srcset":"https:\/\/i0.wp.com\/revistacultura.ro\/agenda\/wp-content\/uploads\/2025\/01\/occ_Matilda-the-musical.jpg?resize=350%2C200&ssl=1 1x, https:\/\/i0.wp.com\/revistacultura.ro\/agenda\/wp-content\/uploads\/2025\/01\/occ_Matilda-the-musical.jpg?resize=525%2C300&ssl=1 1.5x, https:\/\/i0.wp.com\/revistacultura.ro\/agenda\/wp-content\/uploads\/2025\/01\/occ_Matilda-the-musical.jpg?resize=700%2C400&ssl=1 2x"},"classes":[]},{"id":21814,"url":"https:\/\/revistacultura.ro\/agenda\/2026\/03\/anorganic-manual-de-adaptare-in-era-ai\/","url_meta":{"origin":21827,"position":5},"title":"(AN)ORGANIC: Manual de adaptare \u00een era AI","author":"Cultura","date":"31 martie 2026","format":false,"excerpt":"\u00centr-un prezent modelat de inteligen\u021ba artificial\u0103, \u00een care grani\u021bele dintre emo\u021bie, con\u0219tiin\u021b\u0103 \u0219i munc\u0103 se reconfigureaz\u0103 constant, proiectul (AN)ORGANIC al Asocia\u021biei VAR, propune o explorare interdisciplinar\u0103 a acestor transform\u0103ri, prin implicarea a 20 de reprezentan\u021bi ai Genera\u021biei Internet (18\u201335 ani) din Bucure\u0219ti \u0219i Ia\u0219i. Demersul combin\u0103 cercetarea, formarea \u0219i crea\u021bia\u2026","rel":"","context":"\u00cen \u201eProiecte sus\u021binute de revista CULTURA\u201d","block_context":{"text":"Proiecte sus\u021binute de revista CULTURA","link":"https:\/\/revistacultura.ro\/agenda\/category\/parteneriate\/"},"img":{"alt_text":"","src":"https:\/\/i0.wp.com\/revistacultura.ro\/agenda\/wp-content\/uploads\/2026\/03\/ANORGANIC_orange.webp?resize=350%2C200&ssl=1","width":350,"height":200,"srcset":"https:\/\/i0.wp.com\/revistacultura.ro\/agenda\/wp-content\/uploads\/2026\/03\/ANORGANIC_orange.webp?resize=350%2C200&ssl=1 1x, https:\/\/i0.wp.com\/revistacultura.ro\/agenda\/wp-content\/uploads\/2026\/03\/ANORGANIC_orange.webp?resize=525%2C300&ssl=1 1.5x, https:\/\/i0.wp.com\/revistacultura.ro\/agenda\/wp-content\/uploads\/2026\/03\/ANORGANIC_orange.webp?resize=700%2C400&ssl=1 2x"},"classes":[]}],"_links":{"self":[{"href":"https:\/\/revistacultura.ro\/agenda\/wp-json\/wp\/v2\/posts\/21827","targetHints":{"allow":["GET"]}}],"collection":[{"href":"https:\/\/revistacultura.ro\/agenda\/wp-json\/wp\/v2\/posts"}],"about":[{"href":"https:\/\/revistacultura.ro\/agenda\/wp-json\/wp\/v2\/types\/post"}],"author":[{"embeddable":true,"href":"https:\/\/revistacultura.ro\/agenda\/wp-json\/wp\/v2\/users\/1"}],"replies":[{"embeddable":true,"href":"https:\/\/revistacultura.ro\/agenda\/wp-json\/wp\/v2\/comments?post=21827"}],"version-history":[{"count":1,"href":"https:\/\/revistacultura.ro\/agenda\/wp-json\/wp\/v2\/posts\/21827\/revisions"}],"predecessor-version":[{"id":21829,"href":"https:\/\/revistacultura.ro\/agenda\/wp-json\/wp\/v2\/posts\/21827\/revisions\/21829"}],"wp:featuredmedia":[{"embeddable":true,"href":"https:\/\/revistacultura.ro\/agenda\/wp-json\/wp\/v2\/media\/21828"}],"wp:attachment":[{"href":"https:\/\/revistacultura.ro\/agenda\/wp-json\/wp\/v2\/media?parent=21827"}],"wp:term":[{"taxonomy":"category","embeddable":true,"href":"https:\/\/revistacultura.ro\/agenda\/wp-json\/wp\/v2\/categories?post=21827"},{"taxonomy":"post_tag","embeddable":true,"href":"https:\/\/revistacultura.ro\/agenda\/wp-json\/wp\/v2\/tags?post=21827"}],"curies":[{"name":"wp","href":"https:\/\/api.w.org\/{rel}","templated":true}]}}