{"id":21823,"date":"2026-04-03T16:29:24","date_gmt":"2026-04-03T13:29:24","guid":{"rendered":"https:\/\/revistacultura.ro\/agenda\/?p=21823"},"modified":"2026-04-03T16:29:27","modified_gmt":"2026-04-03T13:29:27","slug":"alchimie-expozitie-de-grup-la-vila-catena","status":"publish","type":"post","link":"https:\/\/revistacultura.ro\/agenda\/2026\/04\/alchimie-expozitie-de-grup-la-vila-catena\/","title":{"rendered":"\u201dALCHIMIE\u201d &#8211; Expozi\u021bie de grup la Vila Catena"},"content":{"rendered":"\n<ul class=\"wp-block-list\">\n<li><strong>Vernisaj: vineri, 3 aprilie 2026, orele 18:00 \u2013 21:00\u00a0\u00a0\u00a0\u00a0\u00a0\u00a0\u00a0\u00a0\u00a0\u00a0\u00a0\u00a0\u00a0\u00a0\u00a0\u00a0\u00a0\u00a0\u00a0\u00a0\u00a0\u00a0\u00a0\u00a0\u00a0\u00a0\u00a0\u00a0\u00a0\u00a0\u00a0\u00a0\u00a0\u00a0\u00a0\u00a0\u00a0\u00a0\u00a0\u00a0\u00a0\u00a0\u00a0\u00a0\u00a0\u00a0\u00a0\u00a0\u00a0\u00a0\u00a0\u00a0\u00a0\u00a0\u00a0\u00a0\u00a0\u00a0\u00a0\u00a0\u00a0\u00a0\u00a0\u00a0\u00a0\u00a0\u00a0\u00a0\u00a0\u00a0\u00a0\u00a0\u00a0\u00a0\u00a0\u00a0\u00a0\u00a0\u00a0\u00a0\u00a0\u00a0\u00a0\u00a0\u00a0\u00a0\u00a0 <\/strong>Adres\u0103: <strong>Vila Catena,<\/strong> str. Radu Calomfirescu nr. 15, Bucure\u0219ti.<\/li>\n<\/ul>\n\n\n\n<p>Galeria Sandwich \u0219i Funda\u021bia Fildas Art inaugureaz\u0103 expozi\u021bia ALCHIMIE la Vila Catena &#8211; Pavilionul Contemporan, un proiect expozi\u021bional care reune\u0219te peste dou\u0103zeci de arti\u0219ti moderni \u0219i contemporani.<\/p>\n\n\n\n<p>Alchimia este \u00een\u021beleas\u0103 aici nu ca practic\u0103 istoric\u0103, ci ca metod\u0103 de lucru \u0219i structur\u0103 de g\u00e2ndire: o alegere personal\u0103 de a trata fiecare pas drept o etap\u0103 esen\u021bial\u0103 dintr-un mare proces de devenire.<\/p>\n\n\n\n<p>Nu doar o transformare, ci o reducere la esen\u021bial \u0219i, de acolo, \u00eenc\u0103 pu\u021bin c\u0103tre perfec\u021biune. Aceast\u0103 <em>Ars Magna<\/em> a inspirat \u0219i a informat, a creat conexiuni puternice cu arta \u0219i arti\u0219tii, ocup\u00e2nd mereu locul \u00eentunecat, chiar marginal, mul\u021bumit\u0103 s\u0103 r\u0103m\u00e2n\u0103, \u00een fond, o obsesie pentru felul \u00een care materia se las\u0103 for\u021bat\u0103, topit\u0103 sau reconfigurat\u0103.<\/p>\n\n\n\n<p>Fascina\u021bia pentru temele mistice \u0219i ezoterice, eterna c\u0103utare a pietrei filosofale, substan\u021ba legendar\u0103 despre care se crede c\u0103 poate transforma orice metal \u00een aur \u0219i oferi via\u021ba ve\u0219nic\u0103, au fost \u0219i sunt speculate de arti\u0219ti. \u00cen camerele pavilionului contemporan al&nbsp; Vilei Catena, lucr\u0103rile lor evoc\u0103 procedee alchimice din care reverbereaz\u0103 o dorin\u021b\u0103 comun\u0103 de a \u00een\u021belege, transforma \u0219i supune materia specific\u0103 practicii fiec\u0103ruia.<\/p>\n\n\n\n<p>Traseul expozi\u021bional reune\u0219te pictur\u0103, sculptur\u0103, instala\u021bie, ceramic\u0103, fotografie \u0219i obiect, construind un dialog \u00eentre voci care se completeaz\u0103 reciproc. Aurul devine material al rezilien\u021bei prin lucrarea Sultanei Maitec; lumina cap\u0103t\u0103 dimensiuni oximoronice \u00een imaginarul lui Victor Brauner. Elixirul vie\u021bii este resemantizat farmaceutic prin interven\u021biile lui Daniel Spoerri \u0219i ale lui COADY, apoi risipit \u00een miturile medicinei populare care poart\u0103 patina miniaturilor medievale \u00een picturile Martinei Vacheva. Corpul contemporan este readus \u00een centrul schimburilor dintre \u0219tiin\u021b\u0103, art\u0103 \u0219i alchimie prin seria <em>Anthropocosmos<\/em> a lui Paul Neagu sau, de-a dreptul fluid, ca membran\u0103 permeabil\u0103 \u00eentre genuri \u0219i gesturi, \u00een practica Hortensiei Mi Kafchin.<\/p>\n\n\n\n<p>Dincolo de imaginarul ocult, expozi\u021bia se construie\u0219te ca o invita\u021bie direct\u0103 de a p\u0103trunde \u00een liminalul arhaic care alimenteaz\u0103 \u0219i c\u0103l\u0103uze\u0219te credin\u021bele populare.<\/p>\n\n\n\n<p>Arti\u0219ti participan\u021bi: <strong>Sasha Bandi, Liliana Basarab, Horia Bernea, Dan Beudean, Victor Brauner, Alexandru Chira, COADY<\/strong> (AUS), <strong>Floriama C\u00e2ndea, \u0218tefan C\u00e2l\u021bia, Anca Coller, David Farca\u0219, Ingrid Farca\u0219, Hortensia Mi Kafchin, Sultana Maitec, R\u0103zvan N\u0103stase, Paul Neagu, Abel Rad, Dumitri\u021ba R\u0103zlog, Ramon Sad\u00eec, Daniel Spoerri, Ruxandra Tudoran, Ion Tuculescu, Martina Vacheva<\/strong> (BG), <strong>Yunfeng<\/strong> (CN)<\/p>\n\n\n\n<hr class=\"wp-block-separator has-alpha-channel-opacity\"\/>\n\n\n\n<p>Curatori: <strong>Maria B\u00eersan, Alexandru Niculescu<\/strong> \/ Asistent curator: <strong>Francisca Jurca<\/strong> \/&nbsp; Asistent produc\u021bie: <strong>Tibor Dumitrescu Orban<\/strong><\/p>\n\n\n\n<p>Parteneri: Neurohope, Senso Arte<\/p>\n\n\n\n<p>&nbsp;Mul\u021bumiri: BIJU Gallery, Dana Maitec, Irina Chira, Colec\u021bia AVARTE<\/p>\n","protected":false},"excerpt":{"rendered":"<p>Galeria Sandwich \u0219i Funda\u021bia Fildas Art inaugureaz\u0103 expozi\u021bia ALCHIMIE la Vila Catena &#8211; Pavilionul Contemporan, un proiect expozi\u021bional care reune\u0219te peste dou\u0103zeci de arti\u0219ti moderni \u0219i contemporani. Alchimia este \u00een\u021beleas\u0103 aici nu ca practic\u0103 istoric\u0103, ci ca metod\u0103 de lucru \u0219i structur\u0103 de g\u00e2ndire: o alegere personal\u0103 de a trata fiecare pas drept o etap\u0103&hellip;&nbsp;<a href=\"https:\/\/revistacultura.ro\/agenda\/2026\/04\/alchimie-expozitie-de-grup-la-vila-catena\/\" rel=\"bookmark\">Cite\u0219te mai mult &raquo;<span class=\"screen-reader-text\">\u201dALCHIMIE\u201d &#8211; Expozi\u021bie de grup la Vila Catena<\/span><\/a><\/p>\n","protected":false},"author":1,"featured_media":21824,"comment_status":"open","ping_status":"open","sticky":false,"template":"","format":"standard","meta":{"neve_meta_sidebar":"","neve_meta_container":"","neve_meta_enable_content_width":"","neve_meta_content_width":0,"neve_meta_title_alignment":"","neve_meta_author_avatar":"","neve_post_elements_order":"","neve_meta_disable_header":"","neve_meta_disable_footer":"","neve_meta_disable_title":"","jetpack_post_was_ever_published":false,"_jetpack_newsletter_access":"","_jetpack_dont_email_post_to_subs":false,"_jetpack_newsletter_tier_id":0,"_jetpack_memberships_contains_paywalled_content":false,"_jetpack_memberships_contains_paid_content":false,"footnotes":"","jetpack_publicize_message":"","jetpack_publicize_feature_enabled":true,"jetpack_social_post_already_shared":true,"jetpack_social_options":{"image_generator_settings":{"template":"highway","default_image_id":0,"font":"","enabled":false},"version":2}},"categories":[886],"tags":[],"class_list":["post-21823","post","type-post","status-publish","format-standard","has-post-thumbnail","hentry","category-comunicate"],"jetpack_publicize_connections":[],"jetpack_featured_media_url":"https:\/\/revistacultura.ro\/agenda\/wp-content\/uploads\/2026\/04\/800-x_Daniel_Spoerri.webp","jetpack_sharing_enabled":true,"jetpack-related-posts":[{"id":21461,"url":"https:\/\/revistacultura.ro\/agenda\/2025\/10\/vila-catena-deschide-doua-expozitii-complementare-dedicate-conceptului-de-acasa\/","url_meta":{"origin":21823,"position":0},"title":"Vila Catena deschide dou\u0103 expozi\u021bii complementare dedicate conceptului de \u201eacas\u0103&#8221;","author":"Cultura","date":"9 octombrie 2025","format":false,"excerpt":"Bucure\u0219ti, 9 octombrie 2025 \u2013 Vila Catena, spa\u021biul cultural inaugurat \u00een aprilie 2025 \u00eentr-un monument arhitectural recent restaurat de pe strada Radu Calomfirescu 15, g\u0103zduie\u0219te joi sear\u0103, de la ora 18:00, vernisajul a dou\u0103 expozi\u021bii ce dialogheaz\u0103 asupra temei locuirii \u0219i intimit\u0103\u021bii. Nicolae Grigorescu: ACAS\u0102 prezint\u0103 peste 20 de lucr\u0103ri\u2026","rel":"","context":"\u00cen \u201ePrimite la redac\u021bie\u201d","block_context":{"text":"Primite la redac\u021bie","link":"https:\/\/revistacultura.ro\/agenda\/category\/primite-la-redactie\/"},"img":{"alt_text":"","src":"https:\/\/i0.wp.com\/revistacultura.ro\/agenda\/wp-content\/uploads\/2025\/10\/Grigorescu_Home_Vernisaj_9oct.webp?resize=350%2C200&ssl=1","width":350,"height":200,"srcset":"https:\/\/i0.wp.com\/revistacultura.ro\/agenda\/wp-content\/uploads\/2025\/10\/Grigorescu_Home_Vernisaj_9oct.webp?resize=350%2C200&ssl=1 1x, https:\/\/i0.wp.com\/revistacultura.ro\/agenda\/wp-content\/uploads\/2025\/10\/Grigorescu_Home_Vernisaj_9oct.webp?resize=525%2C300&ssl=1 1.5x, https:\/\/i0.wp.com\/revistacultura.ro\/agenda\/wp-content\/uploads\/2025\/10\/Grigorescu_Home_Vernisaj_9oct.webp?resize=700%2C400&ssl=1 2x"},"classes":[]},{"id":21732,"url":"https:\/\/revistacultura.ro\/agenda\/2026\/03\/vernisaj-alina-codin-omul-dintre-masti-la-focsani\/","url_meta":{"origin":21823,"position":1},"title":"Vernisaj Alina Codin &#8211; \u201eOmul dintre m\u0103\u0219ti\u201d la Foc\u0219ani","author":"Cultura","date":"7 martie 2026","format":false,"excerpt":"9 martie 2026, ora 17:00, la Galeriile de Art\u0103 din Foc\u0219ani expozi\u021bia \u201eDisonan\u021be: Omul dintre m\u0103\u0219ti\u201d, semnat\u0103 de artista Alina Codin curator: Daniel Sur Evenimentul este organizat de Consiliul Jude\u021bean Vrancea, prin Centrul Cultural Vrancea, iar \u00een calitate de curator al acestui proiect v\u0103 propun o \u00eent\u00e2lnire cu un demers\u2026","rel":"","context":"\u00cen \u201eAgenda culturala\u201d","block_context":{"text":"Agenda culturala","link":"https:\/\/revistacultura.ro\/agenda\/category\/agenda-cultura\/"},"img":{"alt_text":"","src":"https:\/\/i0.wp.com\/revistacultura.ro\/agenda\/wp-content\/uploads\/2026\/03\/alina_codin_focsani.webp?resize=350%2C200&ssl=1","width":350,"height":200,"srcset":"https:\/\/i0.wp.com\/revistacultura.ro\/agenda\/wp-content\/uploads\/2026\/03\/alina_codin_focsani.webp?resize=350%2C200&ssl=1 1x, https:\/\/i0.wp.com\/revistacultura.ro\/agenda\/wp-content\/uploads\/2026\/03\/alina_codin_focsani.webp?resize=525%2C300&ssl=1 1.5x, https:\/\/i0.wp.com\/revistacultura.ro\/agenda\/wp-content\/uploads\/2026\/03\/alina_codin_focsani.webp?resize=700%2C400&ssl=1 2x"},"classes":[]},{"id":21456,"url":"https:\/\/revistacultura.ro\/agenda\/2025\/10\/iubirea-si-alte-daravele-o-expozitie-personala-alina-codin\/","url_meta":{"origin":21823,"position":2},"title":"\u201eIubirea \u0219i alte daravele\u201d \u2013 o expozi\u021bie personal\u0103 Alina Codin","author":"Cultura","date":"5 octombrie 2025","format":false,"excerpt":"\u00centre 2 \u0219i 19 octombrie 2025, Palatul Mogo\u0219oaia \u2013 spa\u021biul Cuhnia din cadrul Centrului de Cultur\u0103 \u201ePalatele Br\u00e2ncovene\u0219ti de la Por\u021bile Bucure\u0219tiului\u201d \u2013 g\u0103zduie\u0219te expozi\u021bia de art\u0103 \u201eIubirea \u0219i alte daravele\u201d, semnat\u0103 de artista Alina Codin. Vernisajul evenimentului are loc duminic\u0103, 5 octombrie, la ora 12:00, \u0219i promite s\u0103 aduc\u0103\u2026","rel":"","context":"\u00cen \u201eAgenda culturala\u201d","block_context":{"text":"Agenda culturala","link":"https:\/\/revistacultura.ro\/agenda\/category\/agenda-cultura\/"},"img":{"alt_text":"","src":"https:\/\/i0.wp.com\/revistacultura.ro\/agenda\/wp-content\/uploads\/2025\/10\/baa5205c-1eae-4b6b-b3eb-0e5b1bab7314.webp?resize=350%2C200&ssl=1","width":350,"height":200,"srcset":"https:\/\/i0.wp.com\/revistacultura.ro\/agenda\/wp-content\/uploads\/2025\/10\/baa5205c-1eae-4b6b-b3eb-0e5b1bab7314.webp?resize=350%2C200&ssl=1 1x, https:\/\/i0.wp.com\/revistacultura.ro\/agenda\/wp-content\/uploads\/2025\/10\/baa5205c-1eae-4b6b-b3eb-0e5b1bab7314.webp?resize=525%2C300&ssl=1 1.5x, https:\/\/i0.wp.com\/revistacultura.ro\/agenda\/wp-content\/uploads\/2025\/10\/baa5205c-1eae-4b6b-b3eb-0e5b1bab7314.webp?resize=700%2C400&ssl=1 2x, https:\/\/i0.wp.com\/revistacultura.ro\/agenda\/wp-content\/uploads\/2025\/10\/baa5205c-1eae-4b6b-b3eb-0e5b1bab7314.webp?resize=1050%2C600&ssl=1 3x"},"classes":[]},{"id":21451,"url":"https:\/\/revistacultura.ro\/agenda\/2025\/10\/kompus-5-continuitate-si-diversitate-artistica\/","url_meta":{"origin":21823,"position":3},"title":"Kompus: 5: continuitate \u0219i diversitate artistic\u0103","author":"Cultura","date":"3 octombrie 2025","format":false,"excerpt":"Pe 9 octombrie, de la ora 19:00, grupul artistic Kompus revine \u00een aten\u021bia publicului cu cea de-a cincea edi\u021bie a expozi\u021biei sale anuale, Kompus 5. Evenimentul, organizat la Bucure\u0219ti, marcheaz\u0103 nu doar o nou\u0103 prezentare de lucr\u0103ri, ci \u0219i consolidarea unei comunit\u0103\u021bi artistice care a evoluat de-a lungul a cinci\u2026","rel":"","context":"\u00cen \u201eProiecte sus\u021binute de revista CULTURA\u201d","block_context":{"text":"Proiecte sus\u021binute de revista CULTURA","link":"https:\/\/revistacultura.ro\/agenda\/category\/parteneriate\/"},"img":{"alt_text":"","src":"https:\/\/i0.wp.com\/revistacultura.ro\/agenda\/wp-content\/uploads\/2025\/10\/expo_kompus5.webp?resize=350%2C200&ssl=1","width":350,"height":200,"srcset":"https:\/\/i0.wp.com\/revistacultura.ro\/agenda\/wp-content\/uploads\/2025\/10\/expo_kompus5.webp?resize=350%2C200&ssl=1 1x, https:\/\/i0.wp.com\/revistacultura.ro\/agenda\/wp-content\/uploads\/2025\/10\/expo_kompus5.webp?resize=525%2C300&ssl=1 1.5x, https:\/\/i0.wp.com\/revistacultura.ro\/agenda\/wp-content\/uploads\/2025\/10\/expo_kompus5.webp?resize=700%2C400&ssl=1 2x"},"classes":[]},{"id":18791,"url":"https:\/\/revistacultura.ro\/agenda\/2014\/04\/florentin-popa-trips-heroes-love-songs\/","url_meta":{"origin":21823,"position":4},"title":"Florentin Popa, Trips, heroes &#038; love songs","author":"Revista","date":"17 aprilie 2014","format":false,"excerpt":"Un volum surprinzator \u2013 nu numai \u00een recolta anului trecut, si nu numai ca debut \u2013, ci \u00een ansamblul ultimilor cinci-zece ani. La fel de bun ca primul Sociu, ca Novac sau ca, sa zicem, Coman, complex ca jungla psiho-socio-culturala, greu de situat \u00eentr-o linie lirica, fiindca are si consistenta\u2026","rel":"","context":"\u00cen \u201eRecomand\u0103ri\u201d","block_context":{"text":"Recomand\u0103ri","link":"https:\/\/revistacultura.ro\/agenda\/category\/recomandarile-cultura\/"},"img":{"alt_text":"","src":"","width":0,"height":0},"classes":[]},{"id":19065,"url":"https:\/\/revistacultura.ro\/agenda\/2014\/06\/alexandru-musina-dactar-nicu-his-skyzoid-band\/","url_meta":{"origin":21823,"position":5},"title":"Alexandru Mu\u015fina, Dact\u0103r Nicu &#038; his skyzoid band,","author":"Revista","date":"12 iunie 2014","format":false,"excerpt":"Poem \u00een proz\u0103 sau proz\u0103 \u00een strofe albe, volumul postum al lui Alexandru Mu\u015fina pune de-un dumnezeu postmodern \u015fi de clica lui cyber, care lic\u0103re\u015fte la intervale regulate asupra unei umanit\u0103\u0163i nomade prin visul expirat al capitalo-comunismului. Dac\u0103 Mr God e un \u015fef de scar\u0103 cu BMW alb decapotabil \u015fi-o\u2026","rel":"","context":"\u00cen \u201eAparitii editoriale\u201d","block_context":{"text":"Aparitii editoriale","link":"https:\/\/revistacultura.ro\/agenda\/category\/aparitii-editoriale\/"},"img":{"alt_text":"","src":"","width":0,"height":0},"classes":[]}],"_links":{"self":[{"href":"https:\/\/revistacultura.ro\/agenda\/wp-json\/wp\/v2\/posts\/21823","targetHints":{"allow":["GET"]}}],"collection":[{"href":"https:\/\/revistacultura.ro\/agenda\/wp-json\/wp\/v2\/posts"}],"about":[{"href":"https:\/\/revistacultura.ro\/agenda\/wp-json\/wp\/v2\/types\/post"}],"author":[{"embeddable":true,"href":"https:\/\/revistacultura.ro\/agenda\/wp-json\/wp\/v2\/users\/1"}],"replies":[{"embeddable":true,"href":"https:\/\/revistacultura.ro\/agenda\/wp-json\/wp\/v2\/comments?post=21823"}],"version-history":[{"count":1,"href":"https:\/\/revistacultura.ro\/agenda\/wp-json\/wp\/v2\/posts\/21823\/revisions"}],"predecessor-version":[{"id":21825,"href":"https:\/\/revistacultura.ro\/agenda\/wp-json\/wp\/v2\/posts\/21823\/revisions\/21825"}],"wp:featuredmedia":[{"embeddable":true,"href":"https:\/\/revistacultura.ro\/agenda\/wp-json\/wp\/v2\/media\/21824"}],"wp:attachment":[{"href":"https:\/\/revistacultura.ro\/agenda\/wp-json\/wp\/v2\/media?parent=21823"}],"wp:term":[{"taxonomy":"category","embeddable":true,"href":"https:\/\/revistacultura.ro\/agenda\/wp-json\/wp\/v2\/categories?post=21823"},{"taxonomy":"post_tag","embeddable":true,"href":"https:\/\/revistacultura.ro\/agenda\/wp-json\/wp\/v2\/tags?post=21823"}],"curies":[{"name":"wp","href":"https:\/\/api.w.org\/{rel}","templated":true}]}}