{"id":21811,"date":"2026-03-30T12:40:30","date_gmt":"2026-03-30T09:40:30","guid":{"rendered":"https:\/\/revistacultura.ro\/agenda\/?p=21811"},"modified":"2026-04-02T16:10:13","modified_gmt":"2026-04-02T13:10:13","slug":"lansare-de-carte-calatorie-prin-bucurestiul-de-ieri","status":"publish","type":"post","link":"https:\/\/revistacultura.ro\/agenda\/2026\/03\/lansare-de-carte-calatorie-prin-bucurestiul-de-ieri\/","title":{"rendered":"Lansare de carte: \u201eC\u0103l\u0103torie prin Bucure\u0219tiul de ieri\u201d"},"content":{"rendered":"\n<ul class=\"wp-block-list\">\n<li>luni, 6 aprilie 2026<\/li>\n\n\n\n<li>Biblioteca Municipal\u0103 Mihail Sadoveanu, Bucure\u0219ti<\/li>\n\n\n\n<li>\u201eC\u0103l\u0103torie prin Bucure\u0219tiul de ieri\u201d de Cezar Petre Buiumaci<\/li>\n\n\n\n<li>invita\u021bi: Cosmin N\u0103sui, \u0218tefan Bosomitu, Alexandru Panaitescu<\/li>\n<\/ul>\n\n\n\n<p>\u201eProiectul editorial este o privire asupra Bucure\u0219tiul comunist prin documente vizuale autentice, prin c\u0103r\u021bi po\u0219tale ilustrate \u0219i m\u0103rturii directe ale celor care au tr\u0103it transform\u0103rile ora\u0219ului, care au tr\u0103it \u00een ora\u0219ul demolat \u0219i muncit \u00een acele timpuri \u00een domenii importante, a\u0219a cum este arhitectura. Albumul aduce \u00eempreun\u0103 imaginea, istoria \u0219i vocea oamenilor, pentru a reconstitui un Bucure\u0219ti care a disp\u0103rut, dar care continu\u0103 s\u0103 ne influen\u021beze prezentul urban.<br \/>Mul\u021bumesc tuturor celor care au contribuit, \u00eentr-un fel sau altul, la acest demers: prin dialog sau simple \u00eencuraj\u0103ri, motiv pentru care trebuie s\u0103-I amintesc pe profesorul Horia G\u00e2rbea, cu care am deslu\u0219it din tainele cutremurului din 4 martie 1977, apoi pe doamna Emilia Nicolaescu \u0219i Marian \u0218erban, ambii locuitori ai Uranusului disp\u0103rut, pe sculptorul Drago\u0219 Neagoe, cu pove\u0219tile Cr\u00e2nga\u0219iului demolat, \u0219i pe arhitec\u021bii Gabriela Petrescu, care a lucrat la proiectarea Centrului Civic, \u0219i Nicolae Panaitescu, cu care am purtat mai multe conversa\u021bii pe tema transform\u0103rii urbane a Capitalei, interviul publicat fiind \u0219i cel care d\u0103 titlul volumului, care cuprinde \u00eentre coper\u021bile sale aproximativ 500 de ilustrate, care prezint\u0103 ora\u0219ul \u00eentr-o perspectiv\u0103 propagandistic\u0103. De asemenea, trebuie s\u0103-l amintesc pe prietenul meu, profesorul C\u0103t\u0103lin D. Constantin, care a scris prefa\u021ba acestui album, \u0219i pe editorul Dan M\u0103rg\u0103rit, care s-a aplecat cu aten\u021bie asupra acestui demers, realiz\u00e2nd un produs de \u00eenalt\u0103 calitate.\u201d<\/p>\n\n\n\n<p class=\"has-text-align-right\"><strong>Cezar Petre Buiumaci<\/strong><\/p>\n\n\n<figure class=\"wp-block-post-featured-image\"><img loading=\"lazy\" decoding=\"async\" width=\"900\" height=\"1272\" src=\"https:\/\/revistacultura.ro\/agenda\/wp-content\/uploads\/2026\/03\/afis_ok_bucurestiul-de-ieri.webp\" class=\"attachment-post-thumbnail size-post-thumbnail wp-post-image\" alt=\"\" style=\"object-fit:cover;\" srcset=\"https:\/\/revistacultura.ro\/agenda\/wp-content\/uploads\/2026\/03\/afis_ok_bucurestiul-de-ieri.webp 900w, https:\/\/revistacultura.ro\/agenda\/wp-content\/uploads\/2026\/03\/afis_ok_bucurestiul-de-ieri-212x300.webp 212w, https:\/\/revistacultura.ro\/agenda\/wp-content\/uploads\/2026\/03\/afis_ok_bucurestiul-de-ieri-725x1024.webp 725w, https:\/\/revistacultura.ro\/agenda\/wp-content\/uploads\/2026\/03\/afis_ok_bucurestiul-de-ieri-768x1085.webp 768w, https:\/\/revistacultura.ro\/agenda\/wp-content\/uploads\/2026\/03\/afis_ok_bucurestiul-de-ieri-142x200.webp 142w\" sizes=\"auto, (max-width: 900px) 100vw, 900px\" data-attachment-id=\"21818\" data-permalink=\"https:\/\/revistacultura.ro\/agenda\/2026\/03\/lansare-de-carte-calatorie-prin-bucurestiul-de-ieri\/afis_ok_bucurestiul-de-ieri\/\" data-orig-file=\"https:\/\/revistacultura.ro\/agenda\/wp-content\/uploads\/2026\/03\/afis_ok_bucurestiul-de-ieri.webp\" data-orig-size=\"900,1272\" data-comments-opened=\"1\" data-image-meta=\"{&quot;aperture&quot;:&quot;0&quot;,&quot;credit&quot;:&quot;&quot;,&quot;camera&quot;:&quot;&quot;,&quot;caption&quot;:&quot;&quot;,&quot;created_timestamp&quot;:&quot;0&quot;,&quot;copyright&quot;:&quot;&quot;,&quot;focal_length&quot;:&quot;0&quot;,&quot;iso&quot;:&quot;0&quot;,&quot;shutter_speed&quot;:&quot;0&quot;,&quot;title&quot;:&quot;&quot;,&quot;orientation&quot;:&quot;0&quot;}\" data-image-title=\"afis_ok_bucurestiul-de-ieri\" data-image-description=\"\" data-image-caption=\"\" data-large-file=\"https:\/\/revistacultura.ro\/agenda\/wp-content\/uploads\/2026\/03\/afis_ok_bucurestiul-de-ieri-725x1024.webp\" \/><\/figure>\n\n\n<div style=\"height:71px\" aria-hidden=\"true\" class=\"wp-block-spacer\"><\/div>\n\n\n\n<p><strong>cite\u0219te \u0219i:<\/strong><\/p>\n\n\n\n<div class=\"wp-block-group has-nv-site-bg-color has-nv-dark-bg-background-color has-text-color has-background has-link-color wp-elements-fe8aab49f07f5fc7e58a2a6af93f3e4d\" style=\"padding-top:var(--wp--preset--spacing--40);padding-right:var(--wp--preset--spacing--50);padding-bottom:var(--wp--preset--spacing--40);padding-left:var(--wp--preset--spacing--50)\"><div class=\"wp-block-group__inner-container is-layout-constrained wp-container-core-group-is-layout-50a74994 wp-block-group-is-layout-constrained\"><div class=\"wp-block-image\">\n<figure class=\"alignleft is-resized\"><a class=\"fp-thumbnail\" href=\"https:\/\/revistacultura.ro\/invitatie-la-o-calatorie-prin-bucurestiul-de-ieri-cu-cezar-buiumaci\/\"><img decoding=\"async\" src=\"https:\/\/revistacultura.ro\/art\/wp-content\/uploads\/2026\/04\/001-Blocurile-Rosii-din-Ferentari-400x250.webp\" alt=\"\" style=\"width:250px\"\/><\/a><\/figure>\n<\/div>\n\n\n<p><a href=\"https:\/\/revistacultura.ro\/category\/metacultura\/arhitectura-si-design\/\">Arhitectur\u0103 \u0219i design<\/a><\/p>\n\n\n\n<h4 class=\"wp-block-heading\"><a href=\"https:\/\/revistacultura.ro\/invitatie-la-o-calatorie-prin-bucurestiul-de-ieri-cu-cezar-buiumaci\/\">Invita\u021bie la o \u201eC\u0103l\u0103torie prin Bucure\u0219tiul de ieri\u201d cu Cezar Buiumaci<\/a><\/h4>\n\n\n\n<p>cu ilustra\u021bii<\/p>\n<\/div><\/div>\n\n\n\n<p><\/p>\n","protected":false},"excerpt":{"rendered":"<p>\u201eProiectul editorial este o privire asupra Bucure\u0219tiul comunist prin documente vizuale autentice, prin c\u0103r\u021bi po\u0219tale ilustrate \u0219i m\u0103rturii directe ale celor care au tr\u0103it transform\u0103rile ora\u0219ului, care au tr\u0103it \u00een ora\u0219ul demolat \u0219i muncit \u00een acele timpuri \u00een domenii importante, a\u0219a cum este arhitectura. Albumul aduce \u00eempreun\u0103 imaginea, istoria \u0219i vocea oamenilor, pentru a reconstitui&hellip;&nbsp;<a href=\"https:\/\/revistacultura.ro\/agenda\/2026\/03\/lansare-de-carte-calatorie-prin-bucurestiul-de-ieri\/\" rel=\"bookmark\">Cite\u0219te mai mult &raquo;<span class=\"screen-reader-text\">Lansare de carte: \u201eC\u0103l\u0103torie prin Bucure\u0219tiul de ieri\u201d<\/span><\/a><\/p>\n","protected":false},"author":1,"featured_media":21818,"comment_status":"open","ping_status":"open","sticky":false,"template":"","format":"standard","meta":{"neve_meta_sidebar":"","neve_meta_container":"","neve_meta_enable_content_width":"","neve_meta_content_width":0,"neve_meta_title_alignment":"","neve_meta_author_avatar":"","neve_post_elements_order":"","neve_meta_disable_header":"","neve_meta_disable_footer":"","neve_meta_disable_title":"","jetpack_post_was_ever_published":false,"_jetpack_newsletter_access":"","_jetpack_dont_email_post_to_subs":false,"_jetpack_newsletter_tier_id":0,"_jetpack_memberships_contains_paywalled_content":false,"_jetpack_memberships_contains_paid_content":false,"footnotes":"","jetpack_publicize_message":"","jetpack_publicize_feature_enabled":true,"jetpack_social_post_already_shared":true,"jetpack_social_options":{"image_generator_settings":{"template":"highway","default_image_id":0,"font":"","enabled":false},"version":2}},"categories":[15],"tags":[],"class_list":["post-21811","post","type-post","status-publish","format-standard","has-post-thumbnail","hentry","category-aparitii-editoriale"],"jetpack_publicize_connections":[],"jetpack_featured_media_url":"https:\/\/revistacultura.ro\/agenda\/wp-content\/uploads\/2026\/03\/afis_ok_bucurestiul-de-ieri.webp","jetpack_sharing_enabled":true,"jetpack-related-posts":[{"id":21564,"url":"https:\/\/revistacultura.ro\/agenda\/2025\/11\/bucurestiul-de-ieri-la-gaudeamus\/","url_meta":{"origin":21811,"position":0},"title":"Bucure\u0219tiul de ieri &#8211; la Gaudeamus","author":"Cultura","date":"27 noiembrie 2025","format":false,"excerpt":"\u201eC\u0103l\u0103torie prin Bucure\u0219tiul de ieri\u201d \u2013 un demers de arheologie vizual\u0103 \u0219i recuperare a memoriei urbane a Capitalei \u00een perioada comunist\u0103 Miercuri, 3 decembrie, ora 18:00, \u00een cadrul T\u00e2rgului Interna\u021bional de Carte Gaudeamus, va avea loc lansarea volumului \u201eC\u0103l\u0103torie prin Bucure\u0219tiul de ieri\u201d, realizat de istoricul \u0219i cercet\u0103torul Cezar Petre\u2026","rel":"","context":"\u00cen \u201eRecomand\u0103ri\u201d","block_context":{"text":"Recomand\u0103ri","link":"https:\/\/revistacultura.ro\/agenda\/category\/recomandarile-cultura\/"},"img":{"alt_text":"","src":"https:\/\/i0.wp.com\/revistacultura.ro\/agenda\/wp-content\/uploads\/2025\/11\/bucurestiul-de-ieri-cezar-paul-buiumaci.webp?resize=350%2C200&ssl=1","width":350,"height":200,"srcset":"https:\/\/i0.wp.com\/revistacultura.ro\/agenda\/wp-content\/uploads\/2025\/11\/bucurestiul-de-ieri-cezar-paul-buiumaci.webp?resize=350%2C200&ssl=1 1x, https:\/\/i0.wp.com\/revistacultura.ro\/agenda\/wp-content\/uploads\/2025\/11\/bucurestiul-de-ieri-cezar-paul-buiumaci.webp?resize=525%2C300&ssl=1 1.5x, https:\/\/i0.wp.com\/revistacultura.ro\/agenda\/wp-content\/uploads\/2025\/11\/bucurestiul-de-ieri-cezar-paul-buiumaci.webp?resize=700%2C400&ssl=1 2x"},"classes":[]},{"id":19966,"url":"https:\/\/revistacultura.ro\/agenda\/2019\/02\/cartierul-creativ-din-bucuresti-la-madrid\/","url_meta":{"origin":21811,"position":1},"title":"Cartierul Creativ &#8211; din Bucure\u0219ti la Madrid","author":"Cultura","date":"17 februarie 2019","format":false,"excerpt":"Bucure\u0219tiul este ora\u0219 invitat \u00een cadrul edi\u021biei de anul acesta a\u00a0Madrid Design Festival. O expozi\u021bie dedicat\u0103\u00a0Cartierului Creativ\u00a0va reprezenta Bucure\u0219tiul \u00een programul festivalului de design spaniol. Expozi\u021bia Bucharest Creative Quarter@Madrid Design Festival, un proiect Institutul Cultural Rom\u00e2n \u0219i The Institute, va fi deschis\u0103 publicului \u00een perioada 15 februarie - 31 martie\u2026","rel":"","context":"\u00cen \u201eSemnal\u201d","block_context":{"text":"Semnal","link":"https:\/\/revistacultura.ro\/agenda\/category\/semnal\/"},"img":{"alt_text":"","src":"https:\/\/i0.wp.com\/revistacultura.ro\/agenda\/wp-content\/uploads\/2019\/02\/ccmadrid.jpg?resize=350%2C200&ssl=1","width":350,"height":200,"srcset":"https:\/\/i0.wp.com\/revistacultura.ro\/agenda\/wp-content\/uploads\/2019\/02\/ccmadrid.jpg?resize=350%2C200&ssl=1 1x, https:\/\/i0.wp.com\/revistacultura.ro\/agenda\/wp-content\/uploads\/2019\/02\/ccmadrid.jpg?resize=525%2C300&ssl=1 1.5x, https:\/\/i0.wp.com\/revistacultura.ro\/agenda\/wp-content\/uploads\/2019\/02\/ccmadrid.jpg?resize=700%2C400&ssl=1 2x"},"classes":[]},{"id":18653,"url":"https:\/\/revistacultura.ro\/agenda\/2014\/04\/bucurestiul-care-nu-mai-exista\/","url_meta":{"origin":21811,"position":2},"title":"Bucure\u015ftiul care nu mai exist\u0103","author":"Revista","date":"10 aprilie 2014","format":false,"excerpt":"Bucure\u015fti demolat. Arhive neoficiale de imagine e titlul unui foarte reu\u015fit album de cur\u00e2nd ap\u0103rut. Fotografiile din album au fost realizate clandestin \u00een anii 1984-1985 de studentul Cristian Bonciocat (1964-1986) \u00een zona \u00een care se afl\u0103 ast\u0103zi Casa Poporului. \u201eMiza ini\u0163ial\u0103 nu a fost \u015fi nu putea fi una estetic\u0103,\u2026","rel":"","context":"\u00cen \u201eRecomand\u0103ri\u201d","block_context":{"text":"Recomand\u0103ri","link":"https:\/\/revistacultura.ro\/agenda\/category\/recomandarile-cultura\/"},"img":{"alt_text":"","src":"","width":0,"height":0},"classes":[]},{"id":20508,"url":"https:\/\/revistacultura.ro\/agenda\/2020\/02\/saptamana-sunetului-la-bucuresti-2-8-martie-2020\/","url_meta":{"origin":21811,"position":3},"title":"S\u0102PT\u0102M\u00c2NA SUNETULUI la Bucure\u0219ti, 2-8 martie 2020","author":"redactia","date":"24 februarie 2020","format":false,"excerpt":"\u00centre 2 \u0219i 8 martie are loc a 5-a edi\u021bie a S\u0103pt\u0103m\u00e2nii Sunetului la Bucure\u0219ti, organizat\u0103 de Asocia\u021bia Jum\u0103tatea plin\u0103, ca prilej de s\u0103rb\u0103torire a sunetului prin concerte, expozi\u021bii, ateliere \u0219i plimb\u0103ri sonore. Creat\u0103 \u00een Fran\u021ba \u00een urm\u0103 cu 17 ani, S\u0103pt\u0103m\u00e2na Sunetului (La Semaine du Son) exist\u0103 ast\u0103zi \u00een\u2026","rel":"","context":"\u00cen \u201eAgenda culturala\u201d","block_context":{"text":"Agenda culturala","link":"https:\/\/revistacultura.ro\/agenda\/category\/agenda-cultura\/"},"img":{"alt_text":"","src":"https:\/\/i0.wp.com\/revistacultura.ro\/agenda\/wp-content\/uploads\/2020\/02\/86969548_2556201584662378_5142543903198543872_o.jpg?resize=350%2C200&ssl=1","width":350,"height":200,"srcset":"https:\/\/i0.wp.com\/revistacultura.ro\/agenda\/wp-content\/uploads\/2020\/02\/86969548_2556201584662378_5142543903198543872_o.jpg?resize=350%2C200&ssl=1 1x, https:\/\/i0.wp.com\/revistacultura.ro\/agenda\/wp-content\/uploads\/2020\/02\/86969548_2556201584662378_5142543903198543872_o.jpg?resize=525%2C300&ssl=1 1.5x, https:\/\/i0.wp.com\/revistacultura.ro\/agenda\/wp-content\/uploads\/2020\/02\/86969548_2556201584662378_5142543903198543872_o.jpg?resize=700%2C400&ssl=1 2x, https:\/\/i0.wp.com\/revistacultura.ro\/agenda\/wp-content\/uploads\/2020\/02\/86969548_2556201584662378_5142543903198543872_o.jpg?resize=1050%2C600&ssl=1 3x, https:\/\/i0.wp.com\/revistacultura.ro\/agenda\/wp-content\/uploads\/2020\/02\/86969548_2556201584662378_5142543903198543872_o.jpg?resize=1400%2C800&ssl=1 4x"},"classes":[]},{"id":20812,"url":"https:\/\/revistacultura.ro\/agenda\/2021\/11\/orasul-de-sub-macarele-ajunge-pe-simeze\/","url_meta":{"origin":21811,"position":4},"title":"Ora\u0219ul de sub macarele ajunge pe simeze","author":"Cultura","date":"3 noiembrie 2021","format":false,"excerpt":"De o sut\u0103 de ani sub macarale, plin de praf cu granula\u021bii nocive, Bucure\u0219tiul este \/ poate fi v\u0103zut ca o oper\u0103 de art\u0103 el \u00eensu\u0219i, \u00een care peisajul este arhitectural, este uman, este ideologic, este (uneori \u0219i pe alocuri) estetic \u2013 f\u0103r\u0103 a se reduce la acestea. Ivan Gallery\u2026","rel":"","context":"\u00cen \u201eAgenda culturala\u201d","block_context":{"text":"Agenda culturala","link":"https:\/\/revistacultura.ro\/agenda\/category\/agenda-cultura\/"},"img":{"alt_text":"","src":"https:\/\/i0.wp.com\/revistacultura.ro\/agenda\/wp-content\/uploads\/2021\/11\/ivan-b.png?resize=350%2C200&ssl=1","width":350,"height":200,"srcset":"https:\/\/i0.wp.com\/revistacultura.ro\/agenda\/wp-content\/uploads\/2021\/11\/ivan-b.png?resize=350%2C200&ssl=1 1x, https:\/\/i0.wp.com\/revistacultura.ro\/agenda\/wp-content\/uploads\/2021\/11\/ivan-b.png?resize=525%2C300&ssl=1 1.5x, https:\/\/i0.wp.com\/revistacultura.ro\/agenda\/wp-content\/uploads\/2021\/11\/ivan-b.png?resize=700%2C400&ssl=1 2x, https:\/\/i0.wp.com\/revistacultura.ro\/agenda\/wp-content\/uploads\/2021\/11\/ivan-b.png?resize=1050%2C600&ssl=1 3x"},"classes":[]},{"id":19542,"url":"https:\/\/revistacultura.ro\/agenda\/2014\/11\/19542\/","url_meta":{"origin":21811,"position":5},"title":"Bucure\u015ftiul redevine Capitala Teatrului de Anima\u0163ie","author":"Revista","date":"13 noiembrie 2014","format":false,"excerpt":"\u00a0 \u00a0 \u00centre 13 \u015fi 23 noiembrie se desf\u0103\u015foar\u0103 edi\u0163ia a zecea a Festivalului Interna\u0163ional al Teatrului de Anima\u0163ie \u201cSpectacole de colec\u0163ie\u201c. Festivalul aliniaz\u0103 peste 60 de evenimente, trupe \u015fi profesioni\u015fti din 8 \u0163\u0103ri invitate (Austria, Belgia, China, Croa\u0163ia, Grecia, Fran\u0163a, Italia, Spania) \u015fi 14 teatre \u015fi proiecte independente rom\u00e2ne\u015fti\u2026","rel":"","context":"\u00cen \u201eAgenda culturala\u201d","block_context":{"text":"Agenda culturala","link":"https:\/\/revistacultura.ro\/agenda\/category\/agenda-cultura\/"},"img":{"alt_text":"","src":"","width":0,"height":0},"classes":[]}],"_links":{"self":[{"href":"https:\/\/revistacultura.ro\/agenda\/wp-json\/wp\/v2\/posts\/21811","targetHints":{"allow":["GET"]}}],"collection":[{"href":"https:\/\/revistacultura.ro\/agenda\/wp-json\/wp\/v2\/posts"}],"about":[{"href":"https:\/\/revistacultura.ro\/agenda\/wp-json\/wp\/v2\/types\/post"}],"author":[{"embeddable":true,"href":"https:\/\/revistacultura.ro\/agenda\/wp-json\/wp\/v2\/users\/1"}],"replies":[{"embeddable":true,"href":"https:\/\/revistacultura.ro\/agenda\/wp-json\/wp\/v2\/comments?post=21811"}],"version-history":[{"count":3,"href":"https:\/\/revistacultura.ro\/agenda\/wp-json\/wp\/v2\/posts\/21811\/revisions"}],"predecessor-version":[{"id":21822,"href":"https:\/\/revistacultura.ro\/agenda\/wp-json\/wp\/v2\/posts\/21811\/revisions\/21822"}],"wp:featuredmedia":[{"embeddable":true,"href":"https:\/\/revistacultura.ro\/agenda\/wp-json\/wp\/v2\/media\/21818"}],"wp:attachment":[{"href":"https:\/\/revistacultura.ro\/agenda\/wp-json\/wp\/v2\/media?parent=21811"}],"wp:term":[{"taxonomy":"category","embeddable":true,"href":"https:\/\/revistacultura.ro\/agenda\/wp-json\/wp\/v2\/categories?post=21811"},{"taxonomy":"post_tag","embeddable":true,"href":"https:\/\/revistacultura.ro\/agenda\/wp-json\/wp\/v2\/tags?post=21811"}],"curies":[{"name":"wp","href":"https:\/\/api.w.org\/{rel}","templated":true}]}}