{"id":21808,"date":"2026-03-28T12:42:49","date_gmt":"2026-03-28T10:42:49","guid":{"rendered":"https:\/\/revistacultura.ro\/agenda\/?p=21808"},"modified":"2026-03-28T12:42:51","modified_gmt":"2026-03-28T10:42:51","slug":"raportoru-cu-exod-la-slobozia","status":"publish","type":"post","link":"https:\/\/revistacultura.ro\/agenda\/2026\/03\/raportoru-cu-exod-la-slobozia\/","title":{"rendered":"Raportoru cu \u201eExod\u201d la Slobozia"},"content":{"rendered":"\n<ul class=\"wp-block-list\">\n<li>Vernisaj: 4 aprilie 2026<\/li>\n\n\n\n<li>Centrul Cultural Ionel Perlea, Slobozia, Ialomi\u021ba<\/li>\n<\/ul>\n\n\n\n<p>Eugen Raportoru revine dup\u0103 6 ani cu o expozi\u021bie personal\u0103 la Slobozia. Curator: Clementina Tudor. <\/p>\n\n\n<figure class=\"wp-block-post-featured-image\"><img loading=\"lazy\" decoding=\"async\" width=\"800\" height=\"566\" src=\"https:\/\/revistacultura.ro\/agenda\/wp-content\/uploads\/2026\/03\/exod_raportoru.webp\" class=\"attachment-post-thumbnail size-post-thumbnail wp-post-image\" alt=\"\" style=\"object-fit:cover;\" srcset=\"https:\/\/revistacultura.ro\/agenda\/wp-content\/uploads\/2026\/03\/exod_raportoru.webp 800w, https:\/\/revistacultura.ro\/agenda\/wp-content\/uploads\/2026\/03\/exod_raportoru-400x283.webp 400w, https:\/\/revistacultura.ro\/agenda\/wp-content\/uploads\/2026\/03\/exod_raportoru-760x538.webp 760w, https:\/\/revistacultura.ro\/agenda\/wp-content\/uploads\/2026\/03\/exod_raportoru-768x543.webp 768w, https:\/\/revistacultura.ro\/agenda\/wp-content\/uploads\/2026\/03\/exod_raportoru-200x142.webp 200w\" sizes=\"auto, (max-width: 800px) 100vw, 800px\" data-attachment-id=\"21809\" data-permalink=\"https:\/\/revistacultura.ro\/agenda\/2026\/03\/raportoru-cu-exod-la-slobozia\/exod_raportoru\/\" data-orig-file=\"https:\/\/revistacultura.ro\/agenda\/wp-content\/uploads\/2026\/03\/exod_raportoru.webp\" data-orig-size=\"800,566\" data-comments-opened=\"1\" data-image-meta=\"{&quot;aperture&quot;:&quot;0&quot;,&quot;credit&quot;:&quot;&quot;,&quot;camera&quot;:&quot;&quot;,&quot;caption&quot;:&quot;&quot;,&quot;created_timestamp&quot;:&quot;0&quot;,&quot;copyright&quot;:&quot;&quot;,&quot;focal_length&quot;:&quot;0&quot;,&quot;iso&quot;:&quot;0&quot;,&quot;shutter_speed&quot;:&quot;0&quot;,&quot;title&quot;:&quot;&quot;,&quot;orientation&quot;:&quot;0&quot;}\" data-image-title=\"exod_raportoru\" data-image-description=\"\" data-image-caption=\"\" data-large-file=\"https:\/\/revistacultura.ro\/agenda\/wp-content\/uploads\/2026\/03\/exod_raportoru-760x538.webp\" \/><\/figure>\n\n\n<blockquote class=\"wp-block-quote is-layout-flow wp-block-quote-is-layout-flow\">\n<p style=\"font-size:16px\">Eugen Raportoru nu are doar capacitatea de a privi \u0219i de a vedea, \u015fi nici doar pe aceea de a comunica vizual prin semn, prin tu\u0219\u0103, prin ton \u0219i prin form\u0103, ci \u0219i pe aceea, fundamental\u0103, de a interoga \u015fi de a valorifica memoria. Iar \u00een str\u0103fundurilor memoriei sale melancolia grea a lui Andreescu se \u00eent\u00e2lne\u0219te cu sonorit\u0103\u021bile grave, de cavern\u0103 sc\u00e2nteietoare, ale lui Gheorghe Petra\u0219cu \u0219i cu triste\u021bea solitar\u0103 \u015fi, de multe ori, sf\u00e2\u0219ietoare, a lui Jean Cheler. \u00cens\u0103 cea mai profund\u0103, mai dureroas\u0103, dar \u0219i mai eroic\u0103 dimensiune a memoriei este aceea a unei umanit\u0103\u021bi str\u0103vechi, \u00eempov\u0103rate, aproape invizibile din pricina unei patine, a unei cocleli existen\u021biale care acoper\u0103 totul ca o alunecare istoric\u0103 de teren. La cap\u0103tul celor doi vectori ai memoriei, \u00een punctul lor de convergen\u021b\u0103, pictura lui Raportoru este un act salvator, o lupt\u0103 pentru via\u021ba din spatele acromatismului. Un act de biruin\u021b\u0103. O epifanie.<\/p>\n<cite>Pavel \u0218u\u0219ar\u0103<\/cite><\/blockquote>\n","protected":false},"excerpt":{"rendered":"<p>Eugen Raportoru revine dup\u0103 6 ani cu o expozi\u021bie personal\u0103 la Slobozia. Curator: Clementina Tudor. Eugen Raportoru nu are doar capacitatea de a privi \u0219i de a vedea, \u015fi nici doar pe aceea de a comunica vizual prin semn, prin tu\u0219\u0103, prin ton \u0219i prin form\u0103, ci \u0219i pe aceea, fundamental\u0103, de a interoga \u015fi&hellip;&nbsp;<a href=\"https:\/\/revistacultura.ro\/agenda\/2026\/03\/raportoru-cu-exod-la-slobozia\/\" rel=\"bookmark\">Cite\u0219te mai mult &raquo;<span class=\"screen-reader-text\">Raportoru cu \u201eExod\u201d la Slobozia<\/span><\/a><\/p>\n","protected":false},"author":1,"featured_media":21809,"comment_status":"open","ping_status":"open","sticky":false,"template":"","format":"standard","meta":{"neve_meta_sidebar":"","neve_meta_container":"","neve_meta_enable_content_width":"","neve_meta_content_width":0,"neve_meta_title_alignment":"","neve_meta_author_avatar":"","neve_post_elements_order":"","neve_meta_disable_header":"","neve_meta_disable_footer":"","neve_meta_disable_title":"","jetpack_post_was_ever_published":false,"_jetpack_newsletter_access":"","_jetpack_dont_email_post_to_subs":false,"_jetpack_newsletter_tier_id":0,"_jetpack_memberships_contains_paywalled_content":false,"_jetpack_memberships_contains_paid_content":false,"footnotes":"","jetpack_publicize_message":"","jetpack_publicize_feature_enabled":true,"jetpack_social_post_already_shared":true,"jetpack_social_options":{"image_generator_settings":{"template":"highway","default_image_id":0,"font":"","enabled":false},"version":2}},"categories":[152],"tags":[],"class_list":["post-21808","post","type-post","status-publish","format-standard","has-post-thumbnail","hentry","category-agenda-cultura"],"jetpack_publicize_connections":[],"jetpack_featured_media_url":"https:\/\/revistacultura.ro\/agenda\/wp-content\/uploads\/2026\/03\/exod_raportoru.webp","jetpack_sharing_enabled":true,"jetpack-related-posts":[{"id":19761,"url":"https:\/\/revistacultura.ro\/agenda\/2015\/06\/foto-splendid-acsinte\/","url_meta":{"origin":21808,"position":0},"title":"Foto Splendid Acsinte","author":"Revista","date":"13 iunie 2015","format":false,"excerpt":"\u00a0 A ap\u0103rut cartea Foto Splendid. Colec\u0163ia Costic\u0103 Acsinte. Via\u0163a social\u0103. O carte cu fotografii realizate acum c\u00e2teva decenii cu oamenii obi\u015fnui\u0163i din Slobozia, la studioul \u201eFoto Splendid\u201d al lui Costic\u0103 Acsinte, pe drum, \u00een cur\u0163ile oamenilor sau la diverse evenimente. Iat\u0103 care este povestea de fotograf a lui Costic\u0103\u2026","rel":"","context":"\u00cen \u201eAparitii editoriale\u201d","block_context":{"text":"Aparitii editoriale","link":"https:\/\/revistacultura.ro\/agenda\/category\/aparitii-editoriale\/"},"img":{"alt_text":"","src":"https:\/\/i0.wp.com\/revistacultura.ro\/agenda\/wp-content\/uploads\/2015\/06\/foto-splendid.jpg?resize=350%2C200&ssl=1","width":350,"height":200},"classes":[]},{"id":21771,"url":"https:\/\/revistacultura.ro\/agenda\/2026\/03\/catch-me-if-you-can-expozitie-de-arta-stradala\/","url_meta":{"origin":21808,"position":1},"title":"Catch Me If You Can \u2013 Expozi\u021bie de art\u0103 stradal\u0103","author":"Cultura","date":"16 martie 2026","format":false,"excerpt":"\u201eCatch Me If You Can\u201d este expozi\u021bia al c\u0103rei vernisaj are loc joi, 19 martie 2026, ora 18:00, la Galeria Calea Victoriei 91-93, \u00een care se \u00eent\u00e2lnesc practici artistice provenite din zone diferite ale culturii street art: art\u0103 vizual\u0103, tatuaj \u0219i muzic\u0103 hip-hop, reunite printr-un interes comun pentru discursul social\u2026","rel":"","context":"\u00cen \u201eRecomand\u0103ri\u201d","block_context":{"text":"Recomand\u0103ri","link":"https:\/\/revistacultura.ro\/agenda\/category\/recomandarile-cultura\/"},"img":{"alt_text":"","src":"https:\/\/i0.wp.com\/revistacultura.ro\/agenda\/wp-content\/uploads\/2026\/03\/Afis_Catchmeifucan.webp?resize=350%2C200&ssl=1","width":350,"height":200,"srcset":"https:\/\/i0.wp.com\/revistacultura.ro\/agenda\/wp-content\/uploads\/2026\/03\/Afis_Catchmeifucan.webp?resize=350%2C200&ssl=1 1x, https:\/\/i0.wp.com\/revistacultura.ro\/agenda\/wp-content\/uploads\/2026\/03\/Afis_Catchmeifucan.webp?resize=525%2C300&ssl=1 1.5x, https:\/\/i0.wp.com\/revistacultura.ro\/agenda\/wp-content\/uploads\/2026\/03\/Afis_Catchmeifucan.webp?resize=700%2C400&ssl=1 2x"},"classes":[]},{"id":19698,"url":"https:\/\/revistacultura.ro\/agenda\/2015\/02\/andreea-mironescu-afacerea-clasicilor\/","url_meta":{"origin":21808,"position":2},"title":"Andreea Mironescu, Afacerea clasicilor","author":"Revista","date":"12 februarie 2015","format":false,"excerpt":"Pe l\u00e2ng\u0103 c\u0103 e necesar\u0103, monografia dedicat\u0103 de t\u00e2n\u0103ra cercet\u0103toare Andreea Mironescu lui Paul Zarifopol, Afacerea clasicilor, e \u015fi o carte extrem de curajoas\u0103. Cu foarte pu\u0163ine excep\u0163ii (o monografie a lui Constantin Trandafir \u015fi un studiu sintetic semnat de Mircea Muthu), \u00een ultimele decenii opera criticului a intrat \u00eentr-o\u2026","rel":"","context":"\u00cen \u201eAparitii editoriale\u201d","block_context":{"text":"Aparitii editoriale","link":"https:\/\/revistacultura.ro\/agenda\/category\/aparitii-editoriale\/"},"img":{"alt_text":"","src":"https:\/\/i0.wp.com\/revistacultura.ro\/agenda\/wp-content\/uploads\/2015\/02\/Untitled-18.jpg?resize=350%2C200&ssl=1","width":350,"height":200},"classes":[]},{"id":19313,"url":"https:\/\/revistacultura.ro\/agenda\/2014\/08\/octavian-soviany-calcaiul-lui-magellan-2\/","url_meta":{"origin":21808,"position":3},"title":"Octavian Soviany, C\u0103lc\u00e2iul lui Magellan","author":"Revista","date":"1 august 2014","format":false,"excerpt":"\u00a0 \u201eAm venit s\u0103 vedem cum lucreaz\u0103 pustiul\u201c. Pustiul e un alt nume al timpului, c\u0103ci Soviany nu e un Magellan cu reveria geografiei care-\u015fi caut\u0103 \u00eemplinirea, ci unul al istoriei deturnate spre mitic \u015fi simbolic, chiar c\u00e2nd apuc\u0103 \u2013 sau chiar pentru a apuca \u2013 cu mai mult\u0103 for\u0163\u0103\u2026","rel":"","context":"\u00cen \u201eAparitii editoriale\u201d","block_context":{"text":"Aparitii editoriale","link":"https:\/\/revistacultura.ro\/agenda\/category\/aparitii-editoriale\/"},"img":{"alt_text":"","src":"","width":0,"height":0},"classes":[]},{"id":20104,"url":"https:\/\/revistacultura.ro\/agenda\/2019\/07\/josef-josef-doi-artisti-in-vizita-acasa\/","url_meta":{"origin":21808,"position":4},"title":"Josef &#038; Josef. Doi arti\u0219ti \u00een vizit\u0103 acas\u0103","author":"Cultura","date":"2 iulie 2019","format":false,"excerpt":"Leg\u0103turi de s\u00e2nge, leg\u0103turi de art\u0103. De origine din \u0162ara B\u00e2rsei, arti\u015ftii vizuali Dieter Josef (Austria) \u015fi Horst F. Josef (Germania) deschid pe 3 iulie 2019, la ora 13.00, la Muzeul de Art\u0103 Contemporan\u0103 din Sibiu, o expozi\u0163ie cu totul surprinz\u0103toare prin form\u0103 \u015fi con\u0163inut, \u201eJosef & Josef. Doi arti\u0219ti\u2026","rel":"","context":"\u00cen \u201ecomunicate\u201d","block_context":{"text":"comunicate","link":"https:\/\/revistacultura.ro\/agenda\/category\/comunicate\/"},"img":{"alt_text":"","src":"https:\/\/i0.wp.com\/revistacultura.ro\/agenda\/wp-content\/uploads\/2019\/07\/Afis-Josef-und-Josef-Sibiu.jpg?resize=350%2C200&ssl=1","width":350,"height":200},"classes":[]},{"id":18948,"url":"https:\/\/revistacultura.ro\/agenda\/2014\/05\/terapia-prin-cioran\/","url_meta":{"origin":21808,"position":5},"title":"Terapia prin Cioran","author":"Cultura","date":"21 mai 2014","format":false,"excerpt":"Terapia prin Cioran. For\u0163a g\u00e2ndirii negative este cea mai recentcarte a unuia dintre cei mai lucizi observatori de azi ai fenomenului cultural rom\u00e2nesc, Horia Ptra\u015fcu. Autorul are de partea sa, ca de obicei \u00een ceea ce \u00eel prive\u015fte, at\u00e2t amploarea \u2013 dar \u015fi o bunorientare a documentrii, c\u00e2t \u015fi rigoarea\u2026","rel":"","context":"\u00cen \u201eAparitii editoriale\u201d","block_context":{"text":"Aparitii editoriale","link":"https:\/\/revistacultura.ro\/agenda\/category\/aparitii-editoriale\/"},"img":{"alt_text":"","src":"https:\/\/i0.wp.com\/revistacultura.ro\/agenda\/wp-content\/uploads\/2014\/05\/prin-cioran.jpg?resize=350%2C200&ssl=1","width":350,"height":200},"classes":[]}],"_links":{"self":[{"href":"https:\/\/revistacultura.ro\/agenda\/wp-json\/wp\/v2\/posts\/21808","targetHints":{"allow":["GET"]}}],"collection":[{"href":"https:\/\/revistacultura.ro\/agenda\/wp-json\/wp\/v2\/posts"}],"about":[{"href":"https:\/\/revistacultura.ro\/agenda\/wp-json\/wp\/v2\/types\/post"}],"author":[{"embeddable":true,"href":"https:\/\/revistacultura.ro\/agenda\/wp-json\/wp\/v2\/users\/1"}],"replies":[{"embeddable":true,"href":"https:\/\/revistacultura.ro\/agenda\/wp-json\/wp\/v2\/comments?post=21808"}],"version-history":[{"count":1,"href":"https:\/\/revistacultura.ro\/agenda\/wp-json\/wp\/v2\/posts\/21808\/revisions"}],"predecessor-version":[{"id":21810,"href":"https:\/\/revistacultura.ro\/agenda\/wp-json\/wp\/v2\/posts\/21808\/revisions\/21810"}],"wp:featuredmedia":[{"embeddable":true,"href":"https:\/\/revistacultura.ro\/agenda\/wp-json\/wp\/v2\/media\/21809"}],"wp:attachment":[{"href":"https:\/\/revistacultura.ro\/agenda\/wp-json\/wp\/v2\/media?parent=21808"}],"wp:term":[{"taxonomy":"category","embeddable":true,"href":"https:\/\/revistacultura.ro\/agenda\/wp-json\/wp\/v2\/categories?post=21808"},{"taxonomy":"post_tag","embeddable":true,"href":"https:\/\/revistacultura.ro\/agenda\/wp-json\/wp\/v2\/tags?post=21808"}],"curies":[{"name":"wp","href":"https:\/\/api.w.org\/{rel}","templated":true}]}}