{"id":21802,"date":"2026-03-27T11:12:26","date_gmt":"2026-03-27T09:12:26","guid":{"rendered":"https:\/\/revistacultura.ro\/agenda\/?p=21802"},"modified":"2026-03-27T11:12:51","modified_gmt":"2026-03-27T09:12:51","slug":"comunicatul-tntm-de-ziua-mondiala-a-teatrului","status":"publish","type":"post","link":"https:\/\/revistacultura.ro\/agenda\/2026\/03\/comunicatul-tntm-de-ziua-mondiala-a-teatrului\/","title":{"rendered":"Comunicatul TNTm de Ziua Mondial\u0103 a Teatrului"},"content":{"rendered":"\n<p>Teatrul Na\u021bional din Timi\u0219oara se al\u0103tur\u0103 teatrelor din toat\u0103 lumea, celebr\u00e2nd, ca \u00een fiecare an, Ziua Mondial\u0103 a Teatrului.<\/p>\n\n\n\n<p>\u00cenc\u0103 din 1961, teatre, institu\u021bii teatrale, facult\u0103\u021bi de teatru, toate organiza\u021biile dedicate artei dramatice s\u0103rb\u0103toresc \u00een&nbsp; 27 martie Ziua Mondial\u0103 a Teatrului. \u00cen acest context, vineri, 27 martie 2026, de la ora 19, Teatrul Na\u021bional prezint\u0103 \u00een Sala Mare spectacolul <strong>Conul Leonida fa\u021b\u0103 cu Reac\u021biunea <\/strong>de I.L. Caragiale, spectacol semnat de cunoscutul regizor Felix Alexa. Trecut prin filtrul inteligen\u021bei \u0219i al umorului abraziv al creatorului s\u0103u \u0219i \u00een interpretarea de excep\u021bie a actorilor Na\u021bionalului timi\u0219orean \u2013 Ion Rizea, Claudia Ieremia, Alina Ilea \u0219i Matei Chioariu, spectacolul recupereaz\u0103 aceast\u0103 bijuterie dramaturgic\u0103 a lui Caragiale \u00een actualitatea ei esen\u021bial\u0103.<\/p>\n\n\n\n<p>Totodat\u0103, \u00een aceea\u0219i zi, de la aceea\u0219i or\u0103, actorii Teatrului Na\u021bional din Timi\u0219oara \u2013 Flavia Giurgiu, Marin Lupanciuc \u0219i Teodor Cau\u0219, vor prezenta, al\u0103turi de colegii lor de la Teatrul \u201eAndrei Mure\u0219anu\u201d, spectacolul <strong>Scriitoarea <\/strong>de Ella Hickson. Spectacolul, realizat \u00een coproduc\u021bie de Teatrul Na\u021bional \u201eMihai Eminescu\u201d din Timi\u0219oara \u0219i Teatrul \u201eAndrei Mure\u0219anu\u201d Sf\u00e2ntu Gheorghe \u0219i semnat de regizorul Na\u021bionalului timi\u0219orean, Radu Iacoban, pune \u00een centrul demersului s\u0103u responsabilitatea \u0219i locul creatorului \u00eentr-o lume care \u00ee\u0219i dinamiteaz\u0103 \u00een permanen\u021b\u0103 propriile limite. Reprezenta\u021bia programat\u0103 cu ocazia Zilei Mondiale a Teatrului va avea loc pe scena TAM din Sf\u00e2ntu-Gheorghe.<\/p>\n\n\n\n<p>Spectacolele care se joac\u0103 \u00een toat\u0103 lumea \u00een aceast\u0103 zi vor fi precedate de mesajul pe care, la invita\u021bia Institului Interna\u0163ional de Teatru, o figur\u0103 marcant\u0103 a teatrului universal \u00eel adreseaz\u0103 arti\u015ftilor scenei de pe toate continentele. Anul acesta, mesajul interna\u021bional este transmis de renumitul actor de film \u0219i teatru Willem Dafoe, \u00een prezent directorul artistic al Departamentului de Teatru al Bienalei de la Vene\u021bia \u0219i unul dintre membrii fondatori ai legendarei trupe de teatru new-york-eze The Wooster Group, trup\u0103 care, \u00eentre 1977 \u0219i 2004, a pus bazele unei abord\u0103ri revolu\u021bionare \u00een teatrul de avangard\u0103.<\/p>\n\n\n<figure class=\"wp-block-post-featured-image\"><img loading=\"lazy\" decoding=\"async\" width=\"800\" height=\"533\" src=\"https:\/\/revistacultura.ro\/agenda\/wp-content\/uploads\/2026\/03\/willem-dafoe.webp\" class=\"attachment-post-thumbnail size-post-thumbnail wp-post-image\" alt=\"\" style=\"object-fit:cover;\" srcset=\"https:\/\/revistacultura.ro\/agenda\/wp-content\/uploads\/2026\/03\/willem-dafoe.webp 800w, https:\/\/revistacultura.ro\/agenda\/wp-content\/uploads\/2026\/03\/willem-dafoe-400x267.webp 400w, https:\/\/revistacultura.ro\/agenda\/wp-content\/uploads\/2026\/03\/willem-dafoe-760x506.webp 760w, https:\/\/revistacultura.ro\/agenda\/wp-content\/uploads\/2026\/03\/willem-dafoe-768x512.webp 768w, https:\/\/revistacultura.ro\/agenda\/wp-content\/uploads\/2026\/03\/willem-dafoe-200x133.webp 200w\" sizes=\"auto, (max-width: 800px) 100vw, 800px\" data-attachment-id=\"21803\" data-permalink=\"https:\/\/revistacultura.ro\/agenda\/2026\/03\/comunicatul-tntm-de-ziua-mondiala-a-teatrului\/willem-dafoe\/\" data-orig-file=\"https:\/\/revistacultura.ro\/agenda\/wp-content\/uploads\/2026\/03\/willem-dafoe.webp\" data-orig-size=\"800,533\" data-comments-opened=\"1\" data-image-meta=\"{&quot;aperture&quot;:&quot;0&quot;,&quot;credit&quot;:&quot;&quot;,&quot;camera&quot;:&quot;&quot;,&quot;caption&quot;:&quot;&quot;,&quot;created_timestamp&quot;:&quot;0&quot;,&quot;copyright&quot;:&quot;&quot;,&quot;focal_length&quot;:&quot;0&quot;,&quot;iso&quot;:&quot;0&quot;,&quot;shutter_speed&quot;:&quot;0&quot;,&quot;title&quot;:&quot;&quot;,&quot;orientation&quot;:&quot;0&quot;}\" data-image-title=\"willem dafoe\" data-image-description=\"\" data-image-caption=\"\" data-large-file=\"https:\/\/revistacultura.ro\/agenda\/wp-content\/uploads\/2026\/03\/willem-dafoe-760x506.webp\" \/><\/figure>\n\n\n<p>Iat\u0103 c\u00e2teva dintre cuvintele pe care <strong>Willem Dafoe<\/strong> ni le adreseaz\u0103 tuturor cu ocazia Zilei Mondiale a Teatrului, cu scopul de a ne reuni &#8211; creatori de teatru \u0219i iubitori de teatru de pretutindeni:<\/p>\n\n\n\n<p>\u201eSunt cunoscut, \u00eenainte de toate, ca actor de film. \u00cens\u0103 r\u0103d\u0103cinile mele sunt ad\u00e2nc \u00eenfipte \u00een teatru. (&#8230;) Am lucrat cu Richard Foreman, Robert Wilson \u0219i Romeo Castellucci. Ast\u0103zi, sunt directorul artistic al Bienalei de Teatru de la Vene\u021bia. Aceast\u0103 numire, tot ce se \u00eent\u00e2mpl\u0103 acum \u00een lume \u0219i dorin\u021ba mea de a m\u0103 \u00eentoarce pe sc\u00e2ndur\u0103 mi-au \u00eent\u0103rit convingerea \u00een puterea pozitiv\u0103, unic\u0103 \u0219i \u00een importan\u021ba vital\u0103 a teatrului. (&#8230;) Ca actor \u0219i creator de teatru, r\u0103m\u00e2n un adept al puterii sale. \u00centr-o lume tot mai divizat\u0103, mai controlat\u0103 \u0219i mai violent\u0103, provocarea noastr\u0103 este s\u0103 nu l\u0103s\u0103m teatrul s\u0103 fie corupt: nici s\u0103 devin\u0103 o simpl\u0103 afacere comercial\u0103 care ofer\u0103 divertisment prin distragere, nici s\u0103 r\u0103m\u00e2n\u0103 o institu\u021bie pr\u0103fuit\u0103 care doar conserv\u0103 tradi\u021bii. Trebuie, \u00een schimb, s\u0103-i hr\u0103nim puterea de a conecta oameni, comunit\u0103\u021bi \u0219i culturi \u0219i, mai ales, capacitatea de a ne \u00eentreba: \u00eencotro ne \u00eendrept\u0103m? Teatrul adev\u0103rat provoac\u0103 felul \u00een care g\u00e2ndim \u0219i ne \u00eencurajeaz\u0103 s\u0103 ne imagin\u0103m lucrurile la care aspir\u0103m. Suntem animale sociale, proiecta\u021bi biologic pentru a interac\u021biona cu lumea. Fiecare sim\u021b este o poart\u0103 c\u0103tre o \u00eent\u00e2lnire, iar prin aceast\u0103 \u00eent\u00e2lnire ne definim mai clar pe noi \u00een\u0219ine. Prin poveste, estetic\u0103, limbaj, mi\u0219care \u0219i scenografie \u2013 teatrul, ca form\u0103 de art\u0103 total\u0103, ne poate face s\u0103 vedem ce a fost, ce este \u0219i, mai ales, ce ar putea deveni lumea noastr\u0103.\u201d<\/p>\n","protected":false},"excerpt":{"rendered":"<p>Teatrul Na\u021bional din Timi\u0219oara se al\u0103tur\u0103 teatrelor din toat\u0103 lumea, celebr\u00e2nd, ca \u00een fiecare an, Ziua Mondial\u0103 a Teatrului. \u00cenc\u0103 din 1961, teatre, institu\u021bii teatrale, facult\u0103\u021bi de teatru, toate organiza\u021biile dedicate artei dramatice s\u0103rb\u0103toresc \u00een&nbsp; 27 martie Ziua Mondial\u0103 a Teatrului. \u00cen acest context, vineri, 27 martie 2026, de la ora 19, Teatrul Na\u021bional prezint\u0103&hellip;&nbsp;<a href=\"https:\/\/revistacultura.ro\/agenda\/2026\/03\/comunicatul-tntm-de-ziua-mondiala-a-teatrului\/\" rel=\"bookmark\">Cite\u0219te mai mult &raquo;<span class=\"screen-reader-text\">Comunicatul TNTm de Ziua Mondial\u0103 a Teatrului<\/span><\/a><\/p>\n","protected":false},"author":1,"featured_media":21803,"comment_status":"open","ping_status":"open","sticky":false,"template":"","format":"standard","meta":{"neve_meta_sidebar":"","neve_meta_container":"","neve_meta_enable_content_width":"","neve_meta_content_width":0,"neve_meta_title_alignment":"","neve_meta_author_avatar":"","neve_post_elements_order":"","neve_meta_disable_header":"","neve_meta_disable_footer":"","neve_meta_disable_title":"","jetpack_post_was_ever_published":false,"_jetpack_newsletter_access":"","_jetpack_dont_email_post_to_subs":false,"_jetpack_newsletter_tier_id":0,"_jetpack_memberships_contains_paywalled_content":false,"_jetpack_memberships_contains_paid_content":false,"footnotes":"","jetpack_publicize_message":"","jetpack_publicize_feature_enabled":true,"jetpack_social_post_already_shared":true,"jetpack_social_options":{"image_generator_settings":{"template":"highway","default_image_id":0,"font":"","enabled":false},"version":2}},"categories":[886],"tags":[],"class_list":["post-21802","post","type-post","status-publish","format-standard","has-post-thumbnail","hentry","category-comunicate"],"jetpack_publicize_connections":[],"jetpack_featured_media_url":"https:\/\/revistacultura.ro\/agenda\/wp-content\/uploads\/2026\/03\/willem-dafoe.webp","jetpack_sharing_enabled":true,"jetpack-related-posts":[{"id":21796,"url":"https:\/\/revistacultura.ro\/agenda\/2026\/03\/teatrul-mic-marcheaza-ziua-mondiala-a-teatrului-cu-doua-premiere\/","url_meta":{"origin":21802,"position":0},"title":"Teatrul Mic marcheaz\u0103 Ziua Mondial\u0103 a Teatrului cu dou\u0103 premiere","author":"Cultura","date":"25 martie 2026","format":false,"excerpt":"\u00cen s\u0103pt\u0103m\u00e2na care s\u0103rb\u0103tore\u0219te Ziua Mondial\u0103 a Teatrului, Teatrul Mic din Bucure\u0219ti aduce pe scen\u0103 dou\u0103 produc\u021bii inedite \u00een Rom\u00e2nia, care abordeaz\u0103 teme sociale \u0219i psihologice profunde: Ellen Babi\u0107 de Marius von Mayenburg \u0219i Str\u0103lucirea parazi\u021bilor de Philip Ridley. Ambele spectacole vor avea premiera la Sala Studio (strada Gabroveni 57),\u2026","rel":"","context":"\u00cen \u201eAgenda culturala\u201d","block_context":{"text":"Agenda culturala","link":"https:\/\/revistacultura.ro\/agenda\/category\/agenda-cultura\/"},"img":{"alt_text":"","src":"https:\/\/i0.wp.com\/revistacultura.ro\/agenda\/wp-content\/uploads\/2026\/03\/08-Ellen-Babic.webp?resize=350%2C200&ssl=1","width":350,"height":200,"srcset":"https:\/\/i0.wp.com\/revistacultura.ro\/agenda\/wp-content\/uploads\/2026\/03\/08-Ellen-Babic.webp?resize=350%2C200&ssl=1 1x, https:\/\/i0.wp.com\/revistacultura.ro\/agenda\/wp-content\/uploads\/2026\/03\/08-Ellen-Babic.webp?resize=525%2C300&ssl=1 1.5x, https:\/\/i0.wp.com\/revistacultura.ro\/agenda\/wp-content\/uploads\/2026\/03\/08-Ellen-Babic.webp?resize=700%2C400&ssl=1 2x, https:\/\/i0.wp.com\/revistacultura.ro\/agenda\/wp-content\/uploads\/2026\/03\/08-Ellen-Babic.webp?resize=1050%2C600&ssl=1 3x, https:\/\/i0.wp.com\/revistacultura.ro\/agenda\/wp-content\/uploads\/2026\/03\/08-Ellen-Babic.webp?resize=1400%2C800&ssl=1 4x"},"classes":[]},{"id":20760,"url":"https:\/\/revistacultura.ro\/agenda\/2021\/03\/caragiale-virtual-pentru-sute-de-tineri\/","url_meta":{"origin":21802,"position":1},"title":"Caragiale virtual pentru sute de tineri","author":"Cultura","date":"27 martie 2021","format":false,"excerpt":"Cu ocazia Zilei Mondiale a Teatrului, participan\u021bii (elevi \u0219i profesori) la proiectul \u0218coala de lectur\u0103 Lege et Impera (ini\u021biat de Asocia\u021bia Vis-\u00e0-vis \u0219i cofinan\u021bat de AFCN) vor viziona online, gratuit spectacolul \u201cO scrisoare pierdut\u0103\u201d, \u00een regia lui Alexandru Dabija, pe canalul Youtube al Teatrului de Comedie. Linkul de conectare (disponibil\u2026","rel":"","context":"\u00cen \u201ecomunicate\u201d","block_context":{"text":"comunicate","link":"https:\/\/revistacultura.ro\/agenda\/category\/comunicate\/"},"img":{"alt_text":"","src":"https:\/\/i0.wp.com\/revistacultura.ro\/agenda\/wp-content\/uploads\/2021\/03\/o-scrisoare-pierduta.jpg?resize=350%2C200&ssl=1","width":350,"height":200},"classes":[]},{"id":18430,"url":"https:\/\/revistacultura.ro\/agenda\/2014\/03\/premiera-la-tandarica\/","url_meta":{"origin":21802,"position":2},"title":"Premier\u0103 la \u0162\u0103nd\u0103ric\u0103","author":"Revista","date":"27 martie 2014","format":false,"excerpt":"Teatrul \u0162\u0103nd\u0103ric\u0103 marcheaz\u0103 \u00een avans Ziua Mondial\u0103 a Teatrului de Anima\u0163ie cu noua sa premier\u0103, Croitora\u015ful cel viteaz, din colec\u0163ia de povestiri culese de Fra\u0163ii Grimm. Figura principal\u0103 este un croitor s\u0103rac, \u00eenving\u0103tor de fiecare dat\u0103 \u00een fa\u0163a peripe\u0163iilor \u00eent\u00e2lnite. Regizorul Daniel Stanciu p\u0103streaz\u0103 linia clasic\u0103 a pove\u015ftii, folosind mijloacele\u2026","rel":"","context":"\u00cen \u201eAgenda culturala\u201d","block_context":{"text":"Agenda culturala","link":"https:\/\/revistacultura.ro\/agenda\/category\/agenda-cultura\/"},"img":{"alt_text":"","src":"","width":0,"height":0},"classes":[]},{"id":20011,"url":"https:\/\/revistacultura.ro\/agenda\/2019\/04\/ultima-halta-in-paradis-la-sala-ion-baiesu-a-teatrului-dramaturgilor-romani\/","url_meta":{"origin":21802,"position":3},"title":"Ultima Halt\u0103 \u00een Paradis la Sala \u201eIon B\u0103ie\u0219u\u201d a Teatrului Dramaturgilor Rom\u00e2ni","author":"Cultura","date":"1 aprilie 2019","format":false,"excerpt":"Teatrul Dramaturgilor Rom\u00e2ni prezint\u0103 pe 3 aprilie 2019 spectacolul Ultima Halt\u0103 \u00een Paradis de Valentin Nicolau, regia Andrei Mihalache. Ultima Halt\u0103 \u00een Paradis este e o produc\u021bie a Teatrului Aureliu Manea din Turda \u0219i se joac\u0103 la Bucure\u0219ti pentru prima oar\u0103. \u00cen 2002 textul piesei a fost montat la Televiziunea\u2026","rel":"","context":"\u00cen \u201eAgenda culturala\u201d","block_context":{"text":"Agenda culturala","link":"https:\/\/revistacultura.ro\/agenda\/category\/agenda-cultura\/"},"img":{"alt_text":"","src":"https:\/\/i0.wp.com\/revistacultura.ro\/agenda\/wp-content\/uploads\/2019\/04\/Afi%C8%99-Ultima-Halt%C4%83-%C3%AEn-Paradis.jpg?resize=350%2C200&ssl=1","width":350,"height":200,"srcset":"https:\/\/i0.wp.com\/revistacultura.ro\/agenda\/wp-content\/uploads\/2019\/04\/Afi%C8%99-Ultima-Halt%C4%83-%C3%AEn-Paradis.jpg?resize=350%2C200&ssl=1 1x, https:\/\/i0.wp.com\/revistacultura.ro\/agenda\/wp-content\/uploads\/2019\/04\/Afi%C8%99-Ultima-Halt%C4%83-%C3%AEn-Paradis.jpg?resize=525%2C300&ssl=1 1.5x, https:\/\/i0.wp.com\/revistacultura.ro\/agenda\/wp-content\/uploads\/2019\/04\/Afi%C8%99-Ultima-Halt%C4%83-%C3%AEn-Paradis.jpg?resize=700%2C400&ssl=1 2x"},"classes":[]},{"id":21338,"url":"https:\/\/revistacultura.ro\/agenda\/2025\/08\/expozitia-silviu-purcarete-50-de-ani-de-teatru-la-cazinoul-din-constanta\/","url_meta":{"origin":21802,"position":4},"title":"Expozi\u021bia \u201eSilviu Purc\u0103rete \u2013 50 de ani de teatru\u201d la Cazinoul din Constan\u021ba","author":"Cultura","date":"27 august 2025","format":false,"excerpt":"\u00cencep\u00e2nd cu 19 august \u0219i p\u00e2n\u0103 pe 12 septembrie 2025, Cazinoul din Constan\u021ba g\u0103zduie\u0219te expozi\u021bia de fotografie \u201eSilviu Purc\u0103rete \u2013 50 de ani de teatru\u201d, un eveniment de excep\u021bie inclus \u00een programul Stagiunii Estivale a Artelor Spectacolului (SEAS 2025). Organizat\u0103 de Teatrul de Stat Constan\u021ba, cu sprijinul Consiliului Jude\u021bean Constan\u021ba,\u2026","rel":"","context":"\u00cen \u201eSemnal\u201d","block_context":{"text":"Semnal","link":"https:\/\/revistacultura.ro\/agenda\/category\/semnal\/"},"img":{"alt_text":"","src":"https:\/\/i0.wp.com\/revistacultura.ro\/agenda\/wp-content\/uploads\/2025\/08\/SEAS_Afis-Purcarete_.webp?resize=350%2C200&ssl=1","width":350,"height":200,"srcset":"https:\/\/i0.wp.com\/revistacultura.ro\/agenda\/wp-content\/uploads\/2025\/08\/SEAS_Afis-Purcarete_.webp?resize=350%2C200&ssl=1 1x, https:\/\/i0.wp.com\/revistacultura.ro\/agenda\/wp-content\/uploads\/2025\/08\/SEAS_Afis-Purcarete_.webp?resize=525%2C300&ssl=1 1.5x, https:\/\/i0.wp.com\/revistacultura.ro\/agenda\/wp-content\/uploads\/2025\/08\/SEAS_Afis-Purcarete_.webp?resize=700%2C400&ssl=1 2x"},"classes":[]},{"id":21205,"url":"https:\/\/revistacultura.ro\/agenda\/2025\/02\/frumoasa-si-cool-teatrul-alexandru-davila-pitesti\/","url_meta":{"origin":21802,"position":5},"title":"\u201eFrumoas\u0103 \u0219i Cool\u201d, Teatrul \u201eAlexandru Davila\u201d, Pite\u0219ti","author":"Cultura","date":"14 februarie 2025","format":false,"excerpt":"COMUNICAT DE PRES\u0102 Teatrul Na\u021bional Satiricus \u201eIon Luca Caragiale\u201d din Chi\u0219in\u0103u, \u00een colaborare cu\u00a0Teatrul \u201eAlexandru Davila\u201d din Pite\u0219ti, anun\u021b\u0103 premiera spectacolului\u00a0\u201eFrumoas\u0103 \u0219i Cool\u201d, de\u00a0Alexandra Ares, \u00een regia lui\u00a0Alexandru (Sandu) Grecu. Piesa urm\u0103re\u0219te trei etape esen\u021biale din via\u021ba\u00a0Ondei, o t\u00e2n\u0103r\u0103 marcat\u0103 de cifra 7, simbol al destinului s\u0103u, care o provoac\u0103\u2026","rel":"","context":"\u00cen \u201ecomunicate\u201d","block_context":{"text":"comunicate","link":"https:\/\/revistacultura.ro\/agenda\/category\/comunicate\/"},"img":{"alt_text":"","src":"https:\/\/i0.wp.com\/revistacultura.ro\/agenda\/wp-content\/uploads\/2025\/02\/AFIS-FRUMOASA-SI-COOL-1.jpeg?resize=350%2C200&ssl=1","width":350,"height":200,"srcset":"https:\/\/i0.wp.com\/revistacultura.ro\/agenda\/wp-content\/uploads\/2025\/02\/AFIS-FRUMOASA-SI-COOL-1.jpeg?resize=350%2C200&ssl=1 1x, https:\/\/i0.wp.com\/revistacultura.ro\/agenda\/wp-content\/uploads\/2025\/02\/AFIS-FRUMOASA-SI-COOL-1.jpeg?resize=525%2C300&ssl=1 1.5x, https:\/\/i0.wp.com\/revistacultura.ro\/agenda\/wp-content\/uploads\/2025\/02\/AFIS-FRUMOASA-SI-COOL-1.jpeg?resize=700%2C400&ssl=1 2x, https:\/\/i0.wp.com\/revistacultura.ro\/agenda\/wp-content\/uploads\/2025\/02\/AFIS-FRUMOASA-SI-COOL-1.jpeg?resize=1050%2C600&ssl=1 3x"},"classes":[]}],"_links":{"self":[{"href":"https:\/\/revistacultura.ro\/agenda\/wp-json\/wp\/v2\/posts\/21802","targetHints":{"allow":["GET"]}}],"collection":[{"href":"https:\/\/revistacultura.ro\/agenda\/wp-json\/wp\/v2\/posts"}],"about":[{"href":"https:\/\/revistacultura.ro\/agenda\/wp-json\/wp\/v2\/types\/post"}],"author":[{"embeddable":true,"href":"https:\/\/revistacultura.ro\/agenda\/wp-json\/wp\/v2\/users\/1"}],"replies":[{"embeddable":true,"href":"https:\/\/revistacultura.ro\/agenda\/wp-json\/wp\/v2\/comments?post=21802"}],"version-history":[{"count":2,"href":"https:\/\/revistacultura.ro\/agenda\/wp-json\/wp\/v2\/posts\/21802\/revisions"}],"predecessor-version":[{"id":21806,"href":"https:\/\/revistacultura.ro\/agenda\/wp-json\/wp\/v2\/posts\/21802\/revisions\/21806"}],"wp:featuredmedia":[{"embeddable":true,"href":"https:\/\/revistacultura.ro\/agenda\/wp-json\/wp\/v2\/media\/21803"}],"wp:attachment":[{"href":"https:\/\/revistacultura.ro\/agenda\/wp-json\/wp\/v2\/media?parent=21802"}],"wp:term":[{"taxonomy":"category","embeddable":true,"href":"https:\/\/revistacultura.ro\/agenda\/wp-json\/wp\/v2\/categories?post=21802"},{"taxonomy":"post_tag","embeddable":true,"href":"https:\/\/revistacultura.ro\/agenda\/wp-json\/wp\/v2\/tags?post=21802"}],"curies":[{"name":"wp","href":"https:\/\/api.w.org\/{rel}","templated":true}]}}