{"id":21799,"date":"2026-03-26T12:03:10","date_gmt":"2026-03-26T10:03:10","guid":{"rendered":"https:\/\/revistacultura.ro\/agenda\/?p=21799"},"modified":"2026-03-26T12:03:12","modified_gmt":"2026-03-26T10:03:12","slug":"fotografie-si-invizibil-o-incursiune-teoretica-si-vizuala-la-palatul-sutu","status":"publish","type":"post","link":"https:\/\/revistacultura.ro\/agenda\/2026\/03\/fotografie-si-invizibil-o-incursiune-teoretica-si-vizuala-la-palatul-sutu\/","title":{"rendered":"Fotografie \u0219i Invizibil: o incursiune teoretic\u0103 \u0219i vizual\u0103 &#8211; la Palatul Su\u021bu"},"content":{"rendered":"\n<p><strong>Joi, 26 martie, ora 18.30<\/strong><\/p>\n\n\n\n<p>&#8222;Fotografie \u0219i Invizibil: o incursiune teoretic\u0103 \u0219i vizual\u0103&#8221;, cu Vlad Eftenie. Coordonatorul Conferin\u021belor de Joi: C\u0103t\u0103lin D. Constantin<\/p>\n\n\n\n<p>Lumea dimprejur?&#8230; un aparent haos, o infinitate de planuri toxice care se bruiaz\u0103 reciproc \u0219i care ne solicit\u0103 zi de zi, care ne golesc de energie, de care mai degrab\u0103 ne ferim, retr\u0103g\u00e2ndu-ne privirile \u00een ecranele telefoanelor sau st\u00e2nd la nesf\u00e2r\u0219it \u00een traficul blocat, a\u0219tept\u00e2nd s\u0103 se \u00eent\u00e2mple ceva, imagin\u00e2ndu-ne o lume \u0219i o via\u021b\u0103 mai bun\u0103. \u0218i totu\u0219i, mai este ceva. Ceva care ne poate salva de lumea dimprejur \u0219i chiar de noi \u00een\u0219ine, cu pu\u021bin\u0103 voin\u021b\u0103 \u0219i curaj.<\/p>\n\n\n\n<p>O scurt\u0103 trecere \u00een revist\u0103 a teoriilor contemporane care abordeaz\u0103 problematica \u201erealit\u0103\u021bii\u201d \u0219i a percep\u021biei a ceea ce \u201epare a fi real\u201d afl\u0103 o convergen\u021b\u0103 c\u0103tre un plan eminamente subiectiv: percepem ceea ce ne antren\u0103m zi de zi s\u0103 vedem. Puterea obiceiului \u0219i afirmarea propriilor filtre selective, ca gesturi con\u0219tiente \u0219i privite ca un \u201emu\u0219chi\u201d care se poate antrena prin exerci\u021biu zilnic, vin acum s\u0103 rea\u0219eze puterea adev\u0103rului personal \u00een ceea ce prive\u0219te o perspectiv\u0103 asupra lumii exterioare. Nu credem c\u0103 poate exista un instrument de notare a propriei viziuni mai adecvat dec\u00e2t cel fotografic. Fotografia prive\u0219te deopotriv\u0103 \u00eenspre interior \u0219i \u00eenspre exterior \u0219i devine o oglind\u0103 spontan\u0103 a momentului de Acum, p\u0103strat pentru totdeauna.<\/p>\n\n\n\n<p>Vom declina componentele exerci\u021biului fotografic prin prisma a ceea ce am denumit Elementele de Cod Vizual: punctul de sta\u021bie devine palpabil prin implicarea mecanismelor Observ\u0103rii, utilizarea creativ\u0103 a Luminii \u0219i a componentelor de Gramatic\u0103 Vizual\u0103 (activate prin implicarea inteligen\u021bei vizuale), implicarea emo\u021bional\u0103, \u00een c\u0103utarea Momentului \u0219i a consum\u0103rii sale cu gra\u021bie, prin declan\u0219area decisiv\u0103, spontan\u0103, irepetabil\u0103.<\/p>\n\n\n\n<p>Planuri ale unei realit\u0103\u021bi invizibile p\u00e2n\u0103 atunci, dar aflate \u00eentr-o stare de laten\u021b\u0103 cuantic\u0103, sunt trezite prin observarea Semnelor \u0219i a reiter\u0103rii simbolice a acestora, deloc \u00eent\u00e2mpl\u0103toare. Apare efectul \u201ewow, dar trec pe acolo \u00een fiecare zi, nu v\u0103zusem p\u00e2n\u0103 acum\u201d\u2026, care \u00eencepe, clic cu clic, s\u0103 deseneze un adev\u0103rat puzzle al unei realit\u0103\u021bi posibile, \u00eenc\u0103 ne\u0219tiute, care acum are sens, care treze\u0219te emo\u021bii, care dovede\u0219te c\u0103 este \u0219i suntem vii pe interior, care treze\u0219te pofta de joac\u0103 \u0219i uimirea copilului interior. \u00cencepem s\u0103 ne aducem aminte ceea ce s-a pierdut pe drum, prin procesul iremediabil al maturiz\u0103rii, captivi ai vie\u021bii cotidiene.<\/p>\n\n\n\n<p>Ora\u0219ul, lumea dimprejur, devin un adev\u0103rat loc de explorare, de reg\u0103sire, de aflare a unei identit\u0103\u021bi. Spa\u021biul devine Loc, prin investire emo\u021bional\u0103 \u0219i apropiere; ora\u0219ul devine experien\u021b\u0103 tr\u0103it\u0103 prin implicarea activ\u0103 a Intui\u021biei, prin Con\u0219tientizare, Prezen\u021b\u0103, cu Viziune \u0219i Reac\u021bie. Prin Repeti\u021bie, sim\u021burile \u00eencep s\u0103 se antreneze, ceva din\u0103untru se treze\u0219te \u0219i vrea din nou, cu acea Curiozitate \u0219i Mirare benefice, care trezesc acel \u201esclipici\u201d din priviri.<\/p>\n\n\n\n<p>Lumea \u0219tiut\u0103 r\u0103m\u00e2ne \u00een urm\u0103. O lume nou\u0103, trezit\u0103 din Invizibil, \u00eencepe s\u0103 se arate \u0219i s\u0103 arate diferit.<\/p>\n\n\n\n<div class=\"wp-block-group has-nv-light-bg-background-color has-background\" style=\"padding-top:var(--wp--preset--spacing--40);padding-right:var(--wp--preset--spacing--50);padding-bottom:var(--wp--preset--spacing--40);padding-left:var(--wp--preset--spacing--50)\"><div class=\"wp-block-group__inner-container is-layout-constrained wp-container-core-group-is-layout-282d97d7 wp-block-group-is-layout-constrained\">\n<h4 class=\"wp-block-heading\">Vlad Eftinie:<\/h4>\n\n\n\n<p>Am onoarea s\u0103 fiu invitatul lui Catalin D. Constantin \u00een cadrul &#8222;\u00cent\u00e2lnirilor de joi&#8221; de la Muzeul Municipiului Bucure\u0219ti, ora 18.30.<\/p>\n\n\n\n<p>Am propus tema &#8222;Fotografie \u0219i Invizibil&#8221;, un subiect care m\u0103 fascineaz\u0103 \u00een ultima perioad\u0103, mai ales prin prisma c\u0103ut\u0103rilor zilnice \u0219i reflect\u0103rii acestora la nivelul transform\u0103rii comportamentului \u0219i vie\u021bii cotidiene.<\/p>\n\n\n\n<p>Lumea dimprejur?&#8230; un aparent haos, o infinitate de planuri toxice care se bruiaz\u0103 reciproc \u0219i care ne solicit\u0103 zi de zi, care ne golesc de energie, de care mai degrab\u0103 ne ferim, retr\u0103g\u00e2ndu-ne privirile \u00een ecranele telefoanelor sau st\u00e2nd la nesf\u00e2r\u0219it \u00een traficul blocat, a\u0219tept\u00e2nd s\u0103 se \u00eent\u00e2mple ceva, imagin\u00e2ndu-ne o lume \u0219i o via\u021b\u0103 mai bun\u0103. \u0218i totu\u0219i, mai este ceva. Ceva care ne poate salva de lumea dimprejur \u0219i chiar de noi \u00een\u0219ine, cu pu\u021bin\u0103 voin\u021b\u0103 \u0219i curaj.<\/p>\n\n\n\n<p>O scurt\u0103 trecere \u00een revista a teoriilor contemporane care abordeaz\u0103 problematica \u201crealit\u0103\u021bii\u201d \u0219i percep\u021biei a ceea ce \u201cpare a fi real\u201d afl\u0103 o convergen\u021b\u0103 c\u0103tre un plan eminamente subiectiv: percepem ceea ce ne antren\u0103m zi de zi s\u0103 vedem. Puterea obiceiului \u0219i a afirm\u0103rii propriilor filtre selective, ca gesturi con\u0219tiente \u0219i privite ca un \u201cmu\u0219chi\u201d care se poate antrena prin exerci\u021biu zilnic, vin acum s\u0103 rea\u015feze puterea adev\u0103rului personal \u00een ceea ce prive\u0219te o perspectiv\u0103 asupra lumii exterioare. Nu credem c\u0103 poate exista un instrument de notare a propriei viziuni mai adecvat ca cel Fotografic. Fotografia prive\u0219te deopotriv\u0103 \u00eenspre interior \u0219i \u00eenspre exterior \u0219i devine o oglind\u0103 spontan\u0103 a momentului de Acum, p\u0103strat pentru totdeauna.<\/p>\n\n\n\n<p>Vom declina componentele exerci\u021biului fotografic prin prisma a ceea ce am denumit prin Elementele de Cod Vizual: Punctul de sta\u021bie devine palpabil prin implicarea mecanismelor Observ\u0103rii, utilizarea creativ\u0103 a Luminii \u0219i a componentelor de Gramatica Vizual\u0103 (activate prin implicarea inteligen\u021bei vizuale), implicarea Emo\u021bional\u0103, \u00een c\u0103utarea Momentului \u0219i a consum\u0103rii sale cu Gra\u021bie, prin declan\u0219area decisiv\u0103, spontan\u0103, irepetabil\u0103.<\/p>\n\n\n\n<p>Planuri ale unei realit\u0103\u021bi invizibile p\u00e2n\u0103 atunci, dar aflat\u0103 \u00eentr-o stare de latent\u0103 cuantic\u0103, sunt trezite prin observarea Semnelor \u015fi a reiter\u0103rii simbolice a acestora, deloc \u00eent\u00e2mpl\u0103toare. Apare efectul \u201cwow, dar trec pe acolo \u00een fiecare zi, nu v\u0103zusem p\u00e2n\u0103 acum\u201d&#8230; care \u00eencepe, clic cu clic, s\u0103 deseneze un adevart puzzle al unei realit\u0103\u021bi posibile, \u00eenc\u0103 ne\u0219tiute, care acum are sens, care treze\u0219te emo\u021bii, care dovede\u0219te c\u0103 este \u0219i suntem vii pe interior, care treze\u0219te poft\u0103 de joac\u0103 \u0219i uimire a copilului interior. \u00cencepem s\u0103 ne aducem aminte ceea ce s-a pierdut pe drum, prin procesul iremediabil al maturiz\u0103rii, captivi ai vie\u021bii cotidiene.<\/p>\n\n\n\n<p>Ora\u0219ul, lumea dimprejur devin un adev\u0103rat loc de explorare, de reg\u0103sire, de aflare a unei identit\u0103\u021bi. Spa\u021biul devine Loc, prin \u00eenvestire emo\u021bional\u0103 \u0219i apropriere, ora\u0219ul devine experien\u021b\u0103 tr\u0103it\u0103 prin implicarea activ\u0103 a Intui\u021biei, prin Con\u0219tientizare, Prezen\u021b\u0103, cu Viziune \u015fi Reac\u021bie. Prin Repeti\u021bie, sim\u021burile \u00eencep s\u0103 se antreneze, ceva din\u0103untru se treze\u0219te \u0219i vrea din nou, cu acea Curiozitate \u0219i Mirare benefice, ce trezesc acel \u201csclipici\u201d din priviri.<\/p>\n\n\n\n<p>Lumea \u0219tiut\u0103 r\u0103m\u00e2ne \u00een urm\u0103.<\/p>\n\n\n\n<p>O lume nou\u0103, trezit\u0103 din Invizibil, \u00eencepe s\u0103 se arate \u0219i s\u0103 arate diferit.<\/p>\n<\/div><\/div>\n\n\n\n<div style=\"height:25px\" aria-hidden=\"true\" class=\"wp-block-spacer\"><\/div>\n\n\n<figure class=\"wp-block-post-featured-image\"><img loading=\"lazy\" decoding=\"async\" width=\"800\" height=\"1130\" src=\"https:\/\/revistacultura.ro\/agenda\/wp-content\/uploads\/2026\/03\/fotografie-sutu.webp\" class=\"attachment-post-thumbnail size-post-thumbnail wp-post-image\" alt=\"\" style=\"object-fit:cover;\" srcset=\"https:\/\/revistacultura.ro\/agenda\/wp-content\/uploads\/2026\/03\/fotografie-sutu.webp 800w, https:\/\/revistacultura.ro\/agenda\/wp-content\/uploads\/2026\/03\/fotografie-sutu-212x300.webp 212w, https:\/\/revistacultura.ro\/agenda\/wp-content\/uploads\/2026\/03\/fotografie-sutu-725x1024.webp 725w, https:\/\/revistacultura.ro\/agenda\/wp-content\/uploads\/2026\/03\/fotografie-sutu-768x1085.webp 768w, https:\/\/revistacultura.ro\/agenda\/wp-content\/uploads\/2026\/03\/fotografie-sutu-142x200.webp 142w\" sizes=\"auto, (max-width: 800px) 100vw, 800px\" data-attachment-id=\"21800\" data-permalink=\"https:\/\/revistacultura.ro\/agenda\/2026\/03\/fotografie-si-invizibil-o-incursiune-teoretica-si-vizuala-la-palatul-sutu\/fotografie-sutu\/\" data-orig-file=\"https:\/\/revistacultura.ro\/agenda\/wp-content\/uploads\/2026\/03\/fotografie-sutu.webp\" data-orig-size=\"800,1130\" data-comments-opened=\"1\" data-image-meta=\"{&quot;aperture&quot;:&quot;0&quot;,&quot;credit&quot;:&quot;&quot;,&quot;camera&quot;:&quot;&quot;,&quot;caption&quot;:&quot;&quot;,&quot;created_timestamp&quot;:&quot;0&quot;,&quot;copyright&quot;:&quot;&quot;,&quot;focal_length&quot;:&quot;0&quot;,&quot;iso&quot;:&quot;0&quot;,&quot;shutter_speed&quot;:&quot;0&quot;,&quot;title&quot;:&quot;&quot;,&quot;orientation&quot;:&quot;0&quot;}\" data-image-title=\"fotografie-sutu\" data-image-description=\"\" data-image-caption=\"\" data-large-file=\"https:\/\/revistacultura.ro\/agenda\/wp-content\/uploads\/2026\/03\/fotografie-sutu-725x1024.webp\" \/><\/figure>","protected":false},"excerpt":{"rendered":"<p>Joi, 26 martie, ora 18.30 &#8222;Fotografie \u0219i Invizibil: o incursiune teoretic\u0103 \u0219i vizual\u0103&#8221;, cu Vlad Eftenie. Coordonatorul Conferin\u021belor de Joi: C\u0103t\u0103lin D. Constantin Lumea dimprejur?&#8230; un aparent haos, o infinitate de planuri toxice care se bruiaz\u0103 reciproc \u0219i care ne solicit\u0103 zi de zi, care ne golesc de energie, de care mai degrab\u0103 ne ferim,&hellip;&nbsp;<a href=\"https:\/\/revistacultura.ro\/agenda\/2026\/03\/fotografie-si-invizibil-o-incursiune-teoretica-si-vizuala-la-palatul-sutu\/\" rel=\"bookmark\">Cite\u0219te mai mult &raquo;<span class=\"screen-reader-text\">Fotografie \u0219i Invizibil: o incursiune teoretic\u0103 \u0219i vizual\u0103 &#8211; la Palatul Su\u021bu<\/span><\/a><\/p>\n","protected":false},"author":1,"featured_media":21800,"comment_status":"open","ping_status":"open","sticky":false,"template":"","format":"standard","meta":{"neve_meta_sidebar":"","neve_meta_container":"","neve_meta_enable_content_width":"","neve_meta_content_width":0,"neve_meta_title_alignment":"","neve_meta_author_avatar":"","neve_post_elements_order":"","neve_meta_disable_header":"","neve_meta_disable_footer":"","neve_meta_disable_title":"","jetpack_post_was_ever_published":false,"_jetpack_newsletter_access":"","_jetpack_dont_email_post_to_subs":false,"_jetpack_newsletter_tier_id":0,"_jetpack_memberships_contains_paywalled_content":false,"_jetpack_memberships_contains_paid_content":false,"footnotes":"","jetpack_publicize_message":"","jetpack_publicize_feature_enabled":true,"jetpack_social_post_already_shared":true,"jetpack_social_options":{"image_generator_settings":{"template":"highway","default_image_id":0,"font":"","enabled":false},"version":2}},"categories":[152],"tags":[],"class_list":["post-21799","post","type-post","status-publish","format-standard","has-post-thumbnail","hentry","category-agenda-cultura"],"jetpack_publicize_connections":[],"jetpack_featured_media_url":"https:\/\/revistacultura.ro\/agenda\/wp-content\/uploads\/2026\/03\/fotografie-sutu.webp","jetpack_sharing_enabled":true,"jetpack-related-posts":[{"id":19521,"url":"https:\/\/revistacultura.ro\/agenda\/2014\/11\/cum-ne-influenteaza-lumea\/","url_meta":{"origin":21799,"position":0},"title":"Cum ne influen\u0163eaz\u0103 lumea?","author":"Revista","date":"13 noiembrie 2014","format":false,"excerpt":"\u00a0 \u00a0 Funda\u0163ia \u201eGabriela Tudor\u201d prezint\u0103 \u00een zilele de 1, 8 \u015fi 9 noiembrie la Bucure\u015fti, \u00een cadrul Festivalului E-Motional, avanpremiera spectacolului <Fragil> creat de coregraful Cosmin Manolescu, cu participarea dansatorilor Giselda Ranieri (Italia), Tanja Andreeva (Norvegia) \u015fi Cristian Nanculescu (Rom\u00e2nia). <Fragil> este o pies\u0103 eterogen\u0103 ce propune spectatorului o\u2026","rel":"","context":"\u00cen \u201eAgenda culturala\u201d","block_context":{"text":"Agenda culturala","link":"https:\/\/revistacultura.ro\/agenda\/category\/agenda-cultura\/"},"img":{"alt_text":"","src":"https:\/\/i0.wp.com\/revistacultura.ro\/agenda\/wp-content\/uploads\/2014\/11\/Untitled-11.jpg?resize=350%2C200&ssl=1","width":350,"height":200},"classes":[]},{"id":21758,"url":"https:\/\/revistacultura.ro\/agenda\/2026\/03\/expozitie-eveniment-la-mnac-plecat-fotografii-din-emigratia-romaneasca\/","url_meta":{"origin":21799,"position":1},"title":"Expozi\u021bie-eveniment la MNAC. \u201ePlecat\u201d &#8211; fotografii din emigra\u021bia rom\u00e2neasc\u0103","author":"Cultura","date":"15 martie 2026","format":false,"excerpt":"Muzeul Na\u021bional de Art\u0103 Contemporan\u0103 (MNAC) din Bucure\u0219ti a programat expozi\u021bia de fotografie documentar\u0103 \u00abPlecat\u00bb, semnat\u0103 de fotograful Cosmin Bumbu\u021b \u0219i jurnalista Elena Stancu. Evenimentul va avea loc \u00eentre 19 martie \u0219i 19 aprilie 2026, cu un vernisaj programat pentru 19 martie, ora 18:30. Expozi\u021bia exploreaz\u0103 tema migra\u021biei rom\u00e2ne\u0219ti \u00een\u2026","rel":"","context":"\u00cen \u201eAgenda culturala\u201d","block_context":{"text":"Agenda culturala","link":"https:\/\/revistacultura.ro\/agenda\/category\/agenda-cultura\/"},"img":{"alt_text":"","src":"https:\/\/i0.wp.com\/revistacultura.ro\/agenda\/wp-content\/uploads\/2026\/03\/002_Foto_Cosmin-Bumbut_Teleleu.webp?resize=350%2C200&ssl=1","width":350,"height":200,"srcset":"https:\/\/i0.wp.com\/revistacultura.ro\/agenda\/wp-content\/uploads\/2026\/03\/002_Foto_Cosmin-Bumbut_Teleleu.webp?resize=350%2C200&ssl=1 1x, https:\/\/i0.wp.com\/revistacultura.ro\/agenda\/wp-content\/uploads\/2026\/03\/002_Foto_Cosmin-Bumbut_Teleleu.webp?resize=525%2C300&ssl=1 1.5x, https:\/\/i0.wp.com\/revistacultura.ro\/agenda\/wp-content\/uploads\/2026\/03\/002_Foto_Cosmin-Bumbut_Teleleu.webp?resize=700%2C400&ssl=1 2x"},"classes":[]},{"id":20358,"url":"https:\/\/revistacultura.ro\/agenda\/2020\/02\/irina-marinescu-si-experienta-gaga\/","url_meta":{"origin":21799,"position":2},"title":"Irina Marinescu \u0219i experien\u021ba GAGA","author":"redactia","date":"15 februarie 2020","format":false,"excerpt":"Irina Marinescu \u0219i-a petrecut s\u0103rb\u0103torile de iarn\u0103 la Tel Aviv, prin dans ; s\u0103rb\u0103torile \u00eensemn\u00e2nd Cr\u0103ciunul, Revelionul, \u0219i \u00eentre cele dou\u0103, ziua ei, Irina fiind n\u0103scut\u0103 pe 26 decembrie. Pe toate le-a celebrat \u00een jurul atelierului la care a participat, unde a explorat mi\u0219carea \u00een vocabularul Gaga, program dezvoltat de\u2026","rel":"","context":"\u00cen \u201eSemnal\u201d","block_context":{"text":"Semnal","link":"https:\/\/revistacultura.ro\/agenda\/category\/semnal\/"},"img":{"alt_text":"","src":"https:\/\/i0.wp.com\/revistacultura.ro\/agenda\/wp-content\/uploads\/2020\/02\/nu-o-lua-personal-1.jpg?resize=350%2C200&ssl=1","width":350,"height":200,"srcset":"https:\/\/i0.wp.com\/revistacultura.ro\/agenda\/wp-content\/uploads\/2020\/02\/nu-o-lua-personal-1.jpg?resize=350%2C200&ssl=1 1x, https:\/\/i0.wp.com\/revistacultura.ro\/agenda\/wp-content\/uploads\/2020\/02\/nu-o-lua-personal-1.jpg?resize=525%2C300&ssl=1 1.5x, https:\/\/i0.wp.com\/revistacultura.ro\/agenda\/wp-content\/uploads\/2020\/02\/nu-o-lua-personal-1.jpg?resize=700%2C400&ssl=1 2x, https:\/\/i0.wp.com\/revistacultura.ro\/agenda\/wp-content\/uploads\/2020\/02\/nu-o-lua-personal-1.jpg?resize=1050%2C600&ssl=1 3x, https:\/\/i0.wp.com\/revistacultura.ro\/agenda\/wp-content\/uploads\/2020\/02\/nu-o-lua-personal-1.jpg?resize=1400%2C800&ssl=1 4x"},"classes":[]},{"id":21802,"url":"https:\/\/revistacultura.ro\/agenda\/2026\/03\/comunicatul-tntm-de-ziua-mondiala-a-teatrului\/","url_meta":{"origin":21799,"position":3},"title":"Comunicatul TNTm de Ziua Mondial\u0103 a Teatrului","author":"Cultura","date":"27 martie 2026","format":false,"excerpt":"Teatrul Na\u021bional din Timi\u0219oara se al\u0103tur\u0103 teatrelor din toat\u0103 lumea, celebr\u00e2nd, ca \u00een fiecare an, Ziua Mondial\u0103 a Teatrului. \u00cenc\u0103 din 1961, teatre, institu\u021bii teatrale, facult\u0103\u021bi de teatru, toate organiza\u021biile dedicate artei dramatice s\u0103rb\u0103toresc \u00een\u00a0 27 martie Ziua Mondial\u0103 a Teatrului. \u00cen acest context, vineri, 27 martie 2026, de la\u2026","rel":"","context":"\u00cen \u201ecomunicate\u201d","block_context":{"text":"comunicate","link":"https:\/\/revistacultura.ro\/agenda\/category\/comunicate\/"},"img":{"alt_text":"","src":"https:\/\/i0.wp.com\/revistacultura.ro\/agenda\/wp-content\/uploads\/2026\/03\/willem-dafoe.webp?resize=350%2C200&ssl=1","width":350,"height":200,"srcset":"https:\/\/i0.wp.com\/revistacultura.ro\/agenda\/wp-content\/uploads\/2026\/03\/willem-dafoe.webp?resize=350%2C200&ssl=1 1x, https:\/\/i0.wp.com\/revistacultura.ro\/agenda\/wp-content\/uploads\/2026\/03\/willem-dafoe.webp?resize=525%2C300&ssl=1 1.5x, https:\/\/i0.wp.com\/revistacultura.ro\/agenda\/wp-content\/uploads\/2026\/03\/willem-dafoe.webp?resize=700%2C400&ssl=1 2x"},"classes":[]},{"id":21752,"url":"https:\/\/revistacultura.ro\/agenda\/2026\/03\/manakia-bogdania-expozitia-de-fotografie-antropologica-si-documentara-dincolo-de-ieri\/","url_meta":{"origin":21799,"position":4},"title":"Manakia @ Bogdania. Expozi\u021bia de fotografie antropologic\u0103 \u0219i documentar\u0103 \u201eDincolo de ieri\u201d","author":"Cultura","date":"14 martie 2026","format":false,"excerpt":"Spa\u021biul Bragageriei Bogdania, cu o intens\u0103 prezen\u021b\u0103 cultural\u0103 \u00eenc\u0103 de la deschidere, este zilele acestea gazda unei pove\u0219ti fascinante despre memorie \u0219i transformare. Expozi\u021bia de fotografie \u201eDincolo de ieri \/ Beyond Yesterday\u201d propune publicului o incursiune \u00een universul fra\u021bilor Manakia, primii videografi \u0219i fotografi ai Balcanilor, printr-un proiect de antropologie\u2026","rel":"","context":"\u00cen \u201eAgenda culturala\u201d","block_context":{"text":"Agenda culturala","link":"https:\/\/revistacultura.ro\/agenda\/category\/agenda-cultura\/"},"img":{"alt_text":"","src":"https:\/\/i0.wp.com\/revistacultura.ro\/agenda\/wp-content\/uploads\/2026\/03\/20260313_185709.webp?resize=350%2C200&ssl=1","width":350,"height":200,"srcset":"https:\/\/i0.wp.com\/revistacultura.ro\/agenda\/wp-content\/uploads\/2026\/03\/20260313_185709.webp?resize=350%2C200&ssl=1 1x, https:\/\/i0.wp.com\/revistacultura.ro\/agenda\/wp-content\/uploads\/2026\/03\/20260313_185709.webp?resize=525%2C300&ssl=1 1.5x, https:\/\/i0.wp.com\/revistacultura.ro\/agenda\/wp-content\/uploads\/2026\/03\/20260313_185709.webp?resize=700%2C400&ssl=1 2x"},"classes":[]},{"id":21864,"url":"https:\/\/revistacultura.ro\/agenda\/2026\/04\/criza-identitara-spectacole-lectura-la-teatrul-excelsior\/","url_meta":{"origin":21799,"position":5},"title":"Criza identitar\u0103: spectacole-lectur\u0103 la Teatrul Excelsior","author":"Cultura","date":"22 aprilie 2026","format":false,"excerpt":"Joi, 23 aprilie 2026, de la ora 17:00, Sala Studio a Teatrului EXCELSIOR din Bucure\u0219ti g\u0103zduie\u0219te cea de-a patra \u00eent\u00e2lnire din cadrul seriei de spectacole-lectur\u0103 \u201eTema de la ora cinci\u201d, dedicat\u0103 \u00een aceast\u0103 edi\u021bie temei \u201eCriza identitar\u0103\u201d. Dup\u0103 ce proiectul a explorat \u00een \u00eent\u00e2lnirile anterioare iubirea, rela\u021bia cu puterea \u0219i\u2026","rel":"","context":"\u00cen \u201eInvita\u021bii\u201d","block_context":{"text":"Invita\u021bii","link":"https:\/\/revistacultura.ro\/agenda\/category\/invitatii\/"},"img":{"alt_text":"","src":"https:\/\/i0.wp.com\/revistacultura.ro\/agenda\/wp-content\/uploads\/2026\/04\/CRIZA-IDENTITARA.-Teatrul-EXCELSIOR_.png?resize=350%2C200&ssl=1","width":350,"height":200,"srcset":"https:\/\/i0.wp.com\/revistacultura.ro\/agenda\/wp-content\/uploads\/2026\/04\/CRIZA-IDENTITARA.-Teatrul-EXCELSIOR_.png?resize=350%2C200&ssl=1 1x, https:\/\/i0.wp.com\/revistacultura.ro\/agenda\/wp-content\/uploads\/2026\/04\/CRIZA-IDENTITARA.-Teatrul-EXCELSIOR_.png?resize=525%2C300&ssl=1 1.5x, https:\/\/i0.wp.com\/revistacultura.ro\/agenda\/wp-content\/uploads\/2026\/04\/CRIZA-IDENTITARA.-Teatrul-EXCELSIOR_.png?resize=700%2C400&ssl=1 2x"},"classes":[]}],"_links":{"self":[{"href":"https:\/\/revistacultura.ro\/agenda\/wp-json\/wp\/v2\/posts\/21799","targetHints":{"allow":["GET"]}}],"collection":[{"href":"https:\/\/revistacultura.ro\/agenda\/wp-json\/wp\/v2\/posts"}],"about":[{"href":"https:\/\/revistacultura.ro\/agenda\/wp-json\/wp\/v2\/types\/post"}],"author":[{"embeddable":true,"href":"https:\/\/revistacultura.ro\/agenda\/wp-json\/wp\/v2\/users\/1"}],"replies":[{"embeddable":true,"href":"https:\/\/revistacultura.ro\/agenda\/wp-json\/wp\/v2\/comments?post=21799"}],"version-history":[{"count":1,"href":"https:\/\/revistacultura.ro\/agenda\/wp-json\/wp\/v2\/posts\/21799\/revisions"}],"predecessor-version":[{"id":21801,"href":"https:\/\/revistacultura.ro\/agenda\/wp-json\/wp\/v2\/posts\/21799\/revisions\/21801"}],"wp:featuredmedia":[{"embeddable":true,"href":"https:\/\/revistacultura.ro\/agenda\/wp-json\/wp\/v2\/media\/21800"}],"wp:attachment":[{"href":"https:\/\/revistacultura.ro\/agenda\/wp-json\/wp\/v2\/media?parent=21799"}],"wp:term":[{"taxonomy":"category","embeddable":true,"href":"https:\/\/revistacultura.ro\/agenda\/wp-json\/wp\/v2\/categories?post=21799"},{"taxonomy":"post_tag","embeddable":true,"href":"https:\/\/revistacultura.ro\/agenda\/wp-json\/wp\/v2\/tags?post=21799"}],"curies":[{"name":"wp","href":"https:\/\/api.w.org\/{rel}","templated":true}]}}