{"id":21771,"date":"2026-03-16T12:14:06","date_gmt":"2026-03-16T10:14:06","guid":{"rendered":"https:\/\/revistacultura.ro\/agenda\/?p=21771"},"modified":"2026-03-18T10:03:05","modified_gmt":"2026-03-18T08:03:05","slug":"catch-me-if-you-can-expozitie-de-arta-stradala","status":"publish","type":"post","link":"https:\/\/revistacultura.ro\/agenda\/2026\/03\/catch-me-if-you-can-expozitie-de-arta-stradala\/","title":{"rendered":"Catch Me If You Can \u2013 Expozi\u021bie de art\u0103 stradal\u0103"},"content":{"rendered":"\n<p>\u201eCatch Me If You Can\u201d este expozi\u021bia al c\u0103rei vernisaj are loc <strong>joi, 19 martie 2026, ora 18:00, la Galeria Calea Victoriei 91-93<\/strong>, \u00een care se \u00eent\u00e2lnesc practici artistice provenite din zone diferite ale culturii street art: art\u0103 vizual\u0103, tatuaj \u0219i muzic\u0103 hip-hop, reunite printr-un interes comun pentru discursul social \u0219i politic. Cel care coaguleaz\u0103 toate elementele acestui proiect este <strong>Orhan<\/strong>, artistul stradal care \u0219i-a f\u0103cut cunoscut\u0103 viziunea prin stencils-urile caracterizate de o estetic\u0103 direct\u0103, la subiect \u0219i de o abordare critic\u0103 a realit\u0103\u021bii sociale. \u00cei putem spune demersului \u201eOrhan &amp; friends\u201d, pentru c\u0103 are cinci arti\u0219ti invita\u021bi cu care intr\u0103 \u00een dialog artistic prin interven\u021bii pe care Orhan pe are cu fiecare \u00een parte pe o anumit\u0103 lucrare. Invita\u021bii lui sunt <strong>Macanache, Coma, Christian Roncea, Elisa \u0218tefan \u0219i Dimitrie Gora<\/strong>.<\/p>\n\n\n\n<p>Proiectul porne\u0219te de la modalitatea lui Orhan prin care folose\u0219te imaginea pe post de manifest. Artistul este prezent \u00een realitatea cotidian\u0103 \u0219i de aceea a abordat toate tematicile sociale, plec\u00e2nd de la crima prin femicid sau prin r\u0103zboi, supravegherea \u0219i controlul social, s\u0103n\u0103tatea mintal\u0103 \u0219i manipularea prin mass-media, consumul de droguri \u0219i situa\u021bia oamenii str\u0103zii uita\u021bi de societate sau acumularea de putere \u0219i capital \u00een institu\u021bii precum biserica. Fiecare lucrare func\u021bioneaz\u0103 ca un avertisment vizual asupra unei tensiuni din societatea actual\u0103, folosind limbajul direct \u0219i u\u0219or de recunoscut al street art-ului pentru ca acesta s\u0103 devin\u0103 accesibil tuturor.<\/p>\n\n\n\n<p>Orhan a invitat \u00een demersul s\u0103u vizual c\u00e2\u021biva arti\u0219ti proveni\u021bi din medii diferite \u0219i care contribuie cu c\u00e2te o tem\u0103 cu care intra \u00eentr-un dialog continuu. Vom vedea lucrarea realizat\u0103 \u00een colaborare cu artistul tatuator Coma, care aduce \u00een aten\u021bie faptul c\u0103 \u00een prezent imaginea de pe corp se transform\u0103 \u00eentr-un simbol permanent al identit\u0103\u021bii \u0219i al rezisten\u021bei personale. Apoi lucrarea la care a colaborat cu Christian Roncea, care abordeaz\u0103 tema rela\u021biei dintre afec\u021biunile mintale \u0219i medica\u021bie, prin care scoate \u00een eviden\u021b\u0103 dependen\u021ba de tratamente \u0219i modul \u00een care societatea gestioneaz\u0103 aceste realit\u0103\u021bi. Al\u0103turi de Dimitrie Gora a fost f\u0103cut\u0103 o scen\u0103 care aduce \u00een aten\u021bie situa\u021bia persoanelor cu dizabilit\u0103\u021bi, adesea invizibile \u0219i neglijate de sistemul social \u0219i institu\u021bional. Cu Elisa \u0218tefan este o colaborare pe tema r\u0103zboiului \u0219i a impactului s\u0103u asupra individului \u0219i societ\u0103\u021bii, propun\u00e2nd o reflec\u021bie asupra violen\u021bei \u0219i consecin\u021belor conflictelor contemporane.<\/p>\n\n\n\n<p>\u201eCatch Me If You Can\u201d propune astfel o reflec\u021bie asupra modului \u00een care arta poate func\u021biona ca instrument de manifest, aduc\u00e2nd \u00eempreun\u0103 arti\u0219ti din contexte diferite pentru a construi o platform\u0103 comun\u0103 de dialog \u0219i critic\u0103 social\u0103.<\/p>\n\n\n\n<p><strong>Vernisaj<\/strong>: joi, 19 martie 2026, ora 18:00, la Galeria Calea Victoriei 91-93. Expozi\u021bia poate fi vizitat\u0103 \u00een intervalul 19-28 martie 2026, zilnic \u00eentre 12:00 \u2013 22:00.<\/p>\n\n\n<figure class=\"wp-block-post-featured-image\"><img loading=\"lazy\" decoding=\"async\" width=\"800\" height=\"1422\" src=\"https:\/\/revistacultura.ro\/agenda\/wp-content\/uploads\/2026\/03\/Afis_Catchmeifucan.webp\" class=\"attachment-post-thumbnail size-post-thumbnail wp-post-image\" alt=\"\" style=\"object-fit:cover;\" srcset=\"https:\/\/revistacultura.ro\/agenda\/wp-content\/uploads\/2026\/03\/Afis_Catchmeifucan.webp 800w, https:\/\/revistacultura.ro\/agenda\/wp-content\/uploads\/2026\/03\/Afis_Catchmeifucan-169x300.webp 169w, https:\/\/revistacultura.ro\/agenda\/wp-content\/uploads\/2026\/03\/Afis_Catchmeifucan-576x1024.webp 576w, https:\/\/revistacultura.ro\/agenda\/wp-content\/uploads\/2026\/03\/Afis_Catchmeifucan-768x1365.webp 768w, https:\/\/revistacultura.ro\/agenda\/wp-content\/uploads\/2026\/03\/Afis_Catchmeifucan-113x200.webp 113w\" sizes=\"auto, (max-width: 800px) 100vw, 800px\" data-attachment-id=\"21772\" data-permalink=\"https:\/\/revistacultura.ro\/agenda\/2026\/03\/catch-me-if-you-can-expozitie-de-arta-stradala\/afis_catchmeifucan\/\" data-orig-file=\"https:\/\/revistacultura.ro\/agenda\/wp-content\/uploads\/2026\/03\/Afis_Catchmeifucan.webp\" data-orig-size=\"800,1422\" data-comments-opened=\"1\" data-image-meta=\"{&quot;aperture&quot;:&quot;0&quot;,&quot;credit&quot;:&quot;&quot;,&quot;camera&quot;:&quot;&quot;,&quot;caption&quot;:&quot;&quot;,&quot;created_timestamp&quot;:&quot;0&quot;,&quot;copyright&quot;:&quot;&quot;,&quot;focal_length&quot;:&quot;0&quot;,&quot;iso&quot;:&quot;0&quot;,&quot;shutter_speed&quot;:&quot;0&quot;,&quot;title&quot;:&quot;&quot;,&quot;orientation&quot;:&quot;0&quot;}\" data-image-title=\"Afis_Catchmeifucan\" data-image-description=\"\" data-image-caption=\"\" data-large-file=\"https:\/\/revistacultura.ro\/agenda\/wp-content\/uploads\/2026\/03\/Afis_Catchmeifucan-576x1024.webp\" \/><\/figure>\n\n\n<p>cite\u0219te \u0219i:<\/p>\n\n\n\n<figure class=\"wp-block-embed is-type-wp-embed is-provider-revista-cultura wp-block-embed-revista-cultura\"><div class=\"wp-block-embed__wrapper\">\n<blockquote class=\"wp-embedded-content\" data-secret=\"fjSpAls3KV\"><a href=\"https:\/\/revistacultura.ro\/o-imagine-manifest-nu-doar-arata-ci-condamna-pune-intrebari-si-implica-privitorul-in-povestea-pe-care-incerc-sa-o-spun\/\">\u201eO imagine-manifest nu doar arat\u0103, ci condamn\u0103, pune \u00eentreb\u0103ri \u0219i implic\u0103 privitorul \u00een povestea pe care \u00eencerc s\u0103 o spun\u201d<\/a><\/blockquote><iframe loading=\"lazy\" class=\"wp-embedded-content\" sandbox=\"allow-scripts\" security=\"restricted\" style=\"position: absolute; visibility: hidden;\" title=\"&#8222;\u201eO imagine-manifest nu doar arat\u0103, ci condamn\u0103, pune \u00eentreb\u0103ri \u0219i implic\u0103 privitorul \u00een povestea pe care \u00eencerc s\u0103 o spun\u201d&#8221; &#8211; Revista Cultura\" src=\"https:\/\/revistacultura.ro\/o-imagine-manifest-nu-doar-arata-ci-condamna-pune-intrebari-si-implica-privitorul-in-povestea-pe-care-incerc-sa-o-spun\/embed\/#?secret=CGS058bQL7#?secret=fjSpAls3KV\" data-secret=\"fjSpAls3KV\" width=\"600\" height=\"338\" frameborder=\"0\" marginwidth=\"0\" marginheight=\"0\" scrolling=\"no\"><\/iframe>\n<\/div><\/figure>\n","protected":false},"excerpt":{"rendered":"<p>\u201eCatch Me If You Can\u201d este expozi\u021bia al c\u0103rei vernisaj are loc joi, 19 martie 2026, ora 18:00, la Galeria Calea Victoriei 91-93, \u00een care se \u00eent\u00e2lnesc practici artistice provenite din zone diferite ale culturii street art: art\u0103 vizual\u0103, tatuaj \u0219i muzic\u0103 hip-hop, reunite printr-un interes comun pentru discursul social \u0219i politic. Cel care coaguleaz\u0103&hellip;&nbsp;<a href=\"https:\/\/revistacultura.ro\/agenda\/2026\/03\/catch-me-if-you-can-expozitie-de-arta-stradala\/\" rel=\"bookmark\">Cite\u0219te mai mult &raquo;<span class=\"screen-reader-text\">Catch Me If You Can \u2013 Expozi\u021bie de art\u0103 stradal\u0103<\/span><\/a><\/p>\n","protected":false},"author":1,"featured_media":21772,"comment_status":"open","ping_status":"open","sticky":false,"template":"","format":"standard","meta":{"neve_meta_sidebar":"","neve_meta_container":"","neve_meta_enable_content_width":"","neve_meta_content_width":0,"neve_meta_title_alignment":"","neve_meta_author_avatar":"","neve_post_elements_order":"","neve_meta_disable_header":"","neve_meta_disable_footer":"","neve_meta_disable_title":"","jetpack_post_was_ever_published":false,"_jetpack_newsletter_access":"","_jetpack_dont_email_post_to_subs":false,"_jetpack_newsletter_tier_id":0,"_jetpack_memberships_contains_paywalled_content":false,"_jetpack_memberships_contains_paid_content":false,"footnotes":"","jetpack_publicize_message":"","jetpack_publicize_feature_enabled":true,"jetpack_social_post_already_shared":true,"jetpack_social_options":{"image_generator_settings":{"template":"highway","default_image_id":0,"font":"","enabled":false},"version":2}},"categories":[22],"tags":[1038,1040,1039],"class_list":["post-21771","post","type-post","status-publish","format-standard","has-post-thumbnail","hentry","category-recomandarile-cultura","tag-arta-stradala","tag-graffiti","tag-street-art"],"jetpack_publicize_connections":[],"jetpack_featured_media_url":"https:\/\/revistacultura.ro\/agenda\/wp-content\/uploads\/2026\/03\/Afis_Catchmeifucan.webp","jetpack_sharing_enabled":true,"jetpack-related-posts":[{"id":20721,"url":"https:\/\/revistacultura.ro\/agenda\/2020\/10\/campania-romania-are-nevoie-de-arta\/","url_meta":{"origin":21771,"position":0},"title":"Campania \u201eRom\u00e2nia are nevoie de art\u0103\u201d","author":"Cultura","date":"23 octombrie 2020","format":false,"excerpt":"Pe 25 octombrie, \u00een ziua tradi\u021bionalului Concert Regal caritabil, personalit\u0103\u021bi de elit\u0103 din lumea artei \u0219i a muzicii clasice particip\u0103 \u00een campania Rom\u00e2nia are nevoie de art\u0103 dedicat\u0103 str\u00e2ngerii de fonduri pentru burse oferite tinerilor arti\u0219ti rom\u00e2ni. Pe 25 octombrie 2020, personalit\u0103\u021bi de renume din lumea din artei \u0219i a\u2026","rel":"","context":"\u00cen \u201ecomunicate\u201d","block_context":{"text":"comunicate","link":"https:\/\/revistacultura.ro\/agenda\/category\/comunicate\/"},"img":{"alt_text":"","src":"https:\/\/i0.wp.com\/revistacultura.ro\/agenda\/wp-content\/uploads\/2020\/10\/Ad-patrat-fundatia-regaal.jpg?resize=350%2C200&ssl=1","width":350,"height":200},"classes":[]},{"id":21073,"url":"https:\/\/revistacultura.ro\/agenda\/2023\/11\/selectia-nationala-pentru-bursele-tinere-talente-2024\/","url_meta":{"origin":21771,"position":1},"title":"Selec\u021bia na\u021bional\u0103 pentru Bursele Tinere Talente 2024","author":"Cultura","date":"13 noiembrie 2023","format":false,"excerpt":"Funda\u021bia Regal\u0103 Margareta a Rom\u00e2niei lanseaz\u0103 selec\u021bia la nivel na\u021bional a bursierilor care vor face parte din proiectul Tinere Talente, edi\u021bia 2024. Elevii sau studen\u021bii care studiaz\u0103 Muzica clasic\u0103 sau Artele Vizuale la institu\u021bii de \u00eenv\u0103\u021b\u0103m\u00e2nt voca\u021bional din Rom\u00e2nia, cu v\u00e2rste \u00eentre 14 \u0219i 24 de ani, care provin din\u2026","rel":"","context":"\u00cen \u201eProiecte sus\u021binute de revista CULTURA\u201d","block_context":{"text":"Proiecte sus\u021binute de revista CULTURA","link":"https:\/\/revistacultura.ro\/agenda\/category\/parteneriate\/"},"img":{"alt_text":"","src":"https:\/\/i0.wp.com\/revistacultura.ro\/agenda\/wp-content\/uploads\/2023\/11\/Vizual-Selectie-bursieri-TinereTalente2024.webp?resize=350%2C200&ssl=1","width":350,"height":200,"srcset":"https:\/\/i0.wp.com\/revistacultura.ro\/agenda\/wp-content\/uploads\/2023\/11\/Vizual-Selectie-bursieri-TinereTalente2024.webp?resize=350%2C200&ssl=1 1x, https:\/\/i0.wp.com\/revistacultura.ro\/agenda\/wp-content\/uploads\/2023\/11\/Vizual-Selectie-bursieri-TinereTalente2024.webp?resize=525%2C300&ssl=1 1.5x, https:\/\/i0.wp.com\/revistacultura.ro\/agenda\/wp-content\/uploads\/2023\/11\/Vizual-Selectie-bursieri-TinereTalente2024.webp?resize=700%2C400&ssl=1 2x"},"classes":[]},{"id":20375,"url":"https:\/\/revistacultura.ro\/agenda\/2020\/02\/solve-et-coagula-one-night-gallery-muzeul-de-arta-recenta\/","url_meta":{"origin":21771,"position":2},"title":"Lili GAN, artista non-uman\u0103","author":"redactia","date":"16 februarie 2020","format":false,"excerpt":"Pe ecranul din Sala Auditorium a Muzeului de Art\u0103 Recent\u0103 au fost proiectate lucr\u0103rile executate de Lili GAN, \u201eo artist\u0103 non uman\u0103\u201d, a\u0219a cum este prezentat\u0103. Grid-ul fix \u00eenr\u0103meaz\u0103 21 de sub-anima\u021bii fluide, f\u0103r\u0103 de \u00eenceput \u0219i f\u0103r\u0103 de sf\u00e2r\u0219it, unde culorile \u0219i formele curg, se dizolv\u0103, se adun\u0103, se\u2026","rel":"","context":"\u00cen \u201eAgenda culturala\u201d","block_context":{"text":"Agenda culturala","link":"https:\/\/revistacultura.ro\/agenda\/category\/agenda-cultura\/"},"img":{"alt_text":"","src":"https:\/\/i0.wp.com\/revistacultura.ro\/agenda\/wp-content\/uploads\/2020\/02\/gan012830.png?resize=350%2C200&ssl=1","width":350,"height":200,"srcset":"https:\/\/i0.wp.com\/revistacultura.ro\/agenda\/wp-content\/uploads\/2020\/02\/gan012830.png?resize=350%2C200&ssl=1 1x, https:\/\/i0.wp.com\/revistacultura.ro\/agenda\/wp-content\/uploads\/2020\/02\/gan012830.png?resize=525%2C300&ssl=1 1.5x, https:\/\/i0.wp.com\/revistacultura.ro\/agenda\/wp-content\/uploads\/2020\/02\/gan012830.png?resize=700%2C400&ssl=1 2x, https:\/\/i0.wp.com\/revistacultura.ro\/agenda\/wp-content\/uploads\/2020\/02\/gan012830.png?resize=1050%2C600&ssl=1 3x, https:\/\/i0.wp.com\/revistacultura.ro\/agenda\/wp-content\/uploads\/2020\/02\/gan012830.png?resize=1400%2C800&ssl=1 4x"},"classes":[]},{"id":20801,"url":"https:\/\/revistacultura.ro\/agenda\/2021\/10\/diploma-2021-1500-mp-de-arta-contemporana\/","url_meta":{"origin":21771,"position":3},"title":"DIPLOMA 2021. 1500 mp de art\u0103 contemporan\u0103","author":"Cultura","date":"6 octombrie 2021","format":false,"excerpt":"DIPLOMA 2021 cuprinde 92 de lucr\u0103ri din 16 specializ\u0103ri diferite \u2013 de la arhitectur\u0103, pictur\u0103 sau fotografie, la scenografie, mod\u0103 sau lucr\u0103ri de metal, sticl\u0103 \u0219i ceramic\u0103. Vizitatorii vor descoperi prin intermediul festivalului diversitatea, complexitatea \u0219i unicitatea genera\u021biei noi de arti\u0219ti rom\u00e2ni. Lucr\u0103rile pot fi admirate \u00een cele 5 puncte\u2026","rel":"","context":"\u00cen \u201ePrimite la redac\u021bie\u201d","block_context":{"text":"Primite la redac\u021bie","link":"https:\/\/revistacultura.ro\/agenda\/category\/primite-la-redactie\/"},"img":{"alt_text":"","src":"https:\/\/i0.wp.com\/revistacultura.ro\/agenda\/wp-content\/uploads\/2021\/10\/rdw_rp_diploma_2021_web_square_08.jpg?resize=350%2C200&ssl=1","width":350,"height":200,"srcset":"https:\/\/i0.wp.com\/revistacultura.ro\/agenda\/wp-content\/uploads\/2021\/10\/rdw_rp_diploma_2021_web_square_08.jpg?resize=350%2C200&ssl=1 1x, https:\/\/i0.wp.com\/revistacultura.ro\/agenda\/wp-content\/uploads\/2021\/10\/rdw_rp_diploma_2021_web_square_08.jpg?resize=525%2C300&ssl=1 1.5x"},"classes":[]},{"id":21055,"url":"https:\/\/revistacultura.ro\/agenda\/2023\/10\/saptamana-viitoare-concertul-regal-caritabil-pe-scena-ateneului-roman\/","url_meta":{"origin":21771,"position":4},"title":"S\u0103pt\u0103m\u00e2na viitoare: Concertul Regal caritabil pe scena Ateneului Rom\u00e2n","author":"Cultura","date":"17 octombrie 2023","format":false,"excerpt":"Concert Regal caritabil pe scena Ateneului Rom\u00e2n, pe 25 octombrie, \u00een sprijinul tinerilor talenta\u021bi ai Rom\u00e2niei 16 octombrie 2023 - Muzicieni de excep\u021bie vor c\u00e2nta pe 25 octombrie, la Ateneul Rom\u00e2n, pentru a sprijini noua genera\u021bie de tineri talenta\u021bi ai Rom\u00e2niei. Concertul Regal Caritabil, organizat de Funda\u021bia Regal\u0103 Margareta a\u2026","rel":"","context":"\u00cen \u201eSemnal\u201d","block_context":{"text":"Semnal","link":"https:\/\/revistacultura.ro\/agenda\/category\/semnal\/"},"img":{"alt_text":"","src":"https:\/\/i0.wp.com\/revistacultura.ro\/agenda\/wp-content\/uploads\/2023\/09\/Vizual-A4-Concert-Regal-2023_RO.webp?resize=350%2C200&ssl=1","width":350,"height":200,"srcset":"https:\/\/i0.wp.com\/revistacultura.ro\/agenda\/wp-content\/uploads\/2023\/09\/Vizual-A4-Concert-Regal-2023_RO.webp?resize=350%2C200&ssl=1 1x, https:\/\/i0.wp.com\/revistacultura.ro\/agenda\/wp-content\/uploads\/2023\/09\/Vizual-A4-Concert-Regal-2023_RO.webp?resize=525%2C300&ssl=1 1.5x, https:\/\/i0.wp.com\/revistacultura.ro\/agenda\/wp-content\/uploads\/2023\/09\/Vizual-A4-Concert-Regal-2023_RO.webp?resize=700%2C400&ssl=1 2x"},"classes":[]},{"id":19787,"url":"https:\/\/revistacultura.ro\/agenda\/2015\/06\/linia-de-productie\/","url_meta":{"origin":21771,"position":5},"title":"Linia de produc\u0163ie","author":"Revista","date":"17 iunie 2015","format":false,"excerpt":"\u00a0 A ap\u0103rut volumul Linia de produc\u0163ie. Lucr\u00e2nd cu arta \u00een care Bogdan Ghiu are \u00een vedere practicile artistice actuale, pe care le analizeaz\u0103 \u015fi le conceptualizeaz\u0103 dintr-o perspectiv\u0103 teoretic\u0103 integratoare \u201ecu totul nea\u015fteptat\u0103\u201c \u2013 cea a traducerii generalizate. \u201eBogdan Ghiu propune metafora transversal\u0103 a liniei de produc\u0163ie de-a lungul\u2026","rel":"","context":"\u00cen \u201eAparitii editoriale\u201d","block_context":{"text":"Aparitii editoriale","link":"https:\/\/revistacultura.ro\/agenda\/category\/aparitii-editoriale\/"},"img":{"alt_text":"","src":"https:\/\/i0.wp.com\/revistacultura.ro\/agenda\/wp-content\/uploads\/2015\/06\/carte.jpg?resize=350%2C200&ssl=1","width":350,"height":200},"classes":[]}],"_links":{"self":[{"href":"https:\/\/revistacultura.ro\/agenda\/wp-json\/wp\/v2\/posts\/21771","targetHints":{"allow":["GET"]}}],"collection":[{"href":"https:\/\/revistacultura.ro\/agenda\/wp-json\/wp\/v2\/posts"}],"about":[{"href":"https:\/\/revistacultura.ro\/agenda\/wp-json\/wp\/v2\/types\/post"}],"author":[{"embeddable":true,"href":"https:\/\/revistacultura.ro\/agenda\/wp-json\/wp\/v2\/users\/1"}],"replies":[{"embeddable":true,"href":"https:\/\/revistacultura.ro\/agenda\/wp-json\/wp\/v2\/comments?post=21771"}],"version-history":[{"count":3,"href":"https:\/\/revistacultura.ro\/agenda\/wp-json\/wp\/v2\/posts\/21771\/revisions"}],"predecessor-version":[{"id":21777,"href":"https:\/\/revistacultura.ro\/agenda\/wp-json\/wp\/v2\/posts\/21771\/revisions\/21777"}],"wp:featuredmedia":[{"embeddable":true,"href":"https:\/\/revistacultura.ro\/agenda\/wp-json\/wp\/v2\/media\/21772"}],"wp:attachment":[{"href":"https:\/\/revistacultura.ro\/agenda\/wp-json\/wp\/v2\/media?parent=21771"}],"wp:term":[{"taxonomy":"category","embeddable":true,"href":"https:\/\/revistacultura.ro\/agenda\/wp-json\/wp\/v2\/categories?post=21771"},{"taxonomy":"post_tag","embeddable":true,"href":"https:\/\/revistacultura.ro\/agenda\/wp-json\/wp\/v2\/tags?post=21771"}],"curies":[{"name":"wp","href":"https:\/\/api.w.org\/{rel}","templated":true}]}}