{"id":21657,"date":"2026-01-31T14:38:12","date_gmt":"2026-01-31T12:38:12","guid":{"rendered":"https:\/\/revistacultura.ro\/agenda\/?p=21657"},"modified":"2026-02-01T14:21:03","modified_gmt":"2026-02-01T12:21:03","slug":"the-art-of-the-game-prima-expozitie-culturala-dedicata-jocurilor-video-din-romania","status":"publish","type":"post","link":"https:\/\/revistacultura.ro\/agenda\/2026\/01\/the-art-of-the-game-prima-expozitie-culturala-dedicata-jocurilor-video-din-romania\/","title":{"rendered":"The Art of the Game \u2013 prima expozi\u021bie cultural\u0103 dedicat\u0103 jocurilor video din Rom\u00e2nia"},"content":{"rendered":"\n<p>The Art of the Game reprezint\u0103 primul eveniment cultural de amploare din Rom\u00e2nia dedicat jocurilor video \u0219i artelor conexe. Organizat de ARCUB la Hanul Gabroveni, proiectul a fost inaugurat pe 8 noiembrie anul trecut \u0219i este deschis publicului p\u00e2n\u0103 pe <strong>1 martie 2026<\/strong>. Evenimentul valorific\u0103 jocurile video (principalul produs de export cultural al Rom\u00e2niei) dintr-o perspectiv\u0103 cultural\u0103 extins\u0103, ca limbaj artistic, instrument educa\u021bional \u0219i spa\u021biu social de colaborare.<\/p>\n\n\n\n<p>Evenimentul a fost conceput ca o experien\u021b\u0103 curatorial\u0103 care reune\u0219te multiple medii artistice. Parcursul expozi\u021biei integreaz\u0103 arte vizuale, muzic\u0103 \u0219i sound design, ilustra\u021bie, instala\u021bii multimedia \u0219i realitate virtual\u0103. Expozi\u021bia include de asemenea sec\u021biuni dedicate istoriei mediului \u0219i proceselor de crea\u021bie din game development. Curatoarea evenimentului este Elvira Lup\u0219a, care colaboreaz\u0103 cu Alina Rizescu \u0219i Bogdan \u0218tef\u0103nescu la design-ul expozi\u021biei, precum \u0219i cu Alexandru Ciubotariu \u0219i Georgiana Toea ca asocia\u021bi curatori \u0219i Claudia Ursu ca asistent curator.<\/p>\n\n\n\n<p>Structura expozi\u021biei este organizat\u0103 pe patru zone principale. Zona \u201eDiscover&#8221; ofer\u0103 o incursiune \u00een cultura vizual\u0103 \u0219i creativ\u0103 a jocurilor video, cuprinz\u00e2nd benzi desenate, muzic\u0103, ilustra\u021bii \u0219i referin\u021be din arta digital\u0103 care au marcat imaginarul \u0219i limbajul estetic al mediului. Sec\u021biunea \u201ePlay&#8221; permite vizitatorilor s\u0103 interac\u021bioneze direct cu jocurile, fie prin explorarea titlurilor retro \u0219i console de colec\u021bie, fie prin descoperirea crea\u021biilor independente contemporane. \u201eCreate &amp; Learn&#8221; prezint\u0103 procesul de creare a jocurilor, de la concept art \u0219i design de sunet p\u00e2n\u0103 la programare \u0219i construc\u021bia de lumi virtuale, explic\u00e2nd toate etapele \u00eentr-un mod accesibil pentru vizitatori de toate v\u00e2rstele \u0219i nivelurile de cuno\u0219tin\u021be. Zona \u201eImmerse&#8221; include instala\u021bii artistice multimedia comisionate special pentru eveniment, experien\u021be de realitate virtual\u0103 \u0219i spa\u021bii tematice.<\/p>\n\n\n\n<p>Expozi\u021bia este deschis\u0103 publicului de miercuri p\u00e2n\u0103 vineri \u00eentre orele 12:00 \u0219i 21:00, iar s\u00e2mb\u0103ta \u0219i duminica \u00eentre 11:00 \u0219i 21:00. Pre\u021burile biletelor variaz\u0103 \u00eentre 30 \u0219i 75 de lei \u00een func\u021bie de categorie \u0219i zi a s\u0103pt\u0103m\u00e2nii, cu tarife reduse pentru copii, studen\u021bi, pensionari \u0219i grupuri.<\/p>\n\n\n\n<p>The Art of the Game este sus\u021binut de Banca Transilvania ca partener principal \u0219i beneficiaz\u0103 de colaborarea Romanian Game Developers Association, Nintendo, PC Garage, AZERO, precum \u0219i institu\u021bii culturale interna\u021bionale precum Institutul Polonez de Cultur\u0103, Centrul Ceh \u0219i Institutul Italian de Cultur\u0103 din Bucure\u0219ti.<\/p>\n\n\n\n<h3 class=\"wp-block-heading has-text-align-center has-nv-site-bg-color has-nv-c-2-background-color has-text-color has-background has-link-color wp-elements-a1c489b0e49edb29e0b499983246303e\"><a href=\"https:\/\/arcub.ro\/eveniment\/the-art-of-the-game\" data-type=\"link\" data-id=\"https:\/\/arcub.ro\/eveniment\/the-art-of-the-game\" target=\"_blank\" rel=\"noreferrer noopener\"><strong>LINK<\/strong><\/a><\/h3>\n","protected":false},"excerpt":{"rendered":"<p>The Art of the Game reprezint\u0103 primul eveniment cultural de amploare din Rom\u00e2nia dedicat jocurilor video \u0219i artelor conexe. Organizat de ARCUB la Hanul Gabroveni, proiectul a fost inaugurat pe 8 noiembrie anul trecut \u0219i este deschis publicului p\u00e2n\u0103 pe 1 martie 2026. Evenimentul valorific\u0103 jocurile video (principalul produs de export cultural al Rom\u00e2niei) dintr-o&hellip;&nbsp;<a href=\"https:\/\/revistacultura.ro\/agenda\/2026\/01\/the-art-of-the-game-prima-expozitie-culturala-dedicata-jocurilor-video-din-romania\/\" rel=\"bookmark\">Cite\u0219te mai mult &raquo;<span class=\"screen-reader-text\">The Art of the Game \u2013 prima expozi\u021bie cultural\u0103 dedicat\u0103 jocurilor video din Rom\u00e2nia<\/span><\/a><\/p>\n","protected":false},"author":1,"featured_media":21658,"comment_status":"open","ping_status":"open","sticky":false,"template":"","format":"standard","meta":{"neve_meta_sidebar":"","neve_meta_container":"","neve_meta_enable_content_width":"","neve_meta_content_width":0,"neve_meta_title_alignment":"","neve_meta_author_avatar":"","neve_post_elements_order":"","neve_meta_disable_header":"","neve_meta_disable_footer":"","neve_meta_disable_title":"","jetpack_post_was_ever_published":false,"_jetpack_newsletter_access":"","_jetpack_dont_email_post_to_subs":false,"_jetpack_newsletter_tier_id":0,"_jetpack_memberships_contains_paywalled_content":false,"_jetpack_memberships_contains_paid_content":false,"footnotes":"","jetpack_publicize_message":"","jetpack_publicize_feature_enabled":true,"jetpack_social_post_already_shared":true,"jetpack_social_options":{"image_generator_settings":{"template":"highway","default_image_id":0,"font":"","enabled":false},"version":2}},"categories":[14],"tags":[],"class_list":["post-21657","post","type-post","status-publish","format-standard","has-post-thumbnail","hentry","category-filme-noi"],"jetpack_publicize_connections":[],"jetpack_featured_media_url":"https:\/\/revistacultura.ro\/agenda\/wp-content\/uploads\/2026\/01\/art-of-game-arcub-immersive.webp","jetpack_sharing_enabled":true,"jetpack-related-posts":[{"id":20266,"url":"https:\/\/revistacultura.ro\/agenda\/2019\/11\/constantin-silvestri-omagiat-la-muzeul-national-cotroceni\/","url_meta":{"origin":21657,"position":0},"title":"Constantin Silvestri, omagiat la Muzeul Na\u021bional Cotroceni","author":"Cultura","date":"4 noiembrie 2019","format":false,"excerpt":"UPDATE: Galerie foto de la eveniment. Imagini de Nini Vasilescu La 50 de ani de la dispari\u021bia marelui muzician Constantin Silvestri, Muzeului Na\u021bional Cotroceni va g\u0103zdui miercuri, 6 noiembrie, ora 19.00, \u00een Salonul Cerchez, evenimentul \"Fenomenul Silvestri. Un portret al dirijorului, compozitorului \u0219i pianistului\", organizat de Radio Rom\u00e2nia Muzical. Manifestarea\u2026","rel":"","context":"\u00cen \u201eRecomand\u0103ri\u201d","block_context":{"text":"Recomand\u0103ri","link":"https:\/\/revistacultura.ro\/agenda\/category\/recomandarile-cultura\/"},"img":{"alt_text":"","src":"https:\/\/i0.wp.com\/revistacultura.ro\/agenda\/wp-content\/uploads\/2019\/11\/logo-cotroceni.jpg?resize=350%2C200&ssl=1","width":350,"height":200,"srcset":"https:\/\/i0.wp.com\/revistacultura.ro\/agenda\/wp-content\/uploads\/2019\/11\/logo-cotroceni.jpg?resize=350%2C200&ssl=1 1x, https:\/\/i0.wp.com\/revistacultura.ro\/agenda\/wp-content\/uploads\/2019\/11\/logo-cotroceni.jpg?resize=525%2C300&ssl=1 1.5x"},"classes":[]},{"id":21704,"url":"https:\/\/revistacultura.ro\/agenda\/2026\/02\/identitati-2026-debutul-artistic-al-noii-generatii-de-bursieri-ai-programului-tinere-talente\/","url_meta":{"origin":21657,"position":1},"title":"Identit\u0103\u021bi 2026: debutul artistic al noii genera\u021bii de bursieri ai programului Tinere Talente","author":"Cultura","date":"27 februarie 2026","format":false,"excerpt":"36 de tineri arti\u0219ti vizuali \u0219i muzicieni, sus\u021binu\u021bi de c\u0103tre Funda\u021bia Regal\u0103 Margareta a Rom\u00e2niei, se prezint\u0103 publicului pe 2 martie, la Elite Art Gallery, Bucure\u0219ti 26 februarie 2026\u00a0\u00a0\u00a0\u00a0\u00a0 Funda\u021bia Regal\u0103 Margareta a Rom\u00e2niei anun\u021b\u0103 Identit\u0103\u021bi, evenimentul care marcheaz\u0103 debutul public al genera\u021biei 2026 a programului na\u021bional Tinere Talente: 36\u2026","rel":"","context":"\u00cen \u201eProiecte sus\u021binute de revista CULTURA\u201d","block_context":{"text":"Proiecte sus\u021binute de revista CULTURA","link":"https:\/\/revistacultura.ro\/agenda\/category\/parteneriate\/"},"img":{"alt_text":"","src":"https:\/\/i0.wp.com\/revistacultura.ro\/agenda\/wp-content\/uploads\/2026\/02\/Vizual-Identitati-2026.webp?resize=350%2C200&ssl=1","width":350,"height":200,"srcset":"https:\/\/i0.wp.com\/revistacultura.ro\/agenda\/wp-content\/uploads\/2026\/02\/Vizual-Identitati-2026.webp?resize=350%2C200&ssl=1 1x, https:\/\/i0.wp.com\/revistacultura.ro\/agenda\/wp-content\/uploads\/2026\/02\/Vizual-Identitati-2026.webp?resize=525%2C300&ssl=1 1.5x, https:\/\/i0.wp.com\/revistacultura.ro\/agenda\/wp-content\/uploads\/2026\/02\/Vizual-Identitati-2026.webp?resize=700%2C400&ssl=1 2x"},"classes":[]},{"id":20972,"url":"https:\/\/revistacultura.ro\/agenda\/2023\/05\/s-a-deschis-vanzarea-de-bilete-la-spectacolul-cu-john-malkovich-din-iulie-la-timisoara\/","url_meta":{"origin":21657,"position":2},"title":"S-a deschis v\u00e2nzarea de bilete la spectacolul cu John Malkovich din iulie, la Timi\u0219oara","author":"Cultura","date":"22 mai 2023","format":false,"excerpt":"Printre cele mai importante evenimente din cadrul programelor Capitala Cultural\u0103, spectacolul \u201eComedia infernal\u0103\u201d va aduce pe scena TNTm unul dintre cei mai importan\u021bi \u0219i mai notorii actori ai cinematografiei mondiale. Teatrul Na\u021bional din Timi\u0219oara anun\u021b\u0103 punerea \u00een v\u00e2nzare a biletelor pentru spectacolul THE INFERNAL COMEDY de Michael Sturminger, av\u00e2ndu-l ca\u2026","rel":"","context":"\u00cen \u201eAgenda culturala\u201d","block_context":{"text":"Agenda culturala","link":"https:\/\/revistacultura.ro\/agenda\/category\/agenda-cultura\/"},"img":{"alt_text":"","src":"https:\/\/i0.wp.com\/revistacultura.ro\/agenda\/wp-content\/uploads\/2023\/05\/afis.jpg?resize=350%2C200&ssl=1","width":350,"height":200,"srcset":"https:\/\/i0.wp.com\/revistacultura.ro\/agenda\/wp-content\/uploads\/2023\/05\/afis.jpg?resize=350%2C200&ssl=1 1x, https:\/\/i0.wp.com\/revistacultura.ro\/agenda\/wp-content\/uploads\/2023\/05\/afis.jpg?resize=525%2C300&ssl=1 1.5x"},"classes":[]},{"id":20252,"url":"https:\/\/revistacultura.ro\/agenda\/2019\/10\/concertul-regal-caritabil-pentru-sustinerea-burselor-tinere-talente\/","url_meta":{"origin":21657,"position":3},"title":"Concertul Regal Caritabil pentru sus\u021binerea burselor Tinere Talente","author":"Cultura","date":"29 octombrie 2019","format":false,"excerpt":"Vineri, 25 octombrie 2019, Funda\u021bia Regal\u0103 Margareta a Rom\u00e2niei\u00a0a organizat un nou eveniment caritabil de succes \u2013 Concertul Regal la Ateneul Rom\u00e2n, aflat la cea de-a dou\u0103sprezecea edi\u021bie. Protagoni\u0219tii evenimentului, soprana Cellia Costea, tenorul Teodor Ilinc\u0103i \u0219i Orchestra Rom\u00e2n\u0103 de Tineret, dirijat\u0103 de Gabriel Bebe\u0219elea, au adus magia pe scen\u0103,\u2026","rel":"","context":"\u00cen \u201ecomunicate\u201d","block_context":{"text":"comunicate","link":"https:\/\/revistacultura.ro\/agenda\/category\/comunicate\/"},"img":{"alt_text":"","src":"https:\/\/i0.wp.com\/revistacultura.ro\/agenda\/wp-content\/uploads\/2019\/10\/concert-regal-la-ateneu.jpg?resize=350%2C200&ssl=1","width":350,"height":200,"srcset":"https:\/\/i0.wp.com\/revistacultura.ro\/agenda\/wp-content\/uploads\/2019\/10\/concert-regal-la-ateneu.jpg?resize=350%2C200&ssl=1 1x, https:\/\/i0.wp.com\/revistacultura.ro\/agenda\/wp-content\/uploads\/2019\/10\/concert-regal-la-ateneu.jpg?resize=525%2C300&ssl=1 1.5x, https:\/\/i0.wp.com\/revistacultura.ro\/agenda\/wp-content\/uploads\/2019\/10\/concert-regal-la-ateneu.jpg?resize=700%2C400&ssl=1 2x"},"classes":[]},{"id":21348,"url":"https:\/\/revistacultura.ro\/agenda\/2025\/08\/septembrie-festivalul-international-de-poezie-bucuresti-2025\/","url_meta":{"origin":21657,"position":4},"title":"septembrie: Festivalul Interna\u021bional de Poezie Bucure\u0219ti 2025","author":"Cultura","date":"30 august 2025","format":false,"excerpt":"\u00cen perioada 15\u201321 septembrie 2025, Bucure\u0219tiul devine gazda celei de-a XV-a edi\u021bii a Festivalului Interna\u021bional de Poezie Bucure\u0219ti (FIPB), cel mai important eveniment poetic din Rom\u00e2nia \u0219i unul dintre cele mai vizibile din Europa de Est. Evenimentul reune\u0219te aproape 200 de poe\u021bi din peste 30 de \u021b\u0103ri, de pe patru\u2026","rel":"","context":"\u00cen \u201eAgenda culturala\u201d","block_context":{"text":"Agenda culturala","link":"https:\/\/revistacultura.ro\/agenda\/category\/agenda-cultura\/"},"img":{"alt_text":"","src":"https:\/\/i0.wp.com\/revistacultura.ro\/agenda\/wp-content\/uploads\/2025\/08\/FIPB2025_comunicat.webp?resize=350%2C200&ssl=1","width":350,"height":200,"srcset":"https:\/\/i0.wp.com\/revistacultura.ro\/agenda\/wp-content\/uploads\/2025\/08\/FIPB2025_comunicat.webp?resize=350%2C200&ssl=1 1x, https:\/\/i0.wp.com\/revistacultura.ro\/agenda\/wp-content\/uploads\/2025\/08\/FIPB2025_comunicat.webp?resize=525%2C300&ssl=1 1.5x, https:\/\/i0.wp.com\/revistacultura.ro\/agenda\/wp-content\/uploads\/2025\/08\/FIPB2025_comunicat.webp?resize=700%2C400&ssl=1 2x"},"classes":[]},{"id":21437,"url":"https:\/\/revistacultura.ro\/agenda\/2025\/10\/imagini-din-expozitia-personala-dorina-horatau\/","url_meta":{"origin":21657,"position":5},"title":"Imagini din expozi\u021bia personal\u0103 Dorina Hor\u0103t\u0103u","author":"Cultura","date":"1 octombrie 2025","format":false,"excerpt":"\u00cen perioada 23 - 30 septembrie 2025, la Galeria Senat de la Combinatul Fondului Plastic, a avut loc expozi\u021bia \u201e16M2\u201d a artistei vizuale Dorina Hor\u0103t\u0103u. Evenimentul a prezentat o instala\u021bie cu lucr\u0103ri din seria \u201e16 metri p\u0103tra\u021bi\u201d, realizate de artist\u0103 \u00een intervalul 2014-2025. Curatorul expozi\u021biei a fost Ruxandra Demetrescu, istoric\u2026","rel":"","context":"\u00cen \u201eAgenda culturala\u201d","block_context":{"text":"Agenda culturala","link":"https:\/\/revistacultura.ro\/agenda\/category\/agenda-cultura\/"},"img":{"alt_text":"","src":"https:\/\/i0.wp.com\/revistacultura.ro\/agenda\/wp-content\/uploads\/2025\/10\/expo_dorina_horatau.webp?resize=350%2C200&ssl=1","width":350,"height":200,"srcset":"https:\/\/i0.wp.com\/revistacultura.ro\/agenda\/wp-content\/uploads\/2025\/10\/expo_dorina_horatau.webp?resize=350%2C200&ssl=1 1x, https:\/\/i0.wp.com\/revistacultura.ro\/agenda\/wp-content\/uploads\/2025\/10\/expo_dorina_horatau.webp?resize=525%2C300&ssl=1 1.5x, https:\/\/i0.wp.com\/revistacultura.ro\/agenda\/wp-content\/uploads\/2025\/10\/expo_dorina_horatau.webp?resize=700%2C400&ssl=1 2x"},"classes":[]}],"_links":{"self":[{"href":"https:\/\/revistacultura.ro\/agenda\/wp-json\/wp\/v2\/posts\/21657","targetHints":{"allow":["GET"]}}],"collection":[{"href":"https:\/\/revistacultura.ro\/agenda\/wp-json\/wp\/v2\/posts"}],"about":[{"href":"https:\/\/revistacultura.ro\/agenda\/wp-json\/wp\/v2\/types\/post"}],"author":[{"embeddable":true,"href":"https:\/\/revistacultura.ro\/agenda\/wp-json\/wp\/v2\/users\/1"}],"replies":[{"embeddable":true,"href":"https:\/\/revistacultura.ro\/agenda\/wp-json\/wp\/v2\/comments?post=21657"}],"version-history":[{"count":1,"href":"https:\/\/revistacultura.ro\/agenda\/wp-json\/wp\/v2\/posts\/21657\/revisions"}],"predecessor-version":[{"id":21659,"href":"https:\/\/revistacultura.ro\/agenda\/wp-json\/wp\/v2\/posts\/21657\/revisions\/21659"}],"wp:featuredmedia":[{"embeddable":true,"href":"https:\/\/revistacultura.ro\/agenda\/wp-json\/wp\/v2\/media\/21658"}],"wp:attachment":[{"href":"https:\/\/revistacultura.ro\/agenda\/wp-json\/wp\/v2\/media?parent=21657"}],"wp:term":[{"taxonomy":"category","embeddable":true,"href":"https:\/\/revistacultura.ro\/agenda\/wp-json\/wp\/v2\/categories?post=21657"},{"taxonomy":"post_tag","embeddable":true,"href":"https:\/\/revistacultura.ro\/agenda\/wp-json\/wp\/v2\/tags?post=21657"}],"curies":[{"name":"wp","href":"https:\/\/api.w.org\/{rel}","templated":true}]}}