{"id":21646,"date":"2026-01-30T22:23:31","date_gmt":"2026-01-30T20:23:31","guid":{"rendered":"https:\/\/revistacultura.ro\/agenda\/?p=21646"},"modified":"2026-01-30T22:25:41","modified_gmt":"2026-01-30T20:25:41","slug":"filmul-catane-este-in-cinematografe","status":"publish","type":"post","link":"https:\/\/revistacultura.ro\/agenda\/2026\/01\/filmul-catane-este-in-cinematografe\/","title":{"rendered":"Filmul \u201eCatane\u201d este \u00een cinematografe"},"content":{"rendered":"\n<p>Filmul \u201eCatane\u201d, debutul \u00een lungmetraj al Ioanei Mischie, este una dintre cele mai a\u0219teptate premiere rom\u00e2ne\u0219ti din acest an. O campanie de promovare foarte bine articulat\u0103 l-a transformat \u00eentr-o produc\u021bie de larg interes. O comedie special\u0103 \u0219i ingenioas\u0103 despre problemele \u0219i solu\u021biile locuitorilor unui sat uitat de lume, vizitat de o comisie desemnat\u0103 s\u0103 investigheze dosarele de acordare a ajutoarelor sociale, \u201eCatane\u201d prezint\u0103, cu umor \u0219i bl\u00e2nde\u021be, o situa\u021bie absurd\u0103.<\/p>\n\n\n\n<blockquote class=\"wp-block-quote is-layout-flow wp-block-quote-is-layout-flow\">\n<p>\u201eFilmul CATANE are multe de oferit fiec\u0103rei genera\u021bii \u00een parte. Mi-ar pl\u0103cea ca filmul rom\u00e2nesc s\u0103 devin\u0103 un prilej constant de \u00eent\u00e2lnire, un ritual calitativ pentru autocunoa\u0219tere \u0219i conectare. A\u0219 vrea ca spectatorii s\u0103 r\u0103m\u00e2n\u0103 cu o colec\u021bie de \u00eentreb\u0103ri vitale: Cum putem explora situa\u021bii tabu f\u0103r\u0103 a le judeca? Cum putem atinge o form\u0103 de vindecare colectiv\u0103? Cum putem valorifica umorul ca liant aproape terapeutic?\u201d<\/p>\n<cite>Ioana Mischie<\/cite><\/blockquote>\n\n\n\n<p>\u201eCatane\u201d este un film-manifest, cu o distribu\u021bie de excep\u021bie, reunindu-i pe Costel Ca\u0219caval, Iulia Lum\u00e2nare,<br \/>Cristian Bota \u00een rolurile principale, propun\u00e2nd o satir\u0103 savuroas\u0103, care \u00eembin\u0103 poezia vizual\u0103 \u0219i umorul inteligent \u00eentr-un stil cinematografic distinct. Filmul urm\u0103re\u0219te at\u00e2t motiva\u021bia locuitorilor unui sat de a ob\u021bine ajutoare sociale pentru handicap p\u0103c\u0103lind autorit\u0103\u021bile, dup\u0103 ce au epuizat orice mijloace de a g\u0103si solu\u021bii decente \u0219i legale de a supravie\u021bui, c\u00e2t \u0219i parcursul unei anchete de care se ocup\u0103 trei inspectori trimi\u0219i \u00een sat pentru a descoperi adev\u0103rul. Abordare creativ\u0103 curajoas\u0103, tonul poetic, premisa narativ\u0103 atipic\u0103, distribu\u021bia multi-genera\u021bional\u0103, imaginea de film sofisticat\u0103 \u0219i muzica original\u0103 aduc \u00een prim-plan o nou\u0103 abordare cinematografic\u0103.<\/p>\n\n\n\n<p>Filmul a fost descris de presa interna\u021bional\u0103 drept un \u201edeliciu pentru public\u201d (Film New Europe), \u201epoetic, umoristic \u0219i satiric\u201d (Cineuropa), \u201eo comedie dramatic\u0103, surprinz\u00e2nd o r\u0103sturnare de situa\u021bie cu umor negru\u201d (Variety), \u201eunic \u00een cinematografia rom\u00e2n\u0103\u201d (FNE). <\/p>\n\n\n\n<p>\u201eCatane\u201d se recomand\u0103 a fi o produc\u021bie verde, filmat\u0103 pe parcursul a 19 zile, \u00een 2023. Pentru realizarea sa au fost utilizate resurse, decoruri \u0219i obiecte conform unei metodologii inovatoare \u00een industrie pentru a reduce amprenta de carbon \u0219i pentru a promova practici sustenabile \u00een cinematografie.<\/p>\n\n\n\n<p class=\"has-nv-text-dark-bg-color has-neve-link-color-background-color has-text-color has-background has-link-color wp-elements-58715416630cc7e36dff04739aed1416\"><a href=\"https:\/\/www.youtube.com\/watch?v=Ze29q2saYZw\" target=\"_blank\" rel=\"noreferrer noopener\">TRAILER<\/a>\u00a0<\/p>\n\n\n\n<h4 class=\"wp-block-heading\">Echipa:<\/h4>\n\n\n\n<p>Directorul de imagine al filmului este\u00a0<strong>George D\u0103sc\u0103lescu<\/strong>\u00a0(\u201eUn pas \u00een urma serafimilor\u201d, \u201eBani Negri\u201d, r. Daniel Sandu), production designer este\u00a0<strong>Cristina Barbu<\/strong>\u00a0(\u201eMoartea domnului L\u0103z\u0103rescu\u201d, r. Cristi Puiu), direc\u021bia artistic\u0103 a fost realizat\u0103 in colaborare cu\u00a0<strong>Bogdan Ionescu<\/strong>\u00a0(\u201eMetronom\u201d, r. Alexandru Belc).\u00a0 Montajul a fost realizat de\u00a0<strong>Ciprian Cimpoi<\/strong>\u00a0(\u201eTata , r. Lina Vdov\u00eei, Radu Ciorniciuc, \u201eCaptura\u201d r. Adi Voicu, \u201eSieranevada\u201d, r. Cristi Puiu). De sound design s-a ocupat\u00a0<strong>\u0218tefan Damian<\/strong>, de sound mix\u00a0<strong>Valerio Brini\u00a0<\/strong>(\u201cAnatomy of a Fall\u201d r. Justine Triet, Palm D\u2019Or Cannes), iar colorizarea este realizat\u0103 de\u00a0<strong>Angelo Francavilla\u00a0<\/strong>(cunoscut pentru \u201cGomorra\u201d in regia lui Matteo Garrone &#8211; Grand Prix Cannes). Muzica original\u0103 este realizat\u0103 de\u00a0<strong>Emiliano Mazzenga<\/strong>, \u00een timp ce muzica live este interpretat\u0103 de\u00a0<strong>Taraf de Caliu<\/strong>.<br \/>Posterul filmului este ilustrat de artista rom\u00e2no-italian\u0103 M\u0103d\u0103lina Andronic, cu grafic\u0103 ad\u0103ugat\u0103 de Studio Shentzu. Trailerul este editat de Cristian Vieriu \u0219i Bogdan Jugureanu, cu muzic\u0103 original\u0103 semnat\u0103 de Alexei \u021aurcan.<\/p>\n","protected":false},"excerpt":{"rendered":"<p>Filmul \u201eCatane\u201d, debutul \u00een lungmetraj al Ioanei Mischie, este una dintre cele mai a\u0219teptate premiere rom\u00e2ne\u0219ti din acest an. O campanie de promovare foarte bine articulat\u0103 l-a transformat \u00eentr-o produc\u021bie de larg interes. O comedie special\u0103 \u0219i ingenioas\u0103 despre problemele \u0219i solu\u021biile locuitorilor unui sat uitat de lume, vizitat de o comisie desemnat\u0103 s\u0103 investigheze&hellip;&nbsp;<a href=\"https:\/\/revistacultura.ro\/agenda\/2026\/01\/filmul-catane-este-in-cinematografe\/\" rel=\"bookmark\">Cite\u0219te mai mult &raquo;<span class=\"screen-reader-text\">Filmul \u201eCatane\u201d este \u00een cinematografe<\/span><\/a><\/p>\n","protected":false},"author":1,"featured_media":21647,"comment_status":"open","ping_status":"open","sticky":false,"template":"","format":"standard","meta":{"neve_meta_sidebar":"","neve_meta_container":"","neve_meta_enable_content_width":"","neve_meta_content_width":0,"neve_meta_title_alignment":"","neve_meta_author_avatar":"","neve_post_elements_order":"","neve_meta_disable_header":"","neve_meta_disable_footer":"","neve_meta_disable_title":"","jetpack_post_was_ever_published":false,"_jetpack_newsletter_access":"","_jetpack_dont_email_post_to_subs":false,"_jetpack_newsletter_tier_id":0,"_jetpack_memberships_contains_paywalled_content":false,"_jetpack_memberships_contains_paid_content":false,"footnotes":"","jetpack_publicize_message":"","jetpack_publicize_feature_enabled":true,"jetpack_social_post_already_shared":true,"jetpack_social_options":{"image_generator_settings":{"template":"highway","default_image_id":0,"font":"","enabled":false},"version":2}},"categories":[14],"tags":[1031,1032],"class_list":["post-21646","post","type-post","status-publish","format-standard","has-post-thumbnail","hentry","category-filme-noi","tag-film-romanesc","tag-filme-de-comedie"],"jetpack_publicize_connections":[],"jetpack_featured_media_url":"https:\/\/revistacultura.ro\/agenda\/wp-content\/uploads\/2026\/01\/Premiera_Catane.webp","jetpack_sharing_enabled":true,"jetpack-related-posts":[{"id":19237,"url":"https:\/\/revistacultura.ro\/agenda\/2014\/07\/uniforma-vinovatului\/","url_meta":{"origin":21646,"position":0},"title":"Uniforma vinovatului","author":"Revista","date":"10 iulie 2014","format":false,"excerpt":"\u00a0 \u00centre revela\u0163iile din ultimii ani ai cinematografiei ruse, Iuri Bikov este, cu siguran\u0163\u0103, cap de list\u0103. F\u0103r\u0103 s\u0103 aib\u0103 studii de specialitate cu patalama, t\u00e2n\u0103rul regizor \u015fi actor a furat meserie de la mae\u015ftri \u015fi, dup\u0103 cum se vede, \u015fi-a \u00eensu\u015fit-o bine. A \u015ftiut ce s\u0103 fure \u015fi, mai\u2026","rel":"","context":"\u00cen \u201eFilme noi\u201d","block_context":{"text":"Filme noi","link":"https:\/\/revistacultura.ro\/agenda\/category\/filme-noi\/"},"img":{"alt_text":"","src":"https:\/\/i0.wp.com\/revistacultura.ro\/agenda\/wp-content\/uploads\/2014\/07\/The_Major.jpg?resize=350%2C200&ssl=1","width":350,"height":200,"srcset":"https:\/\/i0.wp.com\/revistacultura.ro\/agenda\/wp-content\/uploads\/2014\/07\/The_Major.jpg?resize=350%2C200&ssl=1 1x, https:\/\/i0.wp.com\/revistacultura.ro\/agenda\/wp-content\/uploads\/2014\/07\/The_Major.jpg?resize=525%2C300&ssl=1 1.5x"},"classes":[]},{"id":18676,"url":"https:\/\/revistacultura.ro\/agenda\/2014\/04\/filmul-stepping-out\/","url_meta":{"origin":21646,"position":1},"title":"Filmul Stepping Out","author":"Revista","date":"10 aprilie 2014","format":false,"excerpt":"Maria Dinulescu, premiul pentru Cea mai bun\u0103 actri\u0163\u0103 Filmul Stepping Out a c\u00e2\u015ftigat dou\u0103 premii importante la The LA Indie Film Festival, pentru Cea mai bun\u0103 actri\u0163\u0103 (rom\u00e2nca Maria Dinulescu) \u015fi premiul pentru Cel mai bun regizor de film, Nataliya Padilla. Filmul va participa \u015fi la sec\u0163iunea Short Film Corner\u2026","rel":"","context":"\u00cen \u201eAgenda culturala\u201d","block_context":{"text":"Agenda culturala","link":"https:\/\/revistacultura.ro\/agenda\/category\/agenda-cultura\/"},"img":{"alt_text":"","src":"","width":0,"height":0},"classes":[]},{"id":19672,"url":"https:\/\/revistacultura.ro\/agenda\/2015\/01\/documentarul-toto-si-surorile-lui-de-alexander-nanau-la-festivalul-de-film-de-la-rotterdam\/","url_meta":{"origin":21646,"position":2},"title":"Documentarul Toto \u015fi surorile lui, de Alexander Nanau, la Festivalul de Film de la Rotterdam","author":"Revista","date":"28 ianuarie 2015","format":false,"excerpt":"\u00a0 Filmul de lung metraj Toto \u015fi surorile lui, de Alexander Nanau, va fi proiectat \u00een sec\u0163iunea \u201eSpectrum\u201c a Festivalului Interna\u0163ional de Film de la Rotterdam, desf\u0103\u015furat \u00eentre 21 ianuarie \u015fi 1 februarie. Documentarul este coprodus de HBO Europe \u015fi Strada Film, \u00een parteneriat cu Alexander Nanau Production, \u015fi regizat\u2026","rel":"","context":"\u00cen \u201eFilme noi\u201d","block_context":{"text":"Filme noi","link":"https:\/\/revistacultura.ro\/agenda\/category\/filme-noi\/"},"img":{"alt_text":"","src":"","width":0,"height":0},"classes":[]},{"id":18813,"url":"https:\/\/revistacultura.ro\/agenda\/2014\/04\/cartile-repara-viata-filmul-hotul-de-carti\/","url_meta":{"origin":21646,"position":3},"title":"C\u0103r\u0163ile repar\u0103 via\u0163a, filmul Ho\u0163ul de c\u0103r\u0163i","author":"Revista","date":"17 aprilie 2014","format":false,"excerpt":"Daca nu l-ati vazut \u00eenca, merita sa-l vedeti. E un film altfel despre inocenta, curaj, \u00eencredere pe fundalul ascensiunii nazismului \u00eentr-una dintre cele mai \u00eentunecate perioade ale secolului XX. Ecranizare a bestseller-ului semnat de Markus Zusack (publicat si de Editura RAO), \u00een regia lui Brian Percival, The Book Thief\/ Hotul\u2026","rel":"","context":"\u00cen \u201eAgenda culturala\u201d","block_context":{"text":"Agenda culturala","link":"https:\/\/revistacultura.ro\/agenda\/category\/agenda-cultura\/"},"img":{"alt_text":"","src":"","width":0,"height":0},"classes":[]},{"id":19439,"url":"https:\/\/revistacultura.ro\/agenda\/2014\/10\/filmul-romanesc-in-lume\/","url_meta":{"origin":21646,"position":4},"title":"Filmul rom\u00e2nesc  \u00een lume","author":"Revista","date":"9 octombrie 2014","format":false,"excerpt":"\u00a0 \u00centre 9 \u015fi 18 octombrie, produc\u0163iile C\u00e2nd se las\u0103 seara peste Bucure\u015fti sau Metabolism, regia Corneliu Porumboiu \u015fi C\u00e2inele japonez, regia Tudor Cristian Jurgiu, particip\u0103 la Festivalul Interna\u0163ional de Film din Haifa, Israel. Proiec\u0163ia filmelor este posibil\u0103 cu sprijinul ICR Tel Aviv. \u00cen fiecare an, timp de opt zile,\u2026","rel":"","context":"\u00cen \u201eAgenda culturala\u201d","block_context":{"text":"Agenda culturala","link":"https:\/\/revistacultura.ro\/agenda\/category\/agenda-cultura\/"},"img":{"alt_text":"","src":"https:\/\/i0.wp.com\/revistacultura.ro\/agenda\/wp-content\/uploads\/2014\/10\/Cainele-Japonez.jpg?resize=350%2C200&ssl=1","width":350,"height":200,"srcset":"https:\/\/i0.wp.com\/revistacultura.ro\/agenda\/wp-content\/uploads\/2014\/10\/Cainele-Japonez.jpg?resize=350%2C200&ssl=1 1x, https:\/\/i0.wp.com\/revistacultura.ro\/agenda\/wp-content\/uploads\/2014\/10\/Cainele-Japonez.jpg?resize=525%2C300&ssl=1 1.5x, https:\/\/i0.wp.com\/revistacultura.ro\/agenda\/wp-content\/uploads\/2014\/10\/Cainele-Japonez.jpg?resize=700%2C400&ssl=1 2x"},"classes":[]},{"id":18584,"url":"https:\/\/revistacultura.ro\/agenda\/2014\/04\/borgman\/","url_meta":{"origin":21646,"position":5},"title":"Borgman","author":"Revista","date":"3 aprilie 2014","format":false,"excerpt":"Nu e dracul chiar at\u00e2t de negru, dac\u0103 a luat at\u00e2t de multe premii. Dar nici roz nu e. Filmul, nominalizat anul trecut la Cannes, este str\u0103lucitor prin amestecul de oroare \u015fi amuzament, de monstruos \u015fi familiar. Dar nu e perfect. La final ve\u0163i constata c\u0103 unele momente au fost\u2026","rel":"","context":"\u00cen \u201eRecomand\u0103ri\u201d","block_context":{"text":"Recomand\u0103ri","link":"https:\/\/revistacultura.ro\/agenda\/category\/recomandarile-cultura\/"},"img":{"alt_text":"","src":"","width":0,"height":0},"classes":[]}],"_links":{"self":[{"href":"https:\/\/revistacultura.ro\/agenda\/wp-json\/wp\/v2\/posts\/21646","targetHints":{"allow":["GET"]}}],"collection":[{"href":"https:\/\/revistacultura.ro\/agenda\/wp-json\/wp\/v2\/posts"}],"about":[{"href":"https:\/\/revistacultura.ro\/agenda\/wp-json\/wp\/v2\/types\/post"}],"author":[{"embeddable":true,"href":"https:\/\/revistacultura.ro\/agenda\/wp-json\/wp\/v2\/users\/1"}],"replies":[{"embeddable":true,"href":"https:\/\/revistacultura.ro\/agenda\/wp-json\/wp\/v2\/comments?post=21646"}],"version-history":[{"count":3,"href":"https:\/\/revistacultura.ro\/agenda\/wp-json\/wp\/v2\/posts\/21646\/revisions"}],"predecessor-version":[{"id":21651,"href":"https:\/\/revistacultura.ro\/agenda\/wp-json\/wp\/v2\/posts\/21646\/revisions\/21651"}],"wp:featuredmedia":[{"embeddable":true,"href":"https:\/\/revistacultura.ro\/agenda\/wp-json\/wp\/v2\/media\/21647"}],"wp:attachment":[{"href":"https:\/\/revistacultura.ro\/agenda\/wp-json\/wp\/v2\/media?parent=21646"}],"wp:term":[{"taxonomy":"category","embeddable":true,"href":"https:\/\/revistacultura.ro\/agenda\/wp-json\/wp\/v2\/categories?post=21646"},{"taxonomy":"post_tag","embeddable":true,"href":"https:\/\/revistacultura.ro\/agenda\/wp-json\/wp\/v2\/tags?post=21646"}],"curies":[{"name":"wp","href":"https:\/\/api.w.org\/{rel}","templated":true}]}}